{"id":5599,"date":"2020-01-21T09:15:57","date_gmt":"2020-01-21T12:15:57","guid":{"rendered":"https:\/\/justicapotiguar.com.br\/?p=5599"},"modified":"2020-01-21T09:17:48","modified_gmt":"2020-01-21T12:17:48","slug":"mpf-obtem-condenacao-de-deputado-estadual-galeno-torquato-por-improbidade-administrativa","status":"publish","type":"post","link":"https:\/\/justicapotiguar.com.br\/index.php\/2020\/01\/21\/mpf-obtem-condenacao-de-deputado-estadual-galeno-torquato-por-improbidade-administrativa\/","title":{"rendered":"MPF obt\u00e9m condena\u00e7\u00e3o de deputado estadual Galeno Torquato por improbidade administrativa"},"content":{"rendered":"\n<p><\/p>\n\n\n\n<figure class=\"wp-block-image\"><img loading=\"lazy\" width=\"600\" height=\"338\" src=\"https:\/\/justicapotiguar.com.br\/wp-content\/uploads\/2020\/01\/galeno.jpg\" alt=\"\" class=\"wp-image-5600\" srcset=\"https:\/\/justicapotiguar.com.br\/wp-content\/uploads\/2020\/01\/galeno.jpg 600w, https:\/\/justicapotiguar.com.br\/wp-content\/uploads\/2020\/01\/galeno-300x169.jpg 300w\" sizes=\"(max-width: 600px) 100vw, 600px\" \/><figcaption>Reprodu\u00e7\u00e3o\/ALRN<\/figcaption><\/figure>\n\n\n\n<p>O Minist\u00e9rio P\u00fablico Federal (MPF) obteve a condena\u00e7\u00e3o do deputado estadual Galeno Torquato por improbidade administrativa. Ele participou de um esquema que utilizou recursos p\u00fablicos para favorecer uma empresa particular na contrata\u00e7\u00e3o de bandas para a festa junina do Munic\u00edpio de S\u00e3o Miguel em 2010, quando era prefeito do munic\u00edpio.<br><\/p>\n\n\n\n<p>Al\u00e9m de Galeno Torquato, foram condenados o ex-presidente da Comiss\u00e3o Permanente de Licita\u00e7\u00e3o (CPL) de S\u00e3o Miguel, Walkei Paulo Pessoas Freitas; o empres\u00e1rio Ant\u00f4nio Andr\u00e9 Sobrinho; e empresa deste \u00faltimo, a \u00c9den Representa\u00e7\u00f5es Art\u00edsticas (nome de fantasia da empresa Ant\u00f4nio Andr\u00e9 Sobrinho ME).<br><\/p>\n\n\n\n<p>O deputado e Walkei Paulo foram sentenciados \u00e0 suspens\u00e3o dos direitos pol\u00edticos pelo prazo de cinco anos e multa (R$ 10 mil para o primeiro e R$ 5 mil para o segundo). O empres\u00e1rio, por sua vez, recebeu como senten\u00e7a multa de R$ 5 mil e proibi\u00e7\u00e3o de contratar com o Poder P\u00fablico ou receber benef\u00edcios ou incentivos fiscais pelo prazo de cinco anos, mesma pena aplicada \u00e0 sua empresa.<br><\/p>\n\n\n\n<p><strong>Irregularidades &#8211;<\/strong>&nbsp;Em 2010, o Munic\u00edpio de S\u00e3o Miguel \u2013 ent\u00e3o administrado por Galeno Torquato \u2013 firmou um conv\u00eanio com o Minist\u00e9rio do Turismo no valor de R$ 172 mil para a contrata\u00e7\u00e3o de bandas que animariam o chamado \u201cS\u00e3o Jo\u00e3o da Serra\/17\u00ba Arrai\u00e1 do Tio K\u00e1lica\u201d. Os grupos musicais se apresentaram, por\u00e9m o contrato foi firmado atrav\u00e9s de um procedimento de inexigibilidade de licita\u00e7\u00e3o fraudulento.<br><\/p>\n\n\n\n<p>Em 19 de mar\u00e7o de 2010, a CPL presidida por Walkei Paulo solicitou a abertura de \u201cprocedimento de inexigibilidade de licita\u00e7\u00e3o para a contrata\u00e7\u00e3o de empresa especializada em realiza\u00e7\u00f5es de eventos art\u00edsticos\u201d, sem especificar as justificativas ou sequer apresentar pesquisa pr\u00e9via de pre\u00e7os que demonstrasse a inviabilidade de promover uma licita\u00e7\u00e3o.<br><\/p><div class=\"obyaq69f47d774ccc8\" ><!--<a href=\"https:\/\/bit.ly\/3QdrqTZ\" target=\"_blank\">\n<img src=\"https:\/\/justicapotiguar.com.br\/wp-content\/uploads\/2023\/09\/mobile-geral.gif\"\/><a\/>--><\/div><style type=\"text\/css\">\r\n.obyaq69f47d774ccc8 {\r\ntext-align: center;\r\n}\r\n@media screen and (min-width: 1201px) {\r\n.obyaq69f47d774ccc8 {\r\ndisplay: none;\r\n}\r\n}\r\n@media screen and (min-width: 993px) and (max-width: 1200px) {\r\n.obyaq69f47d774ccc8 {\r\ndisplay: none;\r\n}\r\n}\r\n@media screen and (min-width: 769px) and (max-width: 992px) {\r\n.obyaq69f47d774ccc8 {\r\ndisplay: none;\r\n}\r\n}\r\n@media screen and (min-width: 768px) and (max-width: 768px) {\r\n.obyaq69f47d774ccc8 {\r\ndisplay: block;\r\n}\r\n}\r\n@media screen and (max-width: 767px) {\r\n.obyaq69f47d774ccc8 {\r\ndisplay: block;\r\n}\r\n}\r\n<\/style>\r\n<div class=\"edclv69f47d774ccb3\" ><!--<a href=\"https:\/\/bit.ly\/3QdrqTZ\" target=\"_blank\">\n<img src=\"https:\/\/justicapotiguar.com.br\/wp-content\/uploads\/2023\/09\/desktop-geral.gif\"\/><a\/>--><\/div><style type=\"text\/css\">\r\n.edclv69f47d774ccb3 {\r\ntext-align: center;\nmargin-bottom: 1em;\r\n}\r\n@media screen and (min-width: 1201px) {\r\n.edclv69f47d774ccb3 {\r\ndisplay: block;\r\n}\r\n}\r\n@media screen and (min-width: 993px) and (max-width: 1200px) {\r\n.edclv69f47d774ccb3 {\r\ndisplay: block;\r\n}\r\n}\r\n@media screen and (min-width: 769px) and (max-width: 992px) {\r\n.edclv69f47d774ccb3 {\r\ndisplay: block;\r\n}\r\n}\r\n@media screen and (min-width: 768px) and (max-width: 768px) {\r\n.edclv69f47d774ccb3 {\r\ndisplay: none;\r\n}\r\n}\r\n@media screen and (max-width: 767px) {\r\n.edclv69f47d774ccb3 {\r\ndisplay: none;\r\n}\r\n}\r\n<\/style>\r\n\n\n\n\n<p><strong>Exclusividade &#8211;<\/strong>&nbsp;Uma das possibilidades de contrata\u00e7\u00e3o sem licita\u00e7\u00e3o, de acordo com a lei, inclui artistas \u201cconsagrados pela cr\u00edtica especializada ou pela opini\u00e3o p\u00fablica\u201d, diretamente ou atrav\u00e9s de seus empres\u00e1rios exclusivos. Independente de as bandas se encaixarem ou n\u00e3o no conceito de consagra\u00e7\u00e3o, a realidade era que Ant\u00f4nio Sobrinho n\u00e3o era empres\u00e1rio exclusivo. Ele obtinha, apenas, uma \u201ccarta de exclusividade\u201d v\u00e1lida para os dias do evento.<br><\/p>\n\n\n\n<p>\u201c(&#8230;) verifica-se que a exclusividade da empresa (&#8230;) resumia-se unicamente ao dia do evento e no munic\u00edpio, ficando n\u00edtido que o documento era confeccionado t\u00e3o somente com a finalidade de justificar a inexigibilidade, n\u00e3o se tratando de empres\u00e1rio exclusivo\u201d, destacou o juiz federal Rodrigo Arruda Carri\u00e7o, autor da senten\u00e7a.<br><\/p>\n\n\n\n<p>Dessa forma, ressaltou o MPF, ele atuava como suposto empres\u00e1rio exclusivo dos artistas, \u201cembora fosse, de fato, apenas um intermedi\u00e1rio\u201d. Soma-se a isso irregularidades como o procedimento fraudulento n\u00e3o ter sido publicado na imprensa oficial e n\u00e3o incluir sequer a minuta do contrato, com as especifica\u00e7\u00f5es exigidas por lei.<br><\/p>\n\n\n\n<p>V\u00e1rios documentos utilizados na contrata\u00e7\u00e3o foram elaborados depois do termo de escolha e da data da proposta apresentada por Ant\u00f4nio Sobrinho, que inclu\u00eda at\u00e9 mesmo bandas n\u00e3o representadas pela empresa na \u00e9poca. Com tudo isso, a presta\u00e7\u00e3o de contas do conv\u00eanio foi parcialmente reprovada pelo Controle Interno do Minist\u00e9rio do Turismo.<br><\/p>\n\n\n\n<p>O processo tramita na Justi\u00e7a Federal sob o n\u00famero 0800372-49.2017.4.05.8404 e da decis\u00e3o judicial ainda cabem recursos.<br><\/p>\n","protected":false},"excerpt":{"rendered":"<p>Galeno Torquato participou de esquema de favorecimento a empresa de eventos quando era prefeito de S\u00e3o Miguel em 2010<br \/>\n<br \/><a class=\"more-link\" href=\"https:\/\/justicapotiguar.com.br\/index.php\/2020\/01\/21\/mpf-obtem-condenacao-de-deputado-estadual-galeno-torquato-por-improbidade-administrativa\/\">Mais&#8230;<\/a><\/p>\n","protected":false},"author":5,"featured_media":5600,"comment_status":"open","ping_status":"open","sticky":false,"template":"","format":"standard","meta":[],"categories":[3],"tags":[],"_links":{"self":[{"href":"https:\/\/justicapotiguar.com.br\/index.php\/wp-json\/wp\/v2\/posts\/5599"}],"collection":[{"href":"https:\/\/justicapotiguar.com.br\/index.php\/wp-json\/wp\/v2\/posts"}],"about":[{"href":"https:\/\/justicapotiguar.com.br\/index.php\/wp-json\/wp\/v2\/types\/post"}],"author":[{"embeddable":true,"href":"https:\/\/justicapotiguar.com.br\/index.php\/wp-json\/wp\/v2\/users\/5"}],"replies":[{"embeddable":true,"href":"https:\/\/justicapotiguar.com.br\/index.php\/wp-json\/wp\/v2\/comments?post=5599"}],"version-history":[{"count":2,"href":"https:\/\/justicapotiguar.com.br\/index.php\/wp-json\/wp\/v2\/posts\/5599\/revisions"}],"predecessor-version":[{"id":5602,"href":"https:\/\/justicapotiguar.com.br\/index.php\/wp-json\/wp\/v2\/posts\/5599\/revisions\/5602"}],"wp:featuredmedia":[{"embeddable":true,"href":"https:\/\/justicapotiguar.com.br\/index.php\/wp-json\/wp\/v2\/media\/5600"}],"wp:attachment":[{"href":"https:\/\/justicapotiguar.com.br\/index.php\/wp-json\/wp\/v2\/media?parent=5599"}],"wp:term":[{"taxonomy":"category","embeddable":true,"href":"https:\/\/justicapotiguar.com.br\/index.php\/wp-json\/wp\/v2\/categories?post=5599"},{"taxonomy":"post_tag","embeddable":true,"href":"https:\/\/justicapotiguar.com.br\/index.php\/wp-json\/wp\/v2\/tags?post=5599"}],"curies":[{"name":"wp","href":"https:\/\/api.w.org\/{rel}","templated":true}]}}