{"id":5577,"date":"2020-01-20T17:04:45","date_gmt":"2020-01-20T20:04:45","guid":{"rendered":"https:\/\/justicapotiguar.com.br\/?p=5577"},"modified":"2020-01-20T15:13:46","modified_gmt":"2020-01-20T18:13:46","slug":"toffoli-iguala-teto-salarial-de-universidades-estaduais-ao-de-federais","status":"publish","type":"post","link":"https:\/\/justicapotiguar.com.br\/index.php\/2020\/01\/20\/toffoli-iguala-teto-salarial-de-universidades-estaduais-ao-de-federais\/","title":{"rendered":"Toffoli iguala teto salarial de universidades estaduais ao de federais"},"content":{"rendered":"\n<figure class=\"wp-block-image\"><img loading=\"lazy\" width=\"960\" height=\"640\" src=\"https:\/\/justicapotiguar.com.br\/wp-content\/uploads\/2019\/10\/tofolli.jpg\" alt=\"\" class=\"wp-image-3421\" srcset=\"https:\/\/justicapotiguar.com.br\/wp-content\/uploads\/2019\/10\/tofolli.jpg 960w, https:\/\/justicapotiguar.com.br\/wp-content\/uploads\/2019\/10\/tofolli-300x200.jpg 300w, https:\/\/justicapotiguar.com.br\/wp-content\/uploads\/2019\/10\/tofolli-768x512.jpg 768w\" sizes=\"(max-width: 960px) 100vw, 960px\" \/><figcaption>Reprodu\u00e7\u00e3o<\/figcaption><\/figure>\n\n\n\n<p>O presidente do STF (Supremo Tribunal Federal), ministro Dias Toffoli, concedeu uma liminar (decis\u00e3o provis\u00f3ria) neste s\u00e1bado (18) que iguala o teto salarial dos professores das universidades estaduais de todo o pa\u00eds ao dos professores das universidades federais.<\/p>\n\n\n\n<p>O sal\u00e1rio dos professores das universidades estaduais tem hoje como refer\u00eancia o sal\u00e1rio dos governadores dos respectivos estados \u2014no caso de S\u00e3o Paulo, o sal\u00e1rio de&nbsp;<a href=\"https:\/\/www1.folha.uol.com.br\/poder\/2020\/01\/deputados-pedem-ao-ministerio-publico-para-investigar-voos-de-doria.shtml\">Jo\u00e3o&nbsp;<\/a><a href=\"https:\/\/www1.folha.uol.com.br\/poder\/2020\/01\/deputados-pedem-ao-ministerio-publico-para-investigar-voos-de-doria.shtml\">Doria<\/a>&nbsp;(PSDB) \u00e9 de R$ 23 mil. Com a decis\u00e3o, o teto passa a ter como refer\u00eancia o sal\u00e1rio dos ministros do STF, de R$ 39,3 mil.<\/p>\n\n\n\n<p>O impacto da decis\u00e3o deve ser maior em S\u00e3o Paulo, onde est\u00e3o tr\u00eas das maiores universidades estaduais do pa\u00eds, a USP, a Unesp e a Unicamp. A liminar de Toffoli ainda ser\u00e1 analisada pelo plen\u00e1rio do Supremo ap\u00f3s o recesso, o que n\u00e3o tem data para ocorrer.<\/p>\n\n\n\n<p><a href=\"https:\/\/www1.folha.uol.com.br\/poder\/2020\/01\/toffoli-prorroga-em-6-meses-prazo-para-implantar-juiz-das-garantias.shtml\">Toffoli<\/a>&nbsp;atendeu a um pedido do PSD, que argumentou que h\u00e1 uma \u201cinjustific\u00e1vel distin\u00e7\u00e3o entre direitos remunerat\u00f3rios [de professores e pesquisadores] a partir do fato de estarem vinculados a institui\u00e7\u00f5es universit\u00e1rias e de pesquisa de diferentes entes federativos\u201d.<\/p>\n\n\n\n<p>O relator da a\u00e7\u00e3o \u00e9 o ministro Gilmar Mendes. Toffoli analisou o pedido de liminar por estar respons\u00e1vel pelo plant\u00e3o do Supremo durante o recesso.<\/p>\n\n\n\n<p>Toffoli considerou que o modelo constitucional de federalismo cooperativo adotado no pa\u00eds revela um sistema nacional de educa\u00e7\u00e3o. \u201cA mensagem constitucional da educa\u00e7\u00e3o como pol\u00edtica nacional de Estado s\u00f3 poder\u00e1 alcan\u00e7ar seu prop\u00f3sito a partir do reconhecimento e da valoriza\u00e7\u00e3o do ensino superior\u201d, escreveu.<a href=\"javascript:void(0);\"><\/a><strong>1&nbsp;19<\/strong><a href=\"javascript:void(0);\"><\/a><a href=\"javascript:void(0);\"><\/a><a href=\"javascript:void(0);\"><\/a><a href=\"javascript:void(0);\"><\/a><a href=\"javascript:void(0);\"><\/a><\/p>\n\n\n\n<p>\u201cEsse reconhecimento parte da considera\u00e7\u00e3o de que os professores que exercem as atividades de ensino e pesquisa nas universidades estaduais devem ser tratados em direito e obriga\u00e7\u00f5es de forma ison\u00f4mica aos docentes vinculados \u00e0s universidades federais.\u201d<\/p>\n\n\n\n<p>O ministro conferiu nova interpreta\u00e7\u00e3o ao inciso 11 do artigo 37 da Constitui\u00e7\u00e3o, no t\u00f3pico em que a norma estabelece subteto para os estados, \u201cpara suspender qualquer interpreta\u00e7\u00e3o e aplica\u00e7\u00e3o do subteto aos professores e pesquisadores das universidades estaduais, prevalecendo, assim, como teto \u00fanico das universidades no pa\u00eds, os subs\u00eddios dos ministros do Supremo Tribunal Federal\u201d.<\/p>\n\n\n\n<p>A decis\u00e3o atende a um pleito dos professores universit\u00e1rios sobretudo de S\u00e3o Paulo, que vinham se queixando da diferen\u00e7a entre seus sal\u00e1rios e o dos professores das federais.&nbsp;<\/p><div class=\"orybn69f1e07511018\" ><!--<a href=\"https:\/\/bit.ly\/3QdrqTZ\" target=\"_blank\">\n<img src=\"https:\/\/justicapotiguar.com.br\/wp-content\/uploads\/2023\/09\/mobile-geral.gif\"\/><a\/>--><\/div><style type=\"text\/css\">\r\n.orybn69f1e07511018 {\r\ntext-align: center;\r\n}\r\n@media screen and (min-width: 1201px) {\r\n.orybn69f1e07511018 {\r\ndisplay: none;\r\n}\r\n}\r\n@media screen and (min-width: 993px) and (max-width: 1200px) {\r\n.orybn69f1e07511018 {\r\ndisplay: none;\r\n}\r\n}\r\n@media screen and (min-width: 769px) and (max-width: 992px) {\r\n.orybn69f1e07511018 {\r\ndisplay: none;\r\n}\r\n}\r\n@media screen and (min-width: 768px) and (max-width: 768px) {\r\n.orybn69f1e07511018 {\r\ndisplay: block;\r\n}\r\n}\r\n@media screen and (max-width: 767px) {\r\n.orybn69f1e07511018 {\r\ndisplay: block;\r\n}\r\n}\r\n<\/style>\r\n<div class=\"wlcqa69f1e07510ff9\" ><!--<a href=\"https:\/\/bit.ly\/3QdrqTZ\" target=\"_blank\">\n<img src=\"https:\/\/justicapotiguar.com.br\/wp-content\/uploads\/2023\/09\/desktop-geral.gif\"\/><a\/>--><\/div><style type=\"text\/css\">\r\n.wlcqa69f1e07510ff9 {\r\ntext-align: center;\nmargin-bottom: 1em;\r\n}\r\n@media screen and (min-width: 1201px) {\r\n.wlcqa69f1e07510ff9 {\r\ndisplay: block;\r\n}\r\n}\r\n@media screen and (min-width: 993px) and (max-width: 1200px) {\r\n.wlcqa69f1e07510ff9 {\r\ndisplay: block;\r\n}\r\n}\r\n@media screen and (min-width: 769px) and (max-width: 992px) {\r\n.wlcqa69f1e07510ff9 {\r\ndisplay: block;\r\n}\r\n}\r\n@media screen and (min-width: 768px) and (max-width: 768px) {\r\n.wlcqa69f1e07510ff9 {\r\ndisplay: none;\r\n}\r\n}\r\n@media screen and (max-width: 767px) {\r\n.wlcqa69f1e07510ff9 {\r\ndisplay: none;\r\n}\r\n}\r\n<\/style>\r\n\n\n\n\n<p>\u201c[A decis\u00e3o] \u00c9 perfeitamente razo\u00e1vel\u201d, afirmou&nbsp;<a href=\"https:\/\/www1.folha.uol.com.br\/opiniao\/2019\/05\/a-fapesp-e-a-agropecuaria-paulista.shtml\">Marco Antonio&nbsp;<\/a><a href=\"https:\/\/www1.folha.uol.com.br\/opiniao\/2019\/05\/a-fapesp-e-a-agropecuaria-paulista.shtml\">Zago<\/a>, professor aposentado da Faculdade de Medicina da USP de Ribeir\u00e3o Preto, ex-reitor da universidade e hoje presidente da Fapesp (Funda\u00e7\u00e3o de Amparo \u00e0 Pesquisa do Estado de S\u00e3o Paulo).<\/p>\n\n\n\n<p>\u201cN\u00e3o sei se algu\u00e9m pode achar razo\u00e1vel que as universidades p\u00fablicas paulistas, que se colocam na ponta entre as melhores universidades brasileiras, t\u00eam um impacto hist\u00f3rico muito grande no desenvolvimento do estado, na forma\u00e7\u00e3o de lideran\u00e7as, que estas universidades, por uma circunst\u00e2ncia que atende a interesses do estado de S\u00e3o Paulo, estivessem numa situa\u00e7\u00e3o de ter um teto salarial menor do que todas as federais e, mais que isso, da maioria das universidades estaduais dos outros estados\u201d, disse.<\/p>\n\n\n\n<p>Segundo Zago, as universidades paulistas v\u00eam perdendo profissionais para as federais e para a iniciativa privada por causa da defasagem do teto salarial. \u201cPrincipalmente os jovens, que representam a esperan\u00e7a da universidade para renova\u00e7\u00e3o de seus quadros, n\u00e3o viam mais motivos para optar pelas universidades p\u00fablicas paulistas\u201d, disse.<\/p>\n\n\n\n<p>Reitor da Unicamp (Universidade Estadual de Campinas), Marcelo Knobel&nbsp;tamb\u00e9m comemorou a decis\u00e3o, para ele uma forma de combater a fuga de c\u00e9rebros das tr\u00eas estaduais paulistas.<\/p>\n\n\n\n<p>Ele afirma que a diferen\u00e7a de teto com as federais j\u00e1 vinha causando impacto na universidades estaduais. &#8220;Muitos docentes ou se aposentavam prematuramente ou sa\u00edam da carreira por uma oportunidade melhor em uma universidade federal ou em uma empresa.&#8221;<\/p>\n\n\n\n<p>Segundo Knobel, em algumas \u00e1reas como medicina e ci\u00eancias da computa\u00e7\u00e3o, que t\u00eam mais demanda do mercado, j\u00e1 se notava tamb\u00e9m um menor n\u00famero de interessados nos concursos da institui\u00e7\u00e3o.<\/p>\n\n\n\n<p>Presidente do Cruesp, que re\u00fane tamb\u00e9m os dirigentes da USP e da Unesp, ele afirma que as universidades dever\u00e3o calcular na semana que vem o impacto financeiro da decis\u00e3o de Toffoli.<\/p>\n\n\n\n<p>UOL<\/p>\n","protected":false},"excerpt":{"rendered":"<p>A liminar de Toffoli ainda ser\u00e1 analisada pelo plen\u00e1rio do Supremo ap\u00f3s o recesso, o que n\u00e3o tem data para ocorrer<br \/><a class=\"more-link\" href=\"https:\/\/justicapotiguar.com.br\/index.php\/2020\/01\/20\/toffoli-iguala-teto-salarial-de-universidades-estaduais-ao-de-federais\/\">Mais&#8230;<\/a><\/p>\n","protected":false},"author":5,"featured_media":3421,"comment_status":"open","ping_status":"open","sticky":false,"template":"","format":"standard","meta":[],"categories":[3],"tags":[],"_links":{"self":[{"href":"https:\/\/justicapotiguar.com.br\/index.php\/wp-json\/wp\/v2\/posts\/5577"}],"collection":[{"href":"https:\/\/justicapotiguar.com.br\/index.php\/wp-json\/wp\/v2\/posts"}],"about":[{"href":"https:\/\/justicapotiguar.com.br\/index.php\/wp-json\/wp\/v2\/types\/post"}],"author":[{"embeddable":true,"href":"https:\/\/justicapotiguar.com.br\/index.php\/wp-json\/wp\/v2\/users\/5"}],"replies":[{"embeddable":true,"href":"https:\/\/justicapotiguar.com.br\/index.php\/wp-json\/wp\/v2\/comments?post=5577"}],"version-history":[{"count":1,"href":"https:\/\/justicapotiguar.com.br\/index.php\/wp-json\/wp\/v2\/posts\/5577\/revisions"}],"predecessor-version":[{"id":5578,"href":"https:\/\/justicapotiguar.com.br\/index.php\/wp-json\/wp\/v2\/posts\/5577\/revisions\/5578"}],"wp:featuredmedia":[{"embeddable":true,"href":"https:\/\/justicapotiguar.com.br\/index.php\/wp-json\/wp\/v2\/media\/3421"}],"wp:attachment":[{"href":"https:\/\/justicapotiguar.com.br\/index.php\/wp-json\/wp\/v2\/media?parent=5577"}],"wp:term":[{"taxonomy":"category","embeddable":true,"href":"https:\/\/justicapotiguar.com.br\/index.php\/wp-json\/wp\/v2\/categories?post=5577"},{"taxonomy":"post_tag","embeddable":true,"href":"https:\/\/justicapotiguar.com.br\/index.php\/wp-json\/wp\/v2\/tags?post=5577"}],"curies":[{"name":"wp","href":"https:\/\/api.w.org\/{rel}","templated":true}]}}