{"id":5416,"date":"2020-01-13T20:13:15","date_gmt":"2020-01-13T23:13:15","guid":{"rendered":"https:\/\/justicapotiguar.com.br\/?p=5416"},"modified":"2020-01-13T20:13:15","modified_gmt":"2020-01-13T23:13:15","slug":"bauducco-e-condenada-a-pagar-r-5-mil-a-cliente-que-encontrou-larvas-em-biscoito","status":"publish","type":"post","link":"https:\/\/justicapotiguar.com.br\/index.php\/2020\/01\/13\/bauducco-e-condenada-a-pagar-r-5-mil-a-cliente-que-encontrou-larvas-em-biscoito\/","title":{"rendered":"Bauducco \u00e9 condenada a pagar R$ 5 mil a cliente que encontrou larvas em biscoito"},"content":{"rendered":"\n<p>\u00a0Uma consumidora de Bras\u00edlia\u00a0deve ser\u00a0indenizada em R$ 5.000 por\u00a0<strong>danos morais<\/strong>\u00a0pela Bauducco por decis\u00e3o da 6\u00ba Juizado Especial C\u00edvel de Bras\u00edlia\u00a0do Tribunal de Justi\u00e7a do Distrito Federal e Territ\u00f3rios (TJDFT).<\/p>\n\n\n\n<p>A autora do processo encontrou<strong>&nbsp;larvas vivas<\/strong>&nbsp;em um pacote de biscoito fabricado pela empresa e chegou a consumir o produto antes de perceber as larvas. As informa\u00e7\u00f5es&nbsp;foram divulgadas pelo&nbsp;TJDFT na \u00faltima sexta-feira e&nbsp;cabe recurso \u00e0&nbsp;decis\u00e3o.&nbsp;&nbsp;<\/p>\n\n\n\n<figure class=\"wp-block-image\"><img loading=\"lazy\" width=\"700\" height=\"469\" src=\"https:\/\/justicapotiguar.com.br\/wp-content\/uploads\/2020\/01\/1_bauducco_3-15132803.jpg\" alt=\"\" class=\"wp-image-5417\" srcset=\"https:\/\/justicapotiguar.com.br\/wp-content\/uploads\/2020\/01\/1_bauducco_3-15132803.jpg 700w, https:\/\/justicapotiguar.com.br\/wp-content\/uploads\/2020\/01\/1_bauducco_3-15132803-300x201.jpg 300w\" sizes=\"(max-width: 700px) 100vw, 700px\" \/><figcaption>Reprodu\u00e7\u00e3o<\/figcaption><\/figure>\n\n\n\n<p>No relato, ela afirma que adquiriu&nbsp;o pacote de biscoitos em 2 de setembro do ano passado&nbsp; e&nbsp;ao&nbsp;<strong>consumir o produto<\/strong>&nbsp;percebeu que estava com gosto estranho. Ao analisar o conte\u00fado do pacote, notou a presen\u00e7a de larvas vivas.<\/p>\n\n\n\n<p>A consumidora ressaltou no processo que o produto estava&nbsp;<strong>dentro do prazo de validade<\/strong>&nbsp;e que a ingest\u00e3o causou grande mal estar. Ao final da peti\u00e7\u00e3o, a autora solicitou a repara\u00e7\u00e3o pelos danos morais suportados.<\/p>\n\n\n\n<p>Devidamente citada, a empresa apresentou contesta\u00e7\u00e3o na qual sustenta que a parte autora&nbsp;<strong>n\u00e3o provou<\/strong>&nbsp;que ingeriu o produto e que, mesmo que tivesse ingerido, n\u00e3o provou que o produto lhe fez mal.<\/p>\n\n\n\n<p>A Bauducco tamb\u00e9m argumentou que a autora n\u00e3o demonstrou que a&nbsp;<strong>embalagem<\/strong>&nbsp;estava conservada em local apropriado e que a fabrica\u00e7\u00e3o dos produtos passa por rigoroso processo de qualidade.<\/p><div class=\"pfbxc69f43a8d2c167\" ><!--<a href=\"https:\/\/bit.ly\/3QdrqTZ\" target=\"_blank\">\n<img src=\"https:\/\/justicapotiguar.com.br\/wp-content\/uploads\/2023\/09\/mobile-geral.gif\"\/><a\/>--><\/div><style type=\"text\/css\">\r\n.pfbxc69f43a8d2c167 {\r\ntext-align: center;\r\n}\r\n@media screen and (min-width: 1201px) {\r\n.pfbxc69f43a8d2c167 {\r\ndisplay: none;\r\n}\r\n}\r\n@media screen and (min-width: 993px) and (max-width: 1200px) {\r\n.pfbxc69f43a8d2c167 {\r\ndisplay: none;\r\n}\r\n}\r\n@media screen and (min-width: 769px) and (max-width: 992px) {\r\n.pfbxc69f43a8d2c167 {\r\ndisplay: none;\r\n}\r\n}\r\n@media screen and (min-width: 768px) and (max-width: 768px) {\r\n.pfbxc69f43a8d2c167 {\r\ndisplay: block;\r\n}\r\n}\r\n@media screen and (max-width: 767px) {\r\n.pfbxc69f43a8d2c167 {\r\ndisplay: block;\r\n}\r\n}\r\n<\/style>\r\n<div class=\"fynlw69f43a8d2c144\" ><!--<a href=\"https:\/\/bit.ly\/3QdrqTZ\" target=\"_blank\">\n<img src=\"https:\/\/justicapotiguar.com.br\/wp-content\/uploads\/2023\/09\/desktop-geral.gif\"\/><a\/>--><\/div><style type=\"text\/css\">\r\n.fynlw69f43a8d2c144 {\r\ntext-align: center;\nmargin-bottom: 1em;\r\n}\r\n@media screen and (min-width: 1201px) {\r\n.fynlw69f43a8d2c144 {\r\ndisplay: block;\r\n}\r\n}\r\n@media screen and (min-width: 993px) and (max-width: 1200px) {\r\n.fynlw69f43a8d2c144 {\r\ndisplay: block;\r\n}\r\n}\r\n@media screen and (min-width: 769px) and (max-width: 992px) {\r\n.fynlw69f43a8d2c144 {\r\ndisplay: block;\r\n}\r\n}\r\n@media screen and (min-width: 768px) and (max-width: 768px) {\r\n.fynlw69f43a8d2c144 {\r\ndisplay: none;\r\n}\r\n}\r\n@media screen and (max-width: 767px) {\r\n.fynlw69f43a8d2c144 {\r\ndisplay: none;\r\n}\r\n}\r\n<\/style>\r\n\n\n\n\n<h3>Decis\u00e3o<\/h3>\n\n\n\n<p>Ao analisar a demanda, a ju\u00edza Mar\u00edlia de \u00c1vila e Silva Sampaio que assina a senten\u00e7a, observou que, a fim de comprovar a presen\u00e7a de larvas vivas no pacote de biscoitos adquirido, a autora juntou aos autos<strong>&nbsp;fotos e v\u00eddeos<\/strong>, que tamb\u00e9m demonstram a data de validade do alimento: 4&nbsp;de junho de 2020.&nbsp;<\/p>\n\n\n\n<p>\u201cO pacote est\u00e1 pela metade, sendo veross\u00edmil a narrativa de que houve a ingest\u00e3o do alimento. Logo, havendo a&nbsp;<strong>comprova\u00e7\u00e3o documental<\/strong>&nbsp;da presen\u00e7a de larvas, resta caracterizado o defeito do produto (art. 12 do CDC), que exp\u00f5e o consumidor a risco concreto de dano \u00e0 sa\u00fade e seguran\u00e7a, com infring\u00eancia ao dever legal dirigido ao fornecedor (art. 8\u00ba do CDC)&#8221;, afirma.<\/p>\n\n\n\n<p>A magistrada conclui que &#8220;assim, fica evidenciado o dever de<strong>&nbsp;indenizar<\/strong>&nbsp;a t\u00edtulo de danos morais\u201d.<\/p>\n\n\n\n<p>A ju\u00edza ainda acrescentou \u201cque h\u00e1 evidente<strong>\u00a0ato il\u00edcito<\/strong>\u00a0do fabricante em oferecer produto impr\u00f3prio ao consumo humano, pois o dano consistente no mal-estar sofrido pela autora ao encontrar larva viva no alimento que estava consumindo, al\u00e9m de ter ingerido o produto, caracteriza o potencial risco \u00e0 sa\u00fade, raz\u00e3o pela qual remanesce o dever de indenizar\u201d.<\/p>\n\n\n\n<p>O Dia<\/p>\n","protected":false},"excerpt":{"rendered":"<p>Valor da indeniza\u00e7\u00e3o por danos morais foi definido pelo Tribunal de Justi\u00e7a do Distrito Federal e Territ\u00f3rios e empresa ainda pode recorrer<br \/><a class=\"more-link\" href=\"https:\/\/justicapotiguar.com.br\/index.php\/2020\/01\/13\/bauducco-e-condenada-a-pagar-r-5-mil-a-cliente-que-encontrou-larvas-em-biscoito\/\">Mais&#8230;<\/a><\/p>\n","protected":false},"author":5,"featured_media":5417,"comment_status":"open","ping_status":"open","sticky":false,"template":"","format":"standard","meta":[],"categories":[3],"tags":[],"_links":{"self":[{"href":"https:\/\/justicapotiguar.com.br\/index.php\/wp-json\/wp\/v2\/posts\/5416"}],"collection":[{"href":"https:\/\/justicapotiguar.com.br\/index.php\/wp-json\/wp\/v2\/posts"}],"about":[{"href":"https:\/\/justicapotiguar.com.br\/index.php\/wp-json\/wp\/v2\/types\/post"}],"author":[{"embeddable":true,"href":"https:\/\/justicapotiguar.com.br\/index.php\/wp-json\/wp\/v2\/users\/5"}],"replies":[{"embeddable":true,"href":"https:\/\/justicapotiguar.com.br\/index.php\/wp-json\/wp\/v2\/comments?post=5416"}],"version-history":[{"count":1,"href":"https:\/\/justicapotiguar.com.br\/index.php\/wp-json\/wp\/v2\/posts\/5416\/revisions"}],"predecessor-version":[{"id":5418,"href":"https:\/\/justicapotiguar.com.br\/index.php\/wp-json\/wp\/v2\/posts\/5416\/revisions\/5418"}],"wp:featuredmedia":[{"embeddable":true,"href":"https:\/\/justicapotiguar.com.br\/index.php\/wp-json\/wp\/v2\/media\/5417"}],"wp:attachment":[{"href":"https:\/\/justicapotiguar.com.br\/index.php\/wp-json\/wp\/v2\/media?parent=5416"}],"wp:term":[{"taxonomy":"category","embeddable":true,"href":"https:\/\/justicapotiguar.com.br\/index.php\/wp-json\/wp\/v2\/categories?post=5416"},{"taxonomy":"post_tag","embeddable":true,"href":"https:\/\/justicapotiguar.com.br\/index.php\/wp-json\/wp\/v2\/tags?post=5416"}],"curies":[{"name":"wp","href":"https:\/\/api.w.org\/{rel}","templated":true}]}}