{"id":5400,"date":"2020-01-13T12:18:22","date_gmt":"2020-01-13T15:18:22","guid":{"rendered":"https:\/\/justicapotiguar.com.br\/?p=5400"},"modified":"2020-01-13T12:18:22","modified_gmt":"2020-01-13T15:18:22","slug":"mpf-obtem-condenacao-de-ex-vereador-adao-eridan-por-improbidade","status":"publish","type":"post","link":"https:\/\/justicapotiguar.com.br\/index.php\/2020\/01\/13\/mpf-obtem-condenacao-de-ex-vereador-adao-eridan-por-improbidade\/","title":{"rendered":"MPF obt\u00e9m condena\u00e7\u00e3o de ex-vereador Ad\u00e3o Eridan por improbidade"},"content":{"rendered":"\n<figure class=\"wp-block-image\"><img loading=\"lazy\" width=\"720\" height=\"477\" src=\"https:\/\/justicapotiguar.com.br\/wp-content\/uploads\/2020\/01\/10277416_708685895941897_7784141871489582487_n.jpg\" alt=\"\" class=\"wp-image-5401\" srcset=\"https:\/\/justicapotiguar.com.br\/wp-content\/uploads\/2020\/01\/10277416_708685895941897_7784141871489582487_n.jpg 720w, https:\/\/justicapotiguar.com.br\/wp-content\/uploads\/2020\/01\/10277416_708685895941897_7784141871489582487_n-300x199.jpg 300w\" sizes=\"(max-width: 720px) 100vw, 720px\" \/><figcaption>Reprodu\u00e7\u00e3o<\/figcaption><\/figure>\n\n\n\n<p>O Minist\u00e9rio P\u00fablico Federal (MPF) obteve a condena\u00e7\u00e3o do ex-vereador de Natal (RN) Ad\u00e3o Eridan de Andrade por improbidade administrativa. Ele fez uso eleitoreiro da Funda\u00e7\u00e3o Maria Neuzelides de Alencar Andrade, que firmou um contrato com a Prefeitura em 2010 e recebeu mais de R$ 111 mil em recursos de programas custeados por verbas federais, para promover atividades e cursos junto \u00e0 popula\u00e7\u00e3o.<\/p>\n\n\n\n<p>De acordo com a a\u00e7\u00e3o do MPF, o pol\u00edtico (que exerceu cinco mandatos de vereador na capital potiguar) fazia crer aos poss\u00edveis eleitores que ele pr\u00f3prio era o financiador dos cursos, ofendendo os princ\u00edpios da moralidade administrativa, impessoalidade, honestidade, legalidade e lealdade \u00e0s institui\u00e7\u00f5es.<\/p>\n\n\n\n<p>A senten\u00e7a, da qual ainda cabem recursos, prev\u00ea a suspens\u00e3o dos direitos pol\u00edticos por tr\u00eas anos, a contar do tr\u00e2nsito em julgado; pagamento de multa de R$ 5 mil; e proibi\u00e7\u00e3o de contratar com o poder p\u00fablico ou receber benef\u00edcios ou incentivos fiscais pelo prazo de tr\u00eas anos.<\/p><div class=\"sikgv69eebf2033195\" ><!--<a href=\"https:\/\/bit.ly\/3QdrqTZ\" target=\"_blank\">\n<img src=\"https:\/\/justicapotiguar.com.br\/wp-content\/uploads\/2023\/09\/mobile-geral.gif\"\/><a\/>--><\/div><style type=\"text\/css\">\r\n.sikgv69eebf2033195 {\r\ntext-align: center;\r\n}\r\n@media screen and (min-width: 1201px) {\r\n.sikgv69eebf2033195 {\r\ndisplay: none;\r\n}\r\n}\r\n@media screen and (min-width: 993px) and (max-width: 1200px) {\r\n.sikgv69eebf2033195 {\r\ndisplay: none;\r\n}\r\n}\r\n@media screen and (min-width: 769px) and (max-width: 992px) {\r\n.sikgv69eebf2033195 {\r\ndisplay: none;\r\n}\r\n}\r\n@media screen and (min-width: 768px) and (max-width: 768px) {\r\n.sikgv69eebf2033195 {\r\ndisplay: block;\r\n}\r\n}\r\n@media screen and (max-width: 767px) {\r\n.sikgv69eebf2033195 {\r\ndisplay: block;\r\n}\r\n}\r\n<\/style>\r\n<div class=\"qlwpt69eebf2033181\" ><!--<a href=\"https:\/\/bit.ly\/3QdrqTZ\" target=\"_blank\">\n<img src=\"https:\/\/justicapotiguar.com.br\/wp-content\/uploads\/2023\/09\/desktop-geral.gif\"\/><a\/>--><\/div><style type=\"text\/css\">\r\n.qlwpt69eebf2033181 {\r\ntext-align: center;\nmargin-bottom: 1em;\r\n}\r\n@media screen and (min-width: 1201px) {\r\n.qlwpt69eebf2033181 {\r\ndisplay: block;\r\n}\r\n}\r\n@media screen and (min-width: 993px) and (max-width: 1200px) {\r\n.qlwpt69eebf2033181 {\r\ndisplay: block;\r\n}\r\n}\r\n@media screen and (min-width: 769px) and (max-width: 992px) {\r\n.qlwpt69eebf2033181 {\r\ndisplay: block;\r\n}\r\n}\r\n@media screen and (min-width: 768px) and (max-width: 768px) {\r\n.qlwpt69eebf2033181 {\r\ndisplay: none;\r\n}\r\n}\r\n@media screen and (max-width: 767px) {\r\n.qlwpt69eebf2033181 {\r\ndisplay: none;\r\n}\r\n}\r\n<\/style>\r\n\n\n\n\n<p><strong>Personalismo<\/strong>&nbsp;&#8211; A Funda\u00e7\u00e3o Maria Neuzelides de Alencar Andrade foi criada tendo como presidente o pr\u00f3prio Ad\u00e3o Eridan, que n\u00e3o mais ocupava o cargo quando a entidade foi contratada em 2010 pelo Munic\u00edpio do Natal, mediante dispensa de licita\u00e7\u00e3o, sem que houvesse os requisitos para essa modalidade de contrato. A Prefeitura repassou para a realiza\u00e7\u00e3o dos cursos verbas oriundas do Fundo de Amparo ao Trabalhador &#8211; FAT, no \u00e2mbito do Plano Nacional de Qualifica\u00e7\u00e3o.<\/p>\n\n\n\n<p>Para se ter ideia da influ\u00eancia do pol\u00edtico sobre a funda\u00e7\u00e3o, dos 12 funcion\u00e1rios existentes em 2009, tr\u00eas eram familiares do ex-vereador. Ad\u00e3o Eridan ainda expunha seu nome e sua imagem tanto na estrutura f\u00edsica da entidade, quanto nos ve\u00edculos utilizados para a promo\u00e7\u00e3o das atividades.<\/p>\n\n\n\n<p>Durante o andamento do processo, o r\u00e9u e seu advogado sequer compareceram \u00e0 audi\u00eancia de instru\u00e7\u00e3o designada pela Justi\u00e7a. O juiz federal Janilson Bezerra de Siqueira, autor da senten\u00e7a, concluiu que o ex-vereador \u201cse utilizava da Funda\u00e7\u00e3o Maria Neuzelides de Alencar Andrade, a qual recebia recursos do Er\u00e1rio por meio de contrato com Poder P\u00fablico Municipal (Semtas), para prestar servi\u00e7os \u00e0 popula\u00e7\u00e3o com fins eleitoreiros, beneficiando-se politicamente das atividades desenvolvidas pela entidade\u201d.<\/p>\n","protected":false},"excerpt":{"rendered":"<p>A senten\u00e7a, da qual ainda cabem recursos, prev\u00ea a suspens\u00e3o dos direitos pol\u00edticos por tr\u00eas anos, a contar do tr\u00e2nsito em julgado; pagamento de multa de R$ 5 mil; e proibi\u00e7\u00e3o de contratar com o poder p\u00fablico ou receber benef\u00edcios ou incentivos fiscais pelo prazo de tr\u00eas anos<br \/><a class=\"more-link\" href=\"https:\/\/justicapotiguar.com.br\/index.php\/2020\/01\/13\/mpf-obtem-condenacao-de-ex-vereador-adao-eridan-por-improbidade\/\">Mais&#8230;<\/a><\/p>\n","protected":false},"author":5,"featured_media":5401,"comment_status":"open","ping_status":"open","sticky":false,"template":"","format":"standard","meta":[],"categories":[3],"tags":[],"_links":{"self":[{"href":"https:\/\/justicapotiguar.com.br\/index.php\/wp-json\/wp\/v2\/posts\/5400"}],"collection":[{"href":"https:\/\/justicapotiguar.com.br\/index.php\/wp-json\/wp\/v2\/posts"}],"about":[{"href":"https:\/\/justicapotiguar.com.br\/index.php\/wp-json\/wp\/v2\/types\/post"}],"author":[{"embeddable":true,"href":"https:\/\/justicapotiguar.com.br\/index.php\/wp-json\/wp\/v2\/users\/5"}],"replies":[{"embeddable":true,"href":"https:\/\/justicapotiguar.com.br\/index.php\/wp-json\/wp\/v2\/comments?post=5400"}],"version-history":[{"count":1,"href":"https:\/\/justicapotiguar.com.br\/index.php\/wp-json\/wp\/v2\/posts\/5400\/revisions"}],"predecessor-version":[{"id":5402,"href":"https:\/\/justicapotiguar.com.br\/index.php\/wp-json\/wp\/v2\/posts\/5400\/revisions\/5402"}],"wp:featuredmedia":[{"embeddable":true,"href":"https:\/\/justicapotiguar.com.br\/index.php\/wp-json\/wp\/v2\/media\/5401"}],"wp:attachment":[{"href":"https:\/\/justicapotiguar.com.br\/index.php\/wp-json\/wp\/v2\/media?parent=5400"}],"wp:term":[{"taxonomy":"category","embeddable":true,"href":"https:\/\/justicapotiguar.com.br\/index.php\/wp-json\/wp\/v2\/categories?post=5400"},{"taxonomy":"post_tag","embeddable":true,"href":"https:\/\/justicapotiguar.com.br\/index.php\/wp-json\/wp\/v2\/tags?post=5400"}],"curies":[{"name":"wp","href":"https:\/\/api.w.org\/{rel}","templated":true}]}}