{"id":5392,"date":"2020-01-13T10:26:15","date_gmt":"2020-01-13T13:26:15","guid":{"rendered":"https:\/\/justicapotiguar.com.br\/?p=5392"},"modified":"2020-01-13T09:28:30","modified_gmt":"2020-01-13T12:28:30","slug":"acao-no-supremo-cria-mercado-bilionario-de-creditos-de-icms","status":"publish","type":"post","link":"https:\/\/justicapotiguar.com.br\/index.php\/2020\/01\/13\/acao-no-supremo-cria-mercado-bilionario-de-creditos-de-icms\/","title":{"rendered":"A\u00e7\u00e3o no Supremo cria mercado bilion\u00e1rio de cr\u00e9ditos de ICMS"},"content":{"rendered":"\n<p>Programado para abril deste ano, o julgamento do&nbsp;<a href=\"https:\/\/www1.folha.uol.com.br\/mercado\/2019\/12\/supremo-decide-que-e-crime-dar-calote-no-pagamento-de-icms.shtml\">STF (Supremo Tribunal Federal)<\/a>&nbsp;sobre o alcance da decis\u00e3o que&nbsp;<a href=\"https:\/\/www1.folha.uol.com.br\/mercado\/2020\/01\/doria-diz-que-governadores-estao-relutantes-em-mexer-no-icms-da-gasolina.shtml\">retirou o ICMS<\/a>&nbsp;da base de c\u00e1lculo do PIS\/Cofins j\u00e1 movimenta um mercado bilion\u00e1rio de cr\u00e9ditos tribut\u00e1rios.<\/p>\n\n\n\n<p>Apesar de o STF ainda n\u00e3o ter analisado o recurso da Uni\u00e3o que tenta invalidar todos esses cr\u00e9ditos, contribuintes t\u00eam obtido em inst\u00e2ncias inferiores decis\u00f5es favor\u00e1veis e transitadas em julgado.<\/p>\n\n\n\n<p>A partir dessas decis\u00f5es, alguns contribuintes j\u00e1 come\u00e7aram a utilizar os cr\u00e9ditos para reduzir o&nbsp;<a href=\"https:\/\/www1.folha.uol.com.br\/colunas\/painelsa\/2019\/04\/exclusao-do-icms-na-base-de-calculo-do-piscofins-ainda-gera-conflito.shtml\">pagamento de tributos por meio de compensa\u00e7\u00e3o<\/a>. H\u00e1 ainda empresas que buscam transformar esses valores em precat\u00f3rios federais, t\u00edtulos considerados como \u201cdinheiro na m\u00e3o\u201d e que podem ser vendidos a terceiros.<\/p>\n\n\n\n<figure class=\"wp-block-image\"><img src=\"https:\/\/f.i.uol.com.br\/fotografia\/2019\/12\/04\/15754918845de8192c198cb_1575491884_3x2_md.jpg\" alt=\"Sess\u00e3o plen\u00e1rio no supremo Tribunal Federal.\"\/><figcaption>Credito Nelson Jr \/ STF<\/figcaption><\/figure>\n\n\n\n<p>Mesmo quem ainda n\u00e3o possui o precat\u00f3rio \u2014e, portanto, n\u00e3o tem certeza de que receber\u00e1 o dinheiro\u2014 j\u00e1 recebe oferta de fundos e institui\u00e7\u00f5es financeiras, que assumem o risco diante da expectativa de lucros de mais de 50%.<\/p>\n\n\n\n<p>Em mar\u00e7o de 2017, o STF decidiu que o ICMS n\u00e3o pode ser inclu\u00eddo na&nbsp;<a href=\"https:\/\/www1.folha.uol.com.br\/mercado\/2018\/10\/receita-define-calculo-de-pis-e-cofins-que-deve-ampliar-judicializacao.shtml\">base de c\u00e1lculo do&nbsp;<\/a><a href=\"https:\/\/www1.folha.uol.com.br\/mercado\/2018\/10\/receita-define-calculo-de-pis-e-cofins-que-deve-ampliar-judicializacao.shtml\">PIS\/Cofins<\/a>, em um caso que teve efeito de repercuss\u00e3o geral, ou seja, vale para todas as inst\u00e2ncias do Judici\u00e1rio.<\/p>\n\n\n\n<p>No mesmo ano, a PGFN (Procuradoria-Geral da Fazenda Nacional) recorreu ao Supremo para pedir a chamada \u201cmodula\u00e7\u00e3o\u201d da decis\u00e3o. Os principais pedidos s\u00e3o para que o entendimento n\u00e3o seja aplicado retroativamente e para que o c\u00e1lculo do ICMS a ser retirado seja o efetivamente pago, e n\u00e3o o destacado na nota fiscal, o que tamb\u00e9m ajudaria a reduzir o valor da perda para o governo.<\/p>\n\n\n\n<p>Em 2014, o governo estimou impacto acumulado de R$ 250 bilh\u00f5es, em valores atualizados pela<a href=\"https:\/\/www1.folha.uol.com.br\/mercado\/2019\/12\/copom-reduz-taxa-basica-de-juros-para-45-ao-ano.shtml\">Selic<\/a>&nbsp;a partir de 2003. Nova estimativa, divulgada em 2019, aponta perda anual de R$ 45,8 bilh\u00f5es (18 meses de or\u00e7amento do Bolsa Fam\u00edlia). O valor total depender\u00e1 do alcance definido pelo STF.<\/p>\n\n\n\n<p>At\u00e9 hoje o recurso da Uni\u00e3o n\u00e3o foi analisado. O tema chegou a entrar na pauta do STF de dezembro do ano passado, mas o julgamento foi adiado. Agora, est\u00e1 previsto para 1\u00ba de abril deste ano, de acordo com a pauta de julgamentos do 1\u00ba semestre de 2020 divulgada pelo Supremo.<\/p>\n\n\n\n<p>A advogada Tatiana Del Giudice Cappa Chiaradia, s\u00f3cia do Candido Martins Advogados, afirma que, mesmo havendo a pend\u00eancia dos embargos apresentados pela Fazenda Nacional, ju\u00edzes de primeira inst\u00e2ncia t\u00eam dado ganho de causa aos contribuintes com base na decis\u00e3o de 2017 do STF. As decis\u00f5es t\u00eam sido confirmadas pela segunda inst\u00e2ncia, nos TRFs (Tribunais Regionais Federais).<\/p>\n\n\n\n<hr class=\"wp-block-separator\"\/>\n\n\n\n<h3>HIST\u00d3RICO<\/h3>\n\n\n\n<p><strong>2017<\/strong>: O STF decide que o ICMS n\u00e3o pode ser inclu\u00eddo na base de c\u00e1lculo do&nbsp;PIS\/Cofins. A decis\u00e3o tem efeito de repercuss\u00e3o geral, ou seja, vale para todas as a\u00e7\u00f5es na Justi\u00e7a.<\/p><div class=\"dalmd69eebf20407b9\" ><!--<a href=\"https:\/\/bit.ly\/3QdrqTZ\" target=\"_blank\">\n<img src=\"https:\/\/justicapotiguar.com.br\/wp-content\/uploads\/2023\/09\/mobile-geral.gif\"\/><a\/>--><\/div><style type=\"text\/css\">\r\n.dalmd69eebf20407b9 {\r\ntext-align: center;\r\n}\r\n@media screen and (min-width: 1201px) {\r\n.dalmd69eebf20407b9 {\r\ndisplay: none;\r\n}\r\n}\r\n@media screen and (min-width: 993px) and (max-width: 1200px) {\r\n.dalmd69eebf20407b9 {\r\ndisplay: none;\r\n}\r\n}\r\n@media screen and (min-width: 769px) and (max-width: 992px) {\r\n.dalmd69eebf20407b9 {\r\ndisplay: none;\r\n}\r\n}\r\n@media screen and (min-width: 768px) and (max-width: 768px) {\r\n.dalmd69eebf20407b9 {\r\ndisplay: block;\r\n}\r\n}\r\n@media screen and (max-width: 767px) {\r\n.dalmd69eebf20407b9 {\r\ndisplay: block;\r\n}\r\n}\r\n<\/style>\r\n<div class=\"ibqgi69eebf204079a\" ><!--<a href=\"https:\/\/bit.ly\/3QdrqTZ\" target=\"_blank\">\n<img src=\"https:\/\/justicapotiguar.com.br\/wp-content\/uploads\/2023\/09\/desktop-geral.gif\"\/><a\/>--><\/div><style type=\"text\/css\">\r\n.ibqgi69eebf204079a {\r\ntext-align: center;\nmargin-bottom: 1em;\r\n}\r\n@media screen and (min-width: 1201px) {\r\n.ibqgi69eebf204079a {\r\ndisplay: block;\r\n}\r\n}\r\n@media screen and (min-width: 993px) and (max-width: 1200px) {\r\n.ibqgi69eebf204079a {\r\ndisplay: block;\r\n}\r\n}\r\n@media screen and (min-width: 769px) and (max-width: 992px) {\r\n.ibqgi69eebf204079a {\r\ndisplay: block;\r\n}\r\n}\r\n@media screen and (min-width: 768px) and (max-width: 768px) {\r\n.ibqgi69eebf204079a {\r\ndisplay: none;\r\n}\r\n}\r\n@media screen and (max-width: 767px) {\r\n.ibqgi69eebf204079a {\r\ndisplay: none;\r\n}\r\n}\r\n<\/style>\r\n\n\n\n\n<p><strong>2017<\/strong>: A&nbsp;PGFN&nbsp;(Procuradoria-Geral da Fazenda Nacional) recorre ao STF para tentar restringir o impacto da decis\u00e3o sobre os cofres p\u00fablicos.<\/p>\n\n\n\n<p><strong>2017-2019<\/strong>: Enquanto o recurso n\u00e3o \u00e9 analisado, tribunais de 2\u00aa inst\u00e2ncia e o pr\u00f3prio STF t\u00eam aplicado a decis\u00e3o de 2017 e considerado que as a\u00e7\u00f5es transitaram em julgado.<\/p>\n\n\n\n<p><strong>2020<\/strong>: STF marca an\u00e1lise do recurso para 1\u00ba de abril<\/p>\n\n\n\n<hr class=\"wp-block-separator\"\/>\n\n\n\n<p>O governo j\u00e1 recorreu a esses tribunais com o objetivo de levar os casos para o STF, mas os recursos t\u00eam sido negados pelas presid\u00eancias dos TRFs, que consideram a quest\u00e3o como transitada em julgado (sem possibilidade de recurso em tribunais superiores).<\/p>\n\n\n\n<p>\u201cA Uni\u00e3o vem encontrando \u00f3bice para fazer com que os recursos dela alcancem o Supremo. As presid\u00eancias de tribunais de 2\u00aa inst\u00e2ncia [TRFs] avaliam que existe precedente sobre a mat\u00e9ria e travam o andamento do processo. A\u00ed acaba havendo o tr\u00e2nsito em julgado\u201d, afirma Chiaradia.<\/p>\n\n\n\n<p>Leonel Pittzer, s\u00f3cio do Fux Advogados, diz que, ap\u00f3s o julgamento do Supremo de 2017, os processos que estavam parados voltaram a andar e que a orienta\u00e7\u00e3o do pr\u00f3prio STF \u00e9 que a tese seja aplicada a todos os casos analisados em todas as inst\u00e2ncias.<\/p>\n\n\n\n<p>\u201cH\u00e1 uma tend\u00eancia de crescimento desse mercado de fundos que investem em direitos credit\u00f3rios, um apetite por esse tipo de produto em um ambiente de juros baixos.\u201d<\/p>\n\n\n\n<p>Na maior parte das a\u00e7\u00f5es, ap\u00f3s o ganho da causa, a empresa pode iniciar um processo administrativo para habilitar o cr\u00e9dito e fazer a compensa\u00e7\u00e3o com tributos devidos. A legisla\u00e7\u00e3o n\u00e3o permite transferir o cr\u00e9dito habilitado para compensa\u00e7\u00e3o com d\u00e9bitos de terceiros.<\/p>\n\n\n\n<p>Folha de S. Paulo<\/p>\n","protected":false},"excerpt":{"rendered":"<p>Em abril deste ano, STF (Supremo Tribunal Federal) deve julgar o alcance da decis\u00e3o que retirou o ICMS da base de c\u00e1lculo do PIS\/Cofins &#8211; <br \/><a class=\"more-link\" href=\"https:\/\/justicapotiguar.com.br\/index.php\/2020\/01\/13\/acao-no-supremo-cria-mercado-bilionario-de-creditos-de-icms\/\">Mais&#8230;<\/a><\/p>\n","protected":false},"author":5,"featured_media":1247,"comment_status":"open","ping_status":"open","sticky":false,"template":"","format":"standard","meta":[],"categories":[3],"tags":[],"_links":{"self":[{"href":"https:\/\/justicapotiguar.com.br\/index.php\/wp-json\/wp\/v2\/posts\/5392"}],"collection":[{"href":"https:\/\/justicapotiguar.com.br\/index.php\/wp-json\/wp\/v2\/posts"}],"about":[{"href":"https:\/\/justicapotiguar.com.br\/index.php\/wp-json\/wp\/v2\/types\/post"}],"author":[{"embeddable":true,"href":"https:\/\/justicapotiguar.com.br\/index.php\/wp-json\/wp\/v2\/users\/5"}],"replies":[{"embeddable":true,"href":"https:\/\/justicapotiguar.com.br\/index.php\/wp-json\/wp\/v2\/comments?post=5392"}],"version-history":[{"count":1,"href":"https:\/\/justicapotiguar.com.br\/index.php\/wp-json\/wp\/v2\/posts\/5392\/revisions"}],"predecessor-version":[{"id":5393,"href":"https:\/\/justicapotiguar.com.br\/index.php\/wp-json\/wp\/v2\/posts\/5392\/revisions\/5393"}],"wp:featuredmedia":[{"embeddable":true,"href":"https:\/\/justicapotiguar.com.br\/index.php\/wp-json\/wp\/v2\/media\/1247"}],"wp:attachment":[{"href":"https:\/\/justicapotiguar.com.br\/index.php\/wp-json\/wp\/v2\/media?parent=5392"}],"wp:term":[{"taxonomy":"category","embeddable":true,"href":"https:\/\/justicapotiguar.com.br\/index.php\/wp-json\/wp\/v2\/categories?post=5392"},{"taxonomy":"post_tag","embeddable":true,"href":"https:\/\/justicapotiguar.com.br\/index.php\/wp-json\/wp\/v2\/tags?post=5392"}],"curies":[{"name":"wp","href":"https:\/\/api.w.org\/{rel}","templated":true}]}}