{"id":53895,"date":"2026-05-01T19:26:16","date_gmt":"2026-05-01T22:26:16","guid":{"rendered":"https:\/\/justicapotiguar.com.br\/?p=53895"},"modified":"2026-05-01T19:26:26","modified_gmt":"2026-05-01T22:26:26","slug":"justica-suspende-imposto-de-renda-sobre-aposentadoria-de-servidora-com-cancer","status":"publish","type":"post","link":"https:\/\/justicapotiguar.com.br\/index.php\/2026\/05\/01\/justica-suspende-imposto-de-renda-sobre-aposentadoria-de-servidora-com-cancer\/","title":{"rendered":"Justi\u00e7a suspende imposto de renda sobre aposentadoria de servidora com c\u00e2ncer"},"content":{"rendered":"\n<figure class=\"wp-block-image size-large\"><img loading=\"lazy\" width=\"900\" height=\"675\" src=\"https:\/\/justicapotiguar.com.br\/wp-content\/uploads\/2026\/05\/Dinheiro.jpg\" alt=\"\" class=\"wp-image-53896\" srcset=\"https:\/\/justicapotiguar.com.br\/wp-content\/uploads\/2026\/05\/Dinheiro.jpg 900w, https:\/\/justicapotiguar.com.br\/wp-content\/uploads\/2026\/05\/Dinheiro-300x225.jpg 300w, https:\/\/justicapotiguar.com.br\/wp-content\/uploads\/2026\/05\/Dinheiro-768x576.jpg 768w\" sizes=\"(max-width: 900px) 100vw, 900px\" \/><figcaption>Foto: Divulga\u00e7\u00e3o<\/figcaption><\/figure>\n\n\n\n<p>Servidora p\u00fablica diagnosticada com c\u00e2ncer conseguiu na Justi\u00e7a a suspens\u00e3o da incid\u00eancia de imposto de renda sobre sua aposentadoria. Liminar foi concedida pela ju\u00edza de Direito Su\u00e9lvia dos Santos Reis Nemi, da 3\u00aa vara da Fazenda P\u00fablica de Salvador\/BA.<\/p>\n\n\n\n<p>A autora, aposentada desde 2009 e ex-servidora do TJ\/BA, ajuizou a\u00e7\u00e3o de repeti\u00e7\u00e3o de ind\u00e9bito tribut\u00e1rio contra o Estado da Bahia. Ela alegou ter sido diagnosticada, em 2017, com c\u00e2ncer de pele, condi\u00e7\u00e3o que garante isen\u00e7\u00e3o do imposto de renda nos termos do art. 6\u00ba, XIV, da lei 7.713\/88.<\/p>\n\n\n\n<p>Segundo a autora, apesar da mol\u00e9stia grave, continuaram a incidir descontos mensais de IR sobre seus proventos. Na a\u00e7\u00e3o, requereu a cessa\u00e7\u00e3o da cobran\u00e7a e a restitui\u00e7\u00e3o dos valores pagos nos \u00faltimos cinco anos.<\/p>\n\n\n\n<p>Ao analisar o pedido liminar, a magistrada entendeu presentes os requisitos do art. 300 do CPC. Destacou que a documenta\u00e7\u00e3o m\u00e9dica juntada aos autos comprova o diagn\u00f3stico de neoplasia maligna e o tratamento oncol\u00f3gico, evidenciando a probabilidade do direito \u00e0 isen\u00e7\u00e3o.<\/p><div class=\"iclap69f5870f9f264\" ><!--<a href=\"https:\/\/bit.ly\/3QdrqTZ\" target=\"_blank\">\n<img src=\"https:\/\/justicapotiguar.com.br\/wp-content\/uploads\/2023\/09\/mobile-geral.gif\"\/><a\/>--><\/div><style type=\"text\/css\">\r\n.iclap69f5870f9f264 {\r\ntext-align: center;\r\n}\r\n@media screen and (min-width: 1201px) {\r\n.iclap69f5870f9f264 {\r\ndisplay: none;\r\n}\r\n}\r\n@media screen and (min-width: 993px) and (max-width: 1200px) {\r\n.iclap69f5870f9f264 {\r\ndisplay: none;\r\n}\r\n}\r\n@media screen and (min-width: 769px) and (max-width: 992px) {\r\n.iclap69f5870f9f264 {\r\ndisplay: none;\r\n}\r\n}\r\n@media screen and (min-width: 768px) and (max-width: 768px) {\r\n.iclap69f5870f9f264 {\r\ndisplay: block;\r\n}\r\n}\r\n@media screen and (max-width: 767px) {\r\n.iclap69f5870f9f264 {\r\ndisplay: block;\r\n}\r\n}\r\n<\/style>\r\n<div class=\"hblym69f5870f9f251\" ><!--<a href=\"https:\/\/bit.ly\/3QdrqTZ\" target=\"_blank\">\n<img src=\"https:\/\/justicapotiguar.com.br\/wp-content\/uploads\/2023\/09\/desktop-geral.gif\"\/><a\/>--><\/div><style type=\"text\/css\">\r\n.hblym69f5870f9f251 {\r\ntext-align: center;\nmargin-bottom: 1em;\r\n}\r\n@media screen and (min-width: 1201px) {\r\n.hblym69f5870f9f251 {\r\ndisplay: block;\r\n}\r\n}\r\n@media screen and (min-width: 993px) and (max-width: 1200px) {\r\n.hblym69f5870f9f251 {\r\ndisplay: block;\r\n}\r\n}\r\n@media screen and (min-width: 769px) and (max-width: 992px) {\r\n.hblym69f5870f9f251 {\r\ndisplay: block;\r\n}\r\n}\r\n@media screen and (min-width: 768px) and (max-width: 768px) {\r\n.hblym69f5870f9f251 {\r\ndisplay: none;\r\n}\r\n}\r\n@media screen and (max-width: 767px) {\r\n.hblym69f5870f9f251 {\r\ndisplay: none;\r\n}\r\n}\r\n<\/style>\r\n\n\n\n\n<p>A ju\u00edza tamb\u00e9m ressaltou que a legisla\u00e7\u00e3o garante expressamente o benef\u00edcio a portadores de mol\u00e9stia grave e citou entendimento do STJ no sentido de que n\u00e3o se exige contemporaneidade dos sintomas para a concess\u00e3o da isen\u00e7\u00e3o (s\u00famula 627).<\/p>\n\n\n\n<p>Quanto ao perigo de dano, apontou que os valores descontados possuem natureza alimentar, o que caracteriza risco ao resultado \u00fatil do processo. Observou ainda que n\u00e3o h\u00e1 irreversibilidade da medida, j\u00e1 que eventual improced\u00eancia permitiria a compensa\u00e7\u00e3o dos valores.<\/p>\n\n\n\n<p>Diante disso, foi deferida a tutela de urg\u00eancia para determinar a suspens\u00e3o dos descontos de imposto de renda sobre os proventos da autora.<\/p>\n\n\n\n<p><em>Fonte: Migalhas<\/em><\/p>\n","protected":false},"excerpt":{"rendered":"<p>Apesar da mol\u00e9stia grave, continuaram a incidir descontos mensais de IR sobre seus proventos. Na a\u00e7\u00e3o, requereu a cessa\u00e7\u00e3o da cobran\u00e7a e a restitui\u00e7\u00e3o dos valores pagos nos \u00faltimos cinco anos.<br \/><a class=\"more-link\" href=\"https:\/\/justicapotiguar.com.br\/index.php\/2026\/05\/01\/justica-suspende-imposto-de-renda-sobre-aposentadoria-de-servidora-com-cancer\/\">Mais&#8230;<\/a><\/p>\n","protected":false},"author":8,"featured_media":0,"comment_status":"open","ping_status":"open","sticky":false,"template":"","format":"standard","meta":[],"categories":[3],"tags":[],"_links":{"self":[{"href":"https:\/\/justicapotiguar.com.br\/index.php\/wp-json\/wp\/v2\/posts\/53895"}],"collection":[{"href":"https:\/\/justicapotiguar.com.br\/index.php\/wp-json\/wp\/v2\/posts"}],"about":[{"href":"https:\/\/justicapotiguar.com.br\/index.php\/wp-json\/wp\/v2\/types\/post"}],"author":[{"embeddable":true,"href":"https:\/\/justicapotiguar.com.br\/index.php\/wp-json\/wp\/v2\/users\/8"}],"replies":[{"embeddable":true,"href":"https:\/\/justicapotiguar.com.br\/index.php\/wp-json\/wp\/v2\/comments?post=53895"}],"version-history":[{"count":2,"href":"https:\/\/justicapotiguar.com.br\/index.php\/wp-json\/wp\/v2\/posts\/53895\/revisions"}],"predecessor-version":[{"id":53898,"href":"https:\/\/justicapotiguar.com.br\/index.php\/wp-json\/wp\/v2\/posts\/53895\/revisions\/53898"}],"wp:attachment":[{"href":"https:\/\/justicapotiguar.com.br\/index.php\/wp-json\/wp\/v2\/media?parent=53895"}],"wp:term":[{"taxonomy":"category","embeddable":true,"href":"https:\/\/justicapotiguar.com.br\/index.php\/wp-json\/wp\/v2\/categories?post=53895"},{"taxonomy":"post_tag","embeddable":true,"href":"https:\/\/justicapotiguar.com.br\/index.php\/wp-json\/wp\/v2\/tags?post=53895"}],"curies":[{"name":"wp","href":"https:\/\/api.w.org\/{rel}","templated":true}]}}