{"id":5389,"date":"2020-01-13T09:09:12","date_gmt":"2020-01-13T12:09:12","guid":{"rendered":"https:\/\/justicapotiguar.com.br\/?p=5389"},"modified":"2020-01-13T09:12:06","modified_gmt":"2020-01-13T12:12:06","slug":"inscricoes-para-concurso-do-mpce-co-salarios-ate-r-59-mil-seguem-ate-o-dia-21","status":"publish","type":"post","link":"https:\/\/justicapotiguar.com.br\/index.php\/2020\/01\/13\/inscricoes-para-concurso-do-mpce-co-salarios-ate-r-59-mil-seguem-ate-o-dia-21\/","title":{"rendered":"Inscri\u00e7\u00f5es para concurso do MPCE com sal\u00e1rios at\u00e9 R$ 5,9 mil seguem at\u00e9 o dia 21"},"content":{"rendered":"\n<p>Foi dada a largada para os concurseiros interessados em ingressar no Minist\u00e9rio P\u00fablico do Estado do Cear\u00e1 (MPCE) se inscreverem para concorrer no novo concurso p\u00fablico divulgado pelo \u00f3rg\u00e3o! De acordo com o edital de abertura, est\u00e3o em jogo 30 vagas de provimento imediato e forma\u00e7\u00e3o de cadastro de reserva para analista e t\u00e9cnico ministeriais. O Centro Brasileiro de Pesquisa em Avalia\u00e7\u00e3o e Sele\u00e7\u00e3o e de Promo\u00e7\u00e3o de Eventos (<a href=\"https:\/\/www.cebraspe.org.br\/\"><strong>Cebraspe<\/strong><\/a>) \u00e9 o organizador do certame e os sal\u00e1rios v\u00e3o at\u00e9 R$ 5,9 mil!\u00a0<br><\/p>\n\n\n\n<ul class=\"wp-block-gallery columns-1 is-cropped\"><li class=\"blocks-gallery-item\"><figure><img loading=\"lazy\" width=\"984\" height=\"643\" src=\"https:\/\/justicapotiguar.com.br\/wp-content\/uploads\/2019\/08\/concurso-publico-prefeitura-de-sorocaba.jpeg\" alt=\"\" data-id=\"991\" data-link=\"https:\/\/justicapotiguar.com.br\/index.php\/2019\/08\/16\/tjrn-contratacao-temporaria-nao-gera-direito-automatico-a-nomeacao-de-aprovados-fora-do-numero-de-vagas\/concurso-publico-prefeitura-de-sorocaba\/\" class=\"wp-image-991\" srcset=\"https:\/\/justicapotiguar.com.br\/wp-content\/uploads\/2019\/08\/concurso-publico-prefeitura-de-sorocaba.jpeg 984w, https:\/\/justicapotiguar.com.br\/wp-content\/uploads\/2019\/08\/concurso-publico-prefeitura-de-sorocaba-300x196.jpeg 300w, https:\/\/justicapotiguar.com.br\/wp-content\/uploads\/2019\/08\/concurso-publico-prefeitura-de-sorocaba-768x502.jpeg 768w\" sizes=\"(max-width: 984px) 100vw, 984px\" \/><figcaption>Reprodu\u00e7\u00e3o<\/figcaption><\/figure><\/li><\/ul>\n\n\n\n<p>Os interessados devem se inscrever at\u00e9 18h de 21 de janeiro. A taxa custa R$ 70 para n\u00edvel m\u00e9dio e R$ 100 reais para candidatos de n\u00edvel superior. O pagamento da taxa de inscri\u00e7\u00e3o dever\u00e1 ser efetuado at\u00e9 14 de fevereiro.\u00a0<br><strong>A sele\u00e7\u00e3o para os cargos compreender\u00e1 as seguintes fases:\u00a0a)\u00a0<\/strong>provas objetivas, de car\u00e1ter eliminat\u00f3rio e classificat\u00f3rio, para todos os cargos;<strong>b)<\/strong>\u00a0prova discursiva, de car\u00e1ter eliminat\u00f3rio e classificat\u00f3rio, para todos os cargos;<strong>c)<\/strong>\u00a0avalia\u00e7\u00e3o de t\u00edtulos, de car\u00e1ter classificat\u00f3rio, somente para o cargo de Analista Ministerial \u2013 todas as \u00e1reas.<br><\/p>\n\n\n\n<p>As provas objetivas e a prova discursiva para os cargos de analista ministerial \u2013 todas as \u00e1reas ter\u00e3o a dura\u00e7\u00e3o de quatro horas e 30 minutos e ser\u00e3o aplicadas na data prov\u00e1vel de\u00a0<strong>8 de mar\u00e7o<\/strong>, no turno da manh\u00e3.<br>J\u00e1 as provas objetivas e a prova discursiva para o cargo de t\u00e9cnico ministerial ter\u00e3o a mesma dura\u00e7\u00e3o e ser\u00e3o aplicadas no mesmo dia, s\u00f3 que no turno da tarde.\u00a0<br>Continua depois da publicidade<\/p>\n\n\n\n<p>Todas as fases do concurso, para todos os candidatos, bem como a avalia\u00e7\u00e3o biopsicossocial dos candidatos que solicitarem concorrer \u00e0s vagas reservadas \u00e0s pessoas com defici\u00eancia e o procedimento de verifica\u00e7\u00e3o da condi\u00e7\u00e3o declarada para concorrer \u00e0s vagas reservadas aos candidatos negros, ser\u00e3o realizados na cidade de<strong>&nbsp;Fortaleza\/CE<\/strong>.&nbsp;<\/p><div class=\"kljva69eec166bfaba\" ><!--<a href=\"https:\/\/bit.ly\/3QdrqTZ\" target=\"_blank\">\n<img src=\"https:\/\/justicapotiguar.com.br\/wp-content\/uploads\/2023\/09\/mobile-geral.gif\"\/><a\/>--><\/div><style type=\"text\/css\">\r\n.kljva69eec166bfaba {\r\ntext-align: center;\r\n}\r\n@media screen and (min-width: 1201px) {\r\n.kljva69eec166bfaba {\r\ndisplay: none;\r\n}\r\n}\r\n@media screen and (min-width: 993px) and (max-width: 1200px) {\r\n.kljva69eec166bfaba {\r\ndisplay: none;\r\n}\r\n}\r\n@media screen and (min-width: 769px) and (max-width: 992px) {\r\n.kljva69eec166bfaba {\r\ndisplay: none;\r\n}\r\n}\r\n@media screen and (min-width: 768px) and (max-width: 768px) {\r\n.kljva69eec166bfaba {\r\ndisplay: block;\r\n}\r\n}\r\n@media screen and (max-width: 767px) {\r\n.kljva69eec166bfaba {\r\ndisplay: block;\r\n}\r\n}\r\n<\/style>\r\n<div class=\"vjkvd69eec166bfa9d\" ><!--<a href=\"https:\/\/bit.ly\/3QdrqTZ\" target=\"_blank\">\n<img src=\"https:\/\/justicapotiguar.com.br\/wp-content\/uploads\/2023\/09\/desktop-geral.gif\"\/><a\/>--><\/div><style type=\"text\/css\">\r\n.vjkvd69eec166bfa9d {\r\ntext-align: center;\nmargin-bottom: 1em;\r\n}\r\n@media screen and (min-width: 1201px) {\r\n.vjkvd69eec166bfa9d {\r\ndisplay: block;\r\n}\r\n}\r\n@media screen and (min-width: 993px) and (max-width: 1200px) {\r\n.vjkvd69eec166bfa9d {\r\ndisplay: block;\r\n}\r\n}\r\n@media screen and (min-width: 769px) and (max-width: 992px) {\r\n.vjkvd69eec166bfa9d {\r\ndisplay: block;\r\n}\r\n}\r\n@media screen and (min-width: 768px) and (max-width: 768px) {\r\n.vjkvd69eec166bfa9d {\r\ndisplay: none;\r\n}\r\n}\r\n@media screen and (max-width: 767px) {\r\n.vjkvd69eec166bfa9d {\r\ndisplay: none;\r\n}\r\n}\r\n<\/style>\r\n\n\n\n\n<p>Confira o edital de abertura\u00a0<strong><a href=\"https:\/\/cdn.cebraspe.org.br\/concursos\/MP_CE_19_SERVIDOR\/arquivos\/ED_1_19_MPCE__SERVIDOR_ABERTURA.PDF\">aqui<\/a>!\u00a0<br><\/strong><\/p>\n\n\n\n<h3>Sobre os cargos<\/h3>\n\n\n\n<p>Para o cargo de<strong>\u00a0t\u00e9cnico ministerial<\/strong>, que exige n\u00edvel m\u00e9dio, ser\u00e3o ofertadas 12 vagas mais cadastro de reserva, sendo nove para ampla concorr\u00eancia, uma para candidatos com defici\u00eancia e duas para candidatos negros. A remunera\u00e7\u00e3o mensal \u00e9 de\u00a0<strong>R$ 4.038,91<\/strong>, composta por vencimento de R$ 2.935,08 e aux\u00edlio-alimenta\u00e7\u00e3o de R$ 1.103,83. A jornada de trabalho \u00e9 de 30 horas semanais.<br>J\u00e1 para o cargo de\u00a0<strong>analista ministerial<\/strong>, sendo necess\u00e1rio possuir n\u00edvel superior, ser\u00e3o 17 vagas mais cadastro de reserva, distribu\u00eddas nas \u00e1reas de administra\u00e7\u00e3o, biblioteconomia, ci\u00eancias cont\u00e1beis, ci\u00eancias da computa\u00e7\u00e3o, direito, engenharia civil, psicologia e servi\u00e7o social. A remunera\u00e7\u00e3o mensal \u00e9 de\u00a0<strong>R$ 5.919,42<\/strong>, composta por vencimento de R$ 4.815,59 e aux\u00edlio-alimenta\u00e7\u00e3o de R$ 1.103,83. A jornada de trabalho \u00e9 de 30 horas semanais.<\/p>\n\n\n\n<p>Correio Braziliense<\/p>\n","protected":false},"excerpt":{"rendered":"<p>A taxa custa R$ 70 para n\u00edvel m\u00e9dio e R$ 100 reais para candidatos de n\u00edvel superior<br \/><a class=\"more-link\" href=\"https:\/\/justicapotiguar.com.br\/index.php\/2020\/01\/13\/inscricoes-para-concurso-do-mpce-co-salarios-ate-r-59-mil-seguem-ate-o-dia-21\/\">Mais&#8230;<\/a><\/p>\n","protected":false},"author":5,"featured_media":991,"comment_status":"open","ping_status":"open","sticky":false,"template":"","format":"standard","meta":[],"categories":[3],"tags":[],"_links":{"self":[{"href":"https:\/\/justicapotiguar.com.br\/index.php\/wp-json\/wp\/v2\/posts\/5389"}],"collection":[{"href":"https:\/\/justicapotiguar.com.br\/index.php\/wp-json\/wp\/v2\/posts"}],"about":[{"href":"https:\/\/justicapotiguar.com.br\/index.php\/wp-json\/wp\/v2\/types\/post"}],"author":[{"embeddable":true,"href":"https:\/\/justicapotiguar.com.br\/index.php\/wp-json\/wp\/v2\/users\/5"}],"replies":[{"embeddable":true,"href":"https:\/\/justicapotiguar.com.br\/index.php\/wp-json\/wp\/v2\/comments?post=5389"}],"version-history":[{"count":2,"href":"https:\/\/justicapotiguar.com.br\/index.php\/wp-json\/wp\/v2\/posts\/5389\/revisions"}],"predecessor-version":[{"id":5391,"href":"https:\/\/justicapotiguar.com.br\/index.php\/wp-json\/wp\/v2\/posts\/5389\/revisions\/5391"}],"wp:featuredmedia":[{"embeddable":true,"href":"https:\/\/justicapotiguar.com.br\/index.php\/wp-json\/wp\/v2\/media\/991"}],"wp:attachment":[{"href":"https:\/\/justicapotiguar.com.br\/index.php\/wp-json\/wp\/v2\/media?parent=5389"}],"wp:term":[{"taxonomy":"category","embeddable":true,"href":"https:\/\/justicapotiguar.com.br\/index.php\/wp-json\/wp\/v2\/categories?post=5389"},{"taxonomy":"post_tag","embeddable":true,"href":"https:\/\/justicapotiguar.com.br\/index.php\/wp-json\/wp\/v2\/tags?post=5389"}],"curies":[{"name":"wp","href":"https:\/\/api.w.org\/{rel}","templated":true}]}}