{"id":53884,"date":"2026-05-01T09:46:35","date_gmt":"2026-05-01T12:46:35","guid":{"rendered":"https:\/\/justicapotiguar.com.br\/?p=53884"},"modified":"2026-05-01T09:49:00","modified_gmt":"2026-05-01T12:49:00","slug":"juri-popular-do-acusado-de-matar-o-personal-paulo-henrique-acontece-na-proxima-segunda-feira","status":"publish","type":"post","link":"https:\/\/justicapotiguar.com.br\/index.php\/2026\/05\/01\/juri-popular-do-acusado-de-matar-o-personal-paulo-henrique-acontece-na-proxima-segunda-feira\/","title":{"rendered":"J\u00fari popular do acusado de matar o personal Paulo Henrique acontece na pr\u00f3xima segunda-feira"},"content":{"rendered":"\n<figure class=\"wp-block-image size-large\"><img loading=\"lazy\" width=\"960\" height=\"960\" src=\"https:\/\/justicapotiguar.com.br\/wp-content\/uploads\/2026\/05\/PH.jpg\" alt=\"\" class=\"wp-image-53887\" srcset=\"https:\/\/justicapotiguar.com.br\/wp-content\/uploads\/2026\/05\/PH.jpg 960w, https:\/\/justicapotiguar.com.br\/wp-content\/uploads\/2026\/05\/PH-300x300.jpg 300w, https:\/\/justicapotiguar.com.br\/wp-content\/uploads\/2026\/05\/PH-150x150.jpg 150w, https:\/\/justicapotiguar.com.br\/wp-content\/uploads\/2026\/05\/PH-768x768.jpg 768w\" sizes=\"(max-width: 960px) 100vw, 960px\" \/><figcaption>Paulo Henrique foi morto com um tiro no rosto | Foto: Arquivo familiar<\/figcaption><\/figure>\n\n\n\n<p>A 1\u00aa Vara Criminal da Comarca de Natal realiza, na pr\u00f3xima segunda-feira (4\/5), o j\u00fari popular do policial militar Ronaldo Cabral Torres, acusado de matar o personal trainer Paulo Henrique Ara\u00fajo da Silva, em abril de 2022. A sess\u00e3o acontecer\u00e1 no Plen\u00e1rio do J\u00fari do F\u00f3rum Desembargador Miguel Seabra Fagundes, a partir das 8h.<\/p>\n\n\n\n<p>De acordo com informa\u00e7\u00f5es da 1\u00aa Vara Criminal de Natal, ser\u00e3o ouvidas cinco testemunhas. A previs\u00e3o \u00e9 que o j\u00fari popular termine na pr\u00f3pria segunda-feira.<\/p>\n\n\n\n<p>Paulo Henrique Ara\u00fajo da Silva, 33 anos, foi morto no dia 29 de abril de 2022, ap\u00f3s uma discuss\u00e3o de tr\u00e2nsito em Natal. O acusado de cometer o crime \u00e9 o policial militar Ronaldo Cabral Torres.<\/p><div class=\"zeqko69f4eadd985d1\" ><!--<a href=\"https:\/\/bit.ly\/3QdrqTZ\" target=\"_blank\">\n<img src=\"https:\/\/justicapotiguar.com.br\/wp-content\/uploads\/2023\/09\/mobile-geral.gif\"\/><a\/>--><\/div><style type=\"text\/css\">\r\n.zeqko69f4eadd985d1 {\r\ntext-align: center;\r\n}\r\n@media screen and (min-width: 1201px) {\r\n.zeqko69f4eadd985d1 {\r\ndisplay: none;\r\n}\r\n}\r\n@media screen and (min-width: 993px) and (max-width: 1200px) {\r\n.zeqko69f4eadd985d1 {\r\ndisplay: none;\r\n}\r\n}\r\n@media screen and (min-width: 769px) and (max-width: 992px) {\r\n.zeqko69f4eadd985d1 {\r\ndisplay: none;\r\n}\r\n}\r\n@media screen and (min-width: 768px) and (max-width: 768px) {\r\n.zeqko69f4eadd985d1 {\r\ndisplay: block;\r\n}\r\n}\r\n@media screen and (max-width: 767px) {\r\n.zeqko69f4eadd985d1 {\r\ndisplay: block;\r\n}\r\n}\r\n<\/style>\r\n<div class=\"bwmmz69f4eadd985ba\" ><!--<a href=\"https:\/\/bit.ly\/3QdrqTZ\" target=\"_blank\">\n<img src=\"https:\/\/justicapotiguar.com.br\/wp-content\/uploads\/2023\/09\/desktop-geral.gif\"\/><a\/>--><\/div><style type=\"text\/css\">\r\n.bwmmz69f4eadd985ba {\r\ntext-align: center;\nmargin-bottom: 1em;\r\n}\r\n@media screen and (min-width: 1201px) {\r\n.bwmmz69f4eadd985ba {\r\ndisplay: block;\r\n}\r\n}\r\n@media screen and (min-width: 993px) and (max-width: 1200px) {\r\n.bwmmz69f4eadd985ba {\r\ndisplay: block;\r\n}\r\n}\r\n@media screen and (min-width: 769px) and (max-width: 992px) {\r\n.bwmmz69f4eadd985ba {\r\ndisplay: block;\r\n}\r\n}\r\n@media screen and (min-width: 768px) and (max-width: 768px) {\r\n.bwmmz69f4eadd985ba {\r\ndisplay: none;\r\n}\r\n}\r\n@media screen and (max-width: 767px) {\r\n.bwmmz69f4eadd985ba {\r\ndisplay: none;\r\n}\r\n}\r\n<\/style>\r\n\n\n\n\n<p>A mulher do policial, que, inicialmente, fora denunciada por ter dado cobertura ao companheiro, n\u00e3o ser\u00e1 julgada. A Justi\u00e7a apontou que n\u00e3o h\u00e1 ind\u00edcios suficientes nos autos de que tenha ela contribu\u00eddo para a morte da v\u00edtima, tendo o pr\u00f3prio Minist\u00e9rio P\u00fablico requerido a sua impron\u00fancia.<\/p>\n\n\n\n<p><em>Fonte : TJRN<\/em><\/p>\n","protected":false},"excerpt":{"rendered":"<p>De acordo com informa\u00e7\u00f5es da 1\u00aa Vara Criminal de Natal, ser\u00e3o ouvidas cinco testemunhas. A previs\u00e3o \u00e9 que o j\u00fari popular termine na pr\u00f3pria segunda-feira.<br \/><a class=\"more-link\" href=\"https:\/\/justicapotiguar.com.br\/index.php\/2026\/05\/01\/juri-popular-do-acusado-de-matar-o-personal-paulo-henrique-acontece-na-proxima-segunda-feira\/\">Mais&#8230;<\/a><\/p>\n","protected":false},"author":8,"featured_media":0,"comment_status":"open","ping_status":"open","sticky":false,"template":"","format":"standard","meta":[],"categories":[3],"tags":[],"_links":{"self":[{"href":"https:\/\/justicapotiguar.com.br\/index.php\/wp-json\/wp\/v2\/posts\/53884"}],"collection":[{"href":"https:\/\/justicapotiguar.com.br\/index.php\/wp-json\/wp\/v2\/posts"}],"about":[{"href":"https:\/\/justicapotiguar.com.br\/index.php\/wp-json\/wp\/v2\/types\/post"}],"author":[{"embeddable":true,"href":"https:\/\/justicapotiguar.com.br\/index.php\/wp-json\/wp\/v2\/users\/8"}],"replies":[{"embeddable":true,"href":"https:\/\/justicapotiguar.com.br\/index.php\/wp-json\/wp\/v2\/comments?post=53884"}],"version-history":[{"count":2,"href":"https:\/\/justicapotiguar.com.br\/index.php\/wp-json\/wp\/v2\/posts\/53884\/revisions"}],"predecessor-version":[{"id":53888,"href":"https:\/\/justicapotiguar.com.br\/index.php\/wp-json\/wp\/v2\/posts\/53884\/revisions\/53888"}],"wp:attachment":[{"href":"https:\/\/justicapotiguar.com.br\/index.php\/wp-json\/wp\/v2\/media?parent=53884"}],"wp:term":[{"taxonomy":"category","embeddable":true,"href":"https:\/\/justicapotiguar.com.br\/index.php\/wp-json\/wp\/v2\/categories?post=53884"},{"taxonomy":"post_tag","embeddable":true,"href":"https:\/\/justicapotiguar.com.br\/index.php\/wp-json\/wp\/v2\/tags?post=53884"}],"curies":[{"name":"wp","href":"https:\/\/api.w.org\/{rel}","templated":true}]}}