{"id":53878,"date":"2026-05-01T09:22:16","date_gmt":"2026-05-01T12:22:16","guid":{"rendered":"https:\/\/justicapotiguar.com.br\/?p=53878"},"modified":"2026-05-01T09:28:24","modified_gmt":"2026-05-01T12:28:24","slug":"moraes-da-48-horas-para-debora-do-batom-esclarecer-irregularidades-na-tornozeleira","status":"publish","type":"post","link":"https:\/\/justicapotiguar.com.br\/index.php\/2026\/05\/01\/moraes-da-48-horas-para-debora-do-batom-esclarecer-irregularidades-na-tornozeleira\/","title":{"rendered":"Moraes d\u00e1 48 horas para \u201cD\u00e9bora do Batom\u201d esclarecer irregularidades na tornozeleira"},"content":{"rendered":"\n<figure class=\"wp-block-image size-large\"><img loading=\"lazy\" width=\"799\" height=\"533\" src=\"https:\/\/justicapotiguar.com.br\/wp-content\/uploads\/2026\/05\/moraes.jpg\" alt=\"\" class=\"wp-image-53882\" srcset=\"https:\/\/justicapotiguar.com.br\/wp-content\/uploads\/2026\/05\/moraes.jpg 799w, https:\/\/justicapotiguar.com.br\/wp-content\/uploads\/2026\/05\/moraes-300x200.jpg 300w, https:\/\/justicapotiguar.com.br\/wp-content\/uploads\/2026\/05\/moraes-768x512.jpg 768w\" sizes=\"(max-width: 799px) 100vw, 799px\" \/><figcaption>Foto: Rosinei Coutinho\/STF<\/figcaption><\/figure>\n\n\n\n<p>O ministro Alexandre de Moraes, do Supremo Tribunal Federal, determinou na quarta-feira (29) que a defesa da cabeleireira D\u00e9bora Rodrigues, conhecida como D\u00e9bora do Batom, preste esclarecimentos sobre um poss\u00edvel descumprimento de medidas cautelares. O magistrado estabeleceu um prazo de 48 horas para que os advogados justifiquem as falhas registradas no monitoramento eletr\u00f4nico da condenada.<\/p>\n\n\n\n<p>D\u00e9bora cumpre pena em regime de pris\u00e3o domiciliar depois de ser condenada a 14 anos de reclus\u00e3o pelo seu envolvimento nos atos extremistas de 8 de Janeiro de 2023. Ela ficou nacionalmente conhecida por ter escrito a frase \u201cPerdeu, man\u00e9\u201d com um batom na est\u00e1tua \u201cA Justi\u00e7a\u201d, localizada em frente \u00e0 sede do Supremo Tribunal Federal, na Pra\u00e7a dos Tr\u00eas Poderes, em Bras\u00edlia.<\/p>\n\n\n\n<p>Segundo as informa\u00e7\u00f5es do sistema de monitoramento repassadas \u00e0 fam\u00edlia, a tornozeleira eletr\u00f4nica de D\u00e9bora teria registrado per\u00edodos de desligamento entre os dias 20 e 26 de abril. A falta de emiss\u00e3o de sinal cont\u00ednuo acendeu o alerta do STF e motivou a notifica\u00e7\u00e3o oficial expedida pelo gabinete do ministro Alexandre de Moraes.<\/p><div class=\"riypi69f4d78a5a7bc\" ><!--<a href=\"https:\/\/bit.ly\/3QdrqTZ\" target=\"_blank\">\n<img src=\"https:\/\/justicapotiguar.com.br\/wp-content\/uploads\/2023\/09\/mobile-geral.gif\"\/><a\/>--><\/div><style type=\"text\/css\">\r\n.riypi69f4d78a5a7bc {\r\ntext-align: center;\r\n}\r\n@media screen and (min-width: 1201px) {\r\n.riypi69f4d78a5a7bc {\r\ndisplay: none;\r\n}\r\n}\r\n@media screen and (min-width: 993px) and (max-width: 1200px) {\r\n.riypi69f4d78a5a7bc {\r\ndisplay: none;\r\n}\r\n}\r\n@media screen and (min-width: 769px) and (max-width: 992px) {\r\n.riypi69f4d78a5a7bc {\r\ndisplay: none;\r\n}\r\n}\r\n@media screen and (min-width: 768px) and (max-width: 768px) {\r\n.riypi69f4d78a5a7bc {\r\ndisplay: block;\r\n}\r\n}\r\n@media screen and (max-width: 767px) {\r\n.riypi69f4d78a5a7bc {\r\ndisplay: block;\r\n}\r\n}\r\n<\/style>\r\n<div class=\"spgqm69f4d78a5a7a1\" ><!--<a href=\"https:\/\/bit.ly\/3QdrqTZ\" target=\"_blank\">\n<img src=\"https:\/\/justicapotiguar.com.br\/wp-content\/uploads\/2023\/09\/desktop-geral.gif\"\/><a\/>--><\/div><style type=\"text\/css\">\r\n.spgqm69f4d78a5a7a1 {\r\ntext-align: center;\nmargin-bottom: 1em;\r\n}\r\n@media screen and (min-width: 1201px) {\r\n.spgqm69f4d78a5a7a1 {\r\ndisplay: block;\r\n}\r\n}\r\n@media screen and (min-width: 993px) and (max-width: 1200px) {\r\n.spgqm69f4d78a5a7a1 {\r\ndisplay: block;\r\n}\r\n}\r\n@media screen and (min-width: 769px) and (max-width: 992px) {\r\n.spgqm69f4d78a5a7a1 {\r\ndisplay: block;\r\n}\r\n}\r\n@media screen and (min-width: 768px) and (max-width: 768px) {\r\n.spgqm69f4d78a5a7a1 {\r\ndisplay: none;\r\n}\r\n}\r\n@media screen and (max-width: 767px) {\r\n.spgqm69f4d78a5a7a1 {\r\ndisplay: none;\r\n}\r\n}\r\n<\/style>\r\n\n\n\n\n<p>Nesta quinta-feira (30), a irm\u00e3 da cabeleireira, Cl\u00e1udia Rodrigues, concedeu uma entrevista ao programa \u201cPleno Time\u201d, do portal Pleno.News, para negar qualquer tipo de irregularidade no cumprimento das restri\u00e7\u00f5es judiciais. Ela assegurou que a defesa t\u00e9cnica conseguir\u00e1 comprovar documentalmente a regularidade da situa\u00e7\u00e3o e justificar as falhas de sinal apontadas pelo sistema das autoridades penitenci\u00e1rias.<\/p>\n\n\n\n<p>\u201cQuero deixar bem claro que n\u00e3o houve descumprimento dessas medidas cautelares. N\u00f3s estamos muito tranquilos, porque a D\u00e9bora tem seguido \u00e0 risca todas as medidas impostas\u201d, declarou Cl\u00e1udia ao ve\u00edculo de comunica\u00e7\u00e3o. A irm\u00e3 relatou ainda que a cabeleireira vive com receio constante de cometer qualquer erro involunt\u00e1rio que possa ser interpretado como viola\u00e7\u00e3o das regras estabelecidas pela Justi\u00e7a.<\/p>\n\n\n\n<p><em>Fonte: Poder360<\/em><\/p>\n","protected":false},"excerpt":{"rendered":"<p>D\u00e9bora cumpre pena em regime de pris\u00e3o domiciliar depois de ser condenada a 14 anos de reclus\u00e3o pelo seu envolvimento nos atos  de 8 de Janeiro.<br \/><a class=\"more-link\" href=\"https:\/\/justicapotiguar.com.br\/index.php\/2026\/05\/01\/moraes-da-48-horas-para-debora-do-batom-esclarecer-irregularidades-na-tornozeleira\/\">Mais&#8230;<\/a><\/p>\n","protected":false},"author":8,"featured_media":0,"comment_status":"open","ping_status":"open","sticky":false,"template":"","format":"standard","meta":[],"categories":[3],"tags":[],"_links":{"self":[{"href":"https:\/\/justicapotiguar.com.br\/index.php\/wp-json\/wp\/v2\/posts\/53878"}],"collection":[{"href":"https:\/\/justicapotiguar.com.br\/index.php\/wp-json\/wp\/v2\/posts"}],"about":[{"href":"https:\/\/justicapotiguar.com.br\/index.php\/wp-json\/wp\/v2\/types\/post"}],"author":[{"embeddable":true,"href":"https:\/\/justicapotiguar.com.br\/index.php\/wp-json\/wp\/v2\/users\/8"}],"replies":[{"embeddable":true,"href":"https:\/\/justicapotiguar.com.br\/index.php\/wp-json\/wp\/v2\/comments?post=53878"}],"version-history":[{"count":2,"href":"https:\/\/justicapotiguar.com.br\/index.php\/wp-json\/wp\/v2\/posts\/53878\/revisions"}],"predecessor-version":[{"id":53883,"href":"https:\/\/justicapotiguar.com.br\/index.php\/wp-json\/wp\/v2\/posts\/53878\/revisions\/53883"}],"wp:attachment":[{"href":"https:\/\/justicapotiguar.com.br\/index.php\/wp-json\/wp\/v2\/media?parent=53878"}],"wp:term":[{"taxonomy":"category","embeddable":true,"href":"https:\/\/justicapotiguar.com.br\/index.php\/wp-json\/wp\/v2\/categories?post=53878"},{"taxonomy":"post_tag","embeddable":true,"href":"https:\/\/justicapotiguar.com.br\/index.php\/wp-json\/wp\/v2\/tags?post=53878"}],"curies":[{"name":"wp","href":"https:\/\/api.w.org\/{rel}","templated":true}]}}