{"id":53872,"date":"2026-05-01T08:45:43","date_gmt":"2026-05-01T11:45:43","guid":{"rendered":"https:\/\/justicapotiguar.com.br\/?p=53872"},"modified":"2026-05-01T08:51:02","modified_gmt":"2026-05-01T11:51:02","slug":"ministra-carmen-lucia-explica-por-que-advocacia-e-a-unica-profissao-citada-na-cf","status":"publish","type":"post","link":"https:\/\/justicapotiguar.com.br\/index.php\/2026\/05\/01\/ministra-carmen-lucia-explica-por-que-advocacia-e-a-unica-profissao-citada-na-cf\/","title":{"rendered":"Ministra C\u00e1rmen L\u00facia explica por que advocacia \u00e9 a \u00fanica profiss\u00e3o citada na CF"},"content":{"rendered":"\n<p>Durante julgamento em que o STF reconheceu a obrigatoriedade de inscri\u00e7\u00e3o de advogados p\u00fablicos na OAB para o exerc\u00edcio de suas fun\u00e7\u00f5es, C\u00e1rmen L\u00facia afirmou que a advocacia \u201c\u00e9 essencial \u00e0 administra\u00e7\u00e3o da Justi\u00e7a\u201d e constitui a \u00fanica profiss\u00e3o mencionada expressamente na Constitui\u00e7\u00e3o Federal. A ministra explicou que a previs\u00e3o reflete o papel central da advocacia no Estado Democr\u00e1tico de Direito.<\/p>\n\n\n<p><iframe loading=\"lazy\" width=\"748\" height=\"421\" src=\"https:\/\/www.youtube.com\/embed\/rAbpDg496uo\" title=\"No STF, C\u00e1rmen L\u00facia explica por que advocacia \u00e9 a \u00fanica profiss\u00e3o citada na Constitui\u00e7\u00e3o.\" frameborder=\"0\" allow=\"accelerometer; autoplay; clipboard-write; encrypted-media; gyroscope; picture-in-picture; web-share\" referrerpolicy=\"strict-origin-when-cross-origin\" allowfullscreen=\"\"><\/iframe><\/p>\n\n\n<p>Ao rememorar debates sobre o Estatuto da OAB, citou o jurista Seabra Fagundes, que defendia a fixa\u00e7\u00e3o de deveres espec\u00edficos tamb\u00e9m para advogados p\u00fablicos, dentro da compreens\u00e3o de que \u201ctodos s\u00e3o advogados\u201d e de que a atividade possui car\u00e1ter social e institucional.<\/p>\n\n\n\n<p>C\u00e1rmen lembrou que, em confer\u00eancia posteriormente publicada, Fagundes afirmou que \u201co advogado \u00e9 o \u00fanico mencionado porque o art. 1\u00ba da Constitui\u00e7\u00e3o afirma que somos um Estado Democr\u00e1tico de Direito, e o profissional do Direito \u00e9 o respons\u00e1vel por ter conhecimento t\u00e9cnico e, portanto, participar da administra\u00e7\u00e3o da Justi\u00e7a. N\u00e3o \u00e9 por nenhuma outra circunst\u00e2ncia&#8221;.<\/p><div class=\"idxmj69f4c53ab298d\" ><!--<a href=\"https:\/\/bit.ly\/3QdrqTZ\" target=\"_blank\">\n<img src=\"https:\/\/justicapotiguar.com.br\/wp-content\/uploads\/2023\/09\/mobile-geral.gif\"\/><a\/>--><\/div><style type=\"text\/css\">\r\n.idxmj69f4c53ab298d {\r\ntext-align: center;\r\n}\r\n@media screen and (min-width: 1201px) {\r\n.idxmj69f4c53ab298d {\r\ndisplay: none;\r\n}\r\n}\r\n@media screen and (min-width: 993px) and (max-width: 1200px) {\r\n.idxmj69f4c53ab298d {\r\ndisplay: none;\r\n}\r\n}\r\n@media screen and (min-width: 769px) and (max-width: 992px) {\r\n.idxmj69f4c53ab298d {\r\ndisplay: none;\r\n}\r\n}\r\n@media screen and (min-width: 768px) and (max-width: 768px) {\r\n.idxmj69f4c53ab298d {\r\ndisplay: block;\r\n}\r\n}\r\n@media screen and (max-width: 767px) {\r\n.idxmj69f4c53ab298d {\r\ndisplay: block;\r\n}\r\n}\r\n<\/style>\r\n<div class=\"zivzg69f4c53ab2971\" ><!--<a href=\"https:\/\/bit.ly\/3QdrqTZ\" target=\"_blank\">\n<img src=\"https:\/\/justicapotiguar.com.br\/wp-content\/uploads\/2023\/09\/desktop-geral.gif\"\/><a\/>--><\/div><style type=\"text\/css\">\r\n.zivzg69f4c53ab2971 {\r\ntext-align: center;\nmargin-bottom: 1em;\r\n}\r\n@media screen and (min-width: 1201px) {\r\n.zivzg69f4c53ab2971 {\r\ndisplay: block;\r\n}\r\n}\r\n@media screen and (min-width: 993px) and (max-width: 1200px) {\r\n.zivzg69f4c53ab2971 {\r\ndisplay: block;\r\n}\r\n}\r\n@media screen and (min-width: 769px) and (max-width: 992px) {\r\n.zivzg69f4c53ab2971 {\r\ndisplay: block;\r\n}\r\n}\r\n@media screen and (min-width: 768px) and (max-width: 768px) {\r\n.zivzg69f4c53ab2971 {\r\ndisplay: none;\r\n}\r\n}\r\n@media screen and (max-width: 767px) {\r\n.zivzg69f4c53ab2971 {\r\ndisplay: none;\r\n}\r\n}\r\n<\/style>\r\n\n\n\n\n<p>Nesse contexto, mencionou a preocupa\u00e7\u00e3o com a atua\u00e7\u00e3o de \u201cr\u00e1bulas\u201d na administra\u00e7\u00e3o p\u00fablica, indiv\u00edduos que, embora conhecedores de determinados casos, n\u00e3o possuem habilita\u00e7\u00e3o para o exerc\u00edcio da advocacia.<\/p>\n\n\n\n<p>Por fim, ressaltou que a refer\u00eancia ao advogado na Constitui\u00e7\u00e3o n\u00e3o decorre de circunst\u00e2ncias ocasionais, mas da pr\u00f3pria l\u00f3gica do Estado Democr\u00e1tico de Direito, que exige atua\u00e7\u00e3o t\u00e9cnica na administra\u00e7\u00e3o da Justi\u00e7a.<\/p>\n\n\n\n<p><em>Fonte: Miagalhas<\/em><\/p>\n","protected":false},"excerpt":{"rendered":"<p>A ministra ressaltou que a refer\u00eancia ao advogado na Constitui\u00e7\u00e3o n\u00e3o decorre de circunst\u00e2ncias ocasionais, mas da pr\u00f3pria l\u00f3gica do Estado Democr\u00e1tico de Direito.<br \/><a class=\"more-link\" href=\"https:\/\/justicapotiguar.com.br\/index.php\/2026\/05\/01\/ministra-carmen-lucia-explica-por-que-advocacia-e-a-unica-profissao-citada-na-cf\/\">Mais&#8230;<\/a><\/p>\n","protected":false},"author":8,"featured_media":0,"comment_status":"open","ping_status":"open","sticky":false,"template":"","format":"standard","meta":[],"categories":[3],"tags":[],"_links":{"self":[{"href":"https:\/\/justicapotiguar.com.br\/index.php\/wp-json\/wp\/v2\/posts\/53872"}],"collection":[{"href":"https:\/\/justicapotiguar.com.br\/index.php\/wp-json\/wp\/v2\/posts"}],"about":[{"href":"https:\/\/justicapotiguar.com.br\/index.php\/wp-json\/wp\/v2\/types\/post"}],"author":[{"embeddable":true,"href":"https:\/\/justicapotiguar.com.br\/index.php\/wp-json\/wp\/v2\/users\/8"}],"replies":[{"embeddable":true,"href":"https:\/\/justicapotiguar.com.br\/index.php\/wp-json\/wp\/v2\/comments?post=53872"}],"version-history":[{"count":3,"href":"https:\/\/justicapotiguar.com.br\/index.php\/wp-json\/wp\/v2\/posts\/53872\/revisions"}],"predecessor-version":[{"id":53877,"href":"https:\/\/justicapotiguar.com.br\/index.php\/wp-json\/wp\/v2\/posts\/53872\/revisions\/53877"}],"wp:attachment":[{"href":"https:\/\/justicapotiguar.com.br\/index.php\/wp-json\/wp\/v2\/media?parent=53872"}],"wp:term":[{"taxonomy":"category","embeddable":true,"href":"https:\/\/justicapotiguar.com.br\/index.php\/wp-json\/wp\/v2\/categories?post=53872"},{"taxonomy":"post_tag","embeddable":true,"href":"https:\/\/justicapotiguar.com.br\/index.php\/wp-json\/wp\/v2\/tags?post=53872"}],"curies":[{"name":"wp","href":"https:\/\/api.w.org\/{rel}","templated":true}]}}