{"id":5387,"date":"2020-01-13T08:19:58","date_gmt":"2020-01-13T11:19:58","guid":{"rendered":"https:\/\/justicapotiguar.com.br\/?p=5387"},"modified":"2020-01-13T08:19:58","modified_gmt":"2020-01-13T11:19:58","slug":"penas-pecuniarias-1o-juizado-de-parnamirim-lanca-edital-no-valor-de-r-76-mil-para-projetos","status":"publish","type":"post","link":"https:\/\/justicapotiguar.com.br\/index.php\/2020\/01\/13\/penas-pecuniarias-1o-juizado-de-parnamirim-lanca-edital-no-valor-de-r-76-mil-para-projetos\/","title":{"rendered":"Penas pecuni\u00e1rias: 1\u00ba Juizado de Parnamirim lan\u00e7a edital no valor de R$ 76 mil para projetos"},"content":{"rendered":"\n<p>A ju\u00edza Leila Pereira, titular do 1\u00ba Juizado Especial de Parnamirim, publicou edital para destina\u00e7\u00e3o de recursos de penas pecuni\u00e1rias, multas aplicadas a crimes sem necessidade de pris\u00e3o. O montante chega a R$ 76.354,80 e ser\u00e1 destinado a institui\u00e7\u00f5es p\u00fablicas e privadas, em diversas \u00e1reas de atua\u00e7\u00e3o, que tenham seus projetos aprovados.<\/p>\n\n\n\n<p>Veja&nbsp;<a href=\"http:\/\/www.tjrn.jus.br\/images\/penas_pecuniarias_parnamirim.pdf\" target=\"_blank\" rel=\"noreferrer noopener\">AQUI<\/a>&nbsp;o edital completo.<\/p>\n\n\n\n<p>Os recursos ir\u00e3o contemplar projetos com finalidade social voltados para a seguran\u00e7a p\u00fablica, educa\u00e7\u00e3o e sa\u00fade. As inscri\u00e7\u00f5es est\u00e3o&nbsp;abertas&nbsp;at\u00e9 o dia 5 de fevereiro e devem ser feitas na secretaria da unidade, localizada no F\u00f3rum de Parnamirim (Rua Sub-oficial Farias, 280, bairro Monte Castelo), no hor\u00e1rio das 8h \u00e0s 14h.<\/p>\n\n\n\n<p>O&nbsp;edital observa que ter\u00e3o prioridade na destina\u00e7\u00e3o dos recursos as entidades com atua\u00e7\u00e3o no Munic\u00edpio de Parnamirim,&nbsp;mas que caso n\u00e3o exista projeto vi\u00e1vel a ser implementado no Munic\u00edpio, os valores ser\u00e3o destinados a entidades localizadas em outros munic\u00edpios ou termos de outras comarcas.<\/p>\n\n\n\n<p>Os projetos apresentados devem seguir o roteiro de projeto t\u00e9cnico constante no edital. Eles ser\u00e3o analisados e avaliados pelo juiz respons\u00e1vel, sendo uma responsabilidade da entidade beneficiada a presta\u00e7\u00e3o de contas dos recursos recebidos.<\/p><div class=\"pabao69eec152a5d7c\" ><!--<a href=\"https:\/\/bit.ly\/3QdrqTZ\" target=\"_blank\">\n<img src=\"https:\/\/justicapotiguar.com.br\/wp-content\/uploads\/2023\/09\/mobile-geral.gif\"\/><a\/>--><\/div><style type=\"text\/css\">\r\n.pabao69eec152a5d7c {\r\ntext-align: center;\r\n}\r\n@media screen and (min-width: 1201px) {\r\n.pabao69eec152a5d7c {\r\ndisplay: none;\r\n}\r\n}\r\n@media screen and (min-width: 993px) and (max-width: 1200px) {\r\n.pabao69eec152a5d7c {\r\ndisplay: none;\r\n}\r\n}\r\n@media screen and (min-width: 769px) and (max-width: 992px) {\r\n.pabao69eec152a5d7c {\r\ndisplay: none;\r\n}\r\n}\r\n@media screen and (min-width: 768px) and (max-width: 768px) {\r\n.pabao69eec152a5d7c {\r\ndisplay: block;\r\n}\r\n}\r\n@media screen and (max-width: 767px) {\r\n.pabao69eec152a5d7c {\r\ndisplay: block;\r\n}\r\n}\r\n<\/style>\r\n<div class=\"hbcal69eec152a5d64\" ><!--<a href=\"https:\/\/bit.ly\/3QdrqTZ\" target=\"_blank\">\n<img src=\"https:\/\/justicapotiguar.com.br\/wp-content\/uploads\/2023\/09\/desktop-geral.gif\"\/><a\/>--><\/div><style type=\"text\/css\">\r\n.hbcal69eec152a5d64 {\r\ntext-align: center;\nmargin-bottom: 1em;\r\n}\r\n@media screen and (min-width: 1201px) {\r\n.hbcal69eec152a5d64 {\r\ndisplay: block;\r\n}\r\n}\r\n@media screen and (min-width: 993px) and (max-width: 1200px) {\r\n.hbcal69eec152a5d64 {\r\ndisplay: block;\r\n}\r\n}\r\n@media screen and (min-width: 769px) and (max-width: 992px) {\r\n.hbcal69eec152a5d64 {\r\ndisplay: block;\r\n}\r\n}\r\n@media screen and (min-width: 768px) and (max-width: 768px) {\r\n.hbcal69eec152a5d64 {\r\ndisplay: none;\r\n}\r\n}\r\n@media screen and (max-width: 767px) {\r\n.hbcal69eec152a5d64 {\r\ndisplay: none;\r\n}\r\n}\r\n<\/style>\r\n\n\n\n\n<p><strong>Saiba mais<\/strong><\/p>\n\n\n\n<p>Os recursos s\u00e3o oriundos de multas aplicadas a crimes sem necessidade de pris\u00e3o, as chamadas penas pecuni\u00e1rias, cujo dinheiro \u00e9 revertido para projetos sociais. S\u00e3o crimes de menor potencial ofensivo, como desacato, les\u00e3o corporal, delitos de amea\u00e7a, dentre outros.<\/p>\n\n\n\n<p>O apoio financeiro das penas pecuni\u00e1rias \u00e9 garantido desde junho de 2012, quando o Conselho Nacional de Justi\u00e7a (CNJ) editou a Resolu\u00e7\u00e3o n\u00ba 154, que criou uma pol\u00edtica institucional do Poder Judici\u00e1rio para a utiliza\u00e7\u00e3o desses recursos e cada entidade, legalmente constitu\u00edda, que tenha finalidade social e desenvolva atividade preferencialmente na \u00e1rea de seguran\u00e7a p\u00fablica, sa\u00fade e educa\u00e7\u00e3o poder\u00e1 se inscrever.<\/p>\n\n\n\n<figure class=\"wp-block-image\"><img loading=\"lazy\" width=\"640\" height=\"413\" src=\"https:\/\/justicapotiguar.com.br\/wp-content\/uploads\/2019\/08\/Martelo-da-justi\u00e7a-2.jpg\" alt=\"\" class=\"wp-image-711\" srcset=\"https:\/\/justicapotiguar.com.br\/wp-content\/uploads\/2019\/08\/Martelo-da-justi\u00e7a-2.jpg 640w, https:\/\/justicapotiguar.com.br\/wp-content\/uploads\/2019\/08\/Martelo-da-justi\u00e7a-2-300x194.jpg 300w\" sizes=\"(max-width: 640px) 100vw, 640px\" \/><figcaption>Reprodu\u00e7\u00e3o<\/figcaption><\/figure>\n","protected":false},"excerpt":{"rendered":"<p>Os recursos s\u00e3o oriundos de multas aplicadas a crimes sem necessidade de pris\u00e3o, as chamadas penas pecuni\u00e1rias<br \/><a class=\"more-link\" href=\"https:\/\/justicapotiguar.com.br\/index.php\/2020\/01\/13\/penas-pecuniarias-1o-juizado-de-parnamirim-lanca-edital-no-valor-de-r-76-mil-para-projetos\/\">Mais&#8230;<\/a><\/p>\n","protected":false},"author":5,"featured_media":711,"comment_status":"open","ping_status":"open","sticky":false,"template":"","format":"standard","meta":[],"categories":[3],"tags":[],"_links":{"self":[{"href":"https:\/\/justicapotiguar.com.br\/index.php\/wp-json\/wp\/v2\/posts\/5387"}],"collection":[{"href":"https:\/\/justicapotiguar.com.br\/index.php\/wp-json\/wp\/v2\/posts"}],"about":[{"href":"https:\/\/justicapotiguar.com.br\/index.php\/wp-json\/wp\/v2\/types\/post"}],"author":[{"embeddable":true,"href":"https:\/\/justicapotiguar.com.br\/index.php\/wp-json\/wp\/v2\/users\/5"}],"replies":[{"embeddable":true,"href":"https:\/\/justicapotiguar.com.br\/index.php\/wp-json\/wp\/v2\/comments?post=5387"}],"version-history":[{"count":1,"href":"https:\/\/justicapotiguar.com.br\/index.php\/wp-json\/wp\/v2\/posts\/5387\/revisions"}],"predecessor-version":[{"id":5388,"href":"https:\/\/justicapotiguar.com.br\/index.php\/wp-json\/wp\/v2\/posts\/5387\/revisions\/5388"}],"wp:featuredmedia":[{"embeddable":true,"href":"https:\/\/justicapotiguar.com.br\/index.php\/wp-json\/wp\/v2\/media\/711"}],"wp:attachment":[{"href":"https:\/\/justicapotiguar.com.br\/index.php\/wp-json\/wp\/v2\/media?parent=5387"}],"wp:term":[{"taxonomy":"category","embeddable":true,"href":"https:\/\/justicapotiguar.com.br\/index.php\/wp-json\/wp\/v2\/categories?post=5387"},{"taxonomy":"post_tag","embeddable":true,"href":"https:\/\/justicapotiguar.com.br\/index.php\/wp-json\/wp\/v2\/tags?post=5387"}],"curies":[{"name":"wp","href":"https:\/\/api.w.org\/{rel}","templated":true}]}}