{"id":53863,"date":"2026-05-01T08:05:00","date_gmt":"2026-05-01T11:05:00","guid":{"rendered":"https:\/\/justicapotiguar.com.br\/?p=53863"},"modified":"2026-05-01T08:10:00","modified_gmt":"2026-05-01T11:10:00","slug":"tse-mantem-cassacao-de-deputada-por-uso-de-verba-publica-em-harmonizacao-facial","status":"publish","type":"post","link":"https:\/\/justicapotiguar.com.br\/index.php\/2026\/05\/01\/tse-mantem-cassacao-de-deputada-por-uso-de-verba-publica-em-harmonizacao-facial\/","title":{"rendered":"TSE mant\u00e9m cassa\u00e7\u00e3o de deputada por uso de verba p\u00fablica em harmoniza\u00e7\u00e3o facial"},"content":{"rendered":"\n<figure class=\"wp-block-image size-large\"><img loading=\"lazy\" width=\"1024\" height=\"631\" src=\"https:\/\/justicapotiguar.com.br\/wp-content\/uploads\/2026\/05\/deputada-1024x631.jpg\" alt=\"\" class=\"wp-image-53869\" srcset=\"https:\/\/justicapotiguar.com.br\/wp-content\/uploads\/2026\/05\/deputada-1024x631.jpg 1024w, https:\/\/justicapotiguar.com.br\/wp-content\/uploads\/2026\/05\/deputada-300x185.jpg 300w, https:\/\/justicapotiguar.com.br\/wp-content\/uploads\/2026\/05\/deputada-768x473.jpg 768w, https:\/\/justicapotiguar.com.br\/wp-content\/uploads\/2026\/05\/deputada.jpg 1200w\" sizes=\"(max-width: 1024px) 100vw, 1024px\" \/><figcaption>Foto: Mario Agra\/C\u00e2mara dos Deputados<\/figcaption><\/figure>\n\n\n\n<p>Por unanimidade, o Tribunal Superior Eleitoral (TSE) manteve, nesta quinta-feira, 30, a cassa\u00e7\u00e3o do mandato da deputada federal Silvia Nobre Lopes, conhecida como Silvia Wai\u00e3pi (PL-AP), por utilizar recursos p\u00fablicos de campanha para pagar procedimento de harmoniza\u00e7\u00e3o facial nas elei\u00e7\u00f5es de 2022. O caso foi denunciado pela ent\u00e3o coordenadora de campanha da parlamentar.<\/p>\n\n\n\n<p>O pedido de cassa\u00e7\u00e3o foi apresentado pelo Minist\u00e9rio P\u00fablico (MP) Eleitoral \u00e0 Justi\u00e7a Eleitoral do Amap\u00e1. O mandato da deputada j\u00e1 havia sido cassado pelo Tribunal Regional Eleitoral do Estado (TRE\/AP), mas ela recorreu ao TSE.<\/p>\n\n\n\n<p>Segundo o MP Eleitoral, a parlamentar utilizou R$ 9 mil do Fundo Especial de Financiamento de Campanha (FEFC), quando era candidata, para custear um procedimento est\u00e9tico, o que \u00e9 proibido pela legisla\u00e7\u00e3o eleitoral. Ela foi cassada por \u201cirregularidades graves na arrecada\u00e7\u00e3o ou nos gastos de campanha\u201d.<\/p>\n\n\n\n<p>O relator do caso, ministro Andr\u00e9 Mendon\u00e7a, afirmou que os fatos foram devidamente comprovados e que a conduta da parlamentar \u201cofende diretamente a integridade moral do processo eleitoral e compromete a legitimidade do mandato obtido nas urnas\u201d. O caso estava em julgamento no plen\u00e1rio virtual, mas foi para o plen\u00e1rio f\u00edsico ap\u00f3s pedido do ministro Nunes Marques.<\/p><div class=\"eeotb69f4b420d7c95\" ><!--<a href=\"https:\/\/bit.ly\/3QdrqTZ\" target=\"_blank\">\n<img src=\"https:\/\/justicapotiguar.com.br\/wp-content\/uploads\/2023\/09\/mobile-geral.gif\"\/><a\/>--><\/div><style type=\"text\/css\">\r\n.eeotb69f4b420d7c95 {\r\ntext-align: center;\r\n}\r\n@media screen and (min-width: 1201px) {\r\n.eeotb69f4b420d7c95 {\r\ndisplay: none;\r\n}\r\n}\r\n@media screen and (min-width: 993px) and (max-width: 1200px) {\r\n.eeotb69f4b420d7c95 {\r\ndisplay: none;\r\n}\r\n}\r\n@media screen and (min-width: 769px) and (max-width: 992px) {\r\n.eeotb69f4b420d7c95 {\r\ndisplay: none;\r\n}\r\n}\r\n@media screen and (min-width: 768px) and (max-width: 768px) {\r\n.eeotb69f4b420d7c95 {\r\ndisplay: block;\r\n}\r\n}\r\n@media screen and (max-width: 767px) {\r\n.eeotb69f4b420d7c95 {\r\ndisplay: block;\r\n}\r\n}\r\n<\/style>\r\n<div class=\"czqgr69f4b420d7c76\" ><!--<a href=\"https:\/\/bit.ly\/3QdrqTZ\" target=\"_blank\">\n<img src=\"https:\/\/justicapotiguar.com.br\/wp-content\/uploads\/2023\/09\/desktop-geral.gif\"\/><a\/>--><\/div><style type=\"text\/css\">\r\n.czqgr69f4b420d7c76 {\r\ntext-align: center;\nmargin-bottom: 1em;\r\n}\r\n@media screen and (min-width: 1201px) {\r\n.czqgr69f4b420d7c76 {\r\ndisplay: block;\r\n}\r\n}\r\n@media screen and (min-width: 993px) and (max-width: 1200px) {\r\n.czqgr69f4b420d7c76 {\r\ndisplay: block;\r\n}\r\n}\r\n@media screen and (min-width: 769px) and (max-width: 992px) {\r\n.czqgr69f4b420d7c76 {\r\ndisplay: block;\r\n}\r\n}\r\n@media screen and (min-width: 768px) and (max-width: 768px) {\r\n.czqgr69f4b420d7c76 {\r\ndisplay: none;\r\n}\r\n}\r\n@media screen and (max-width: 767px) {\r\n.czqgr69f4b420d7c76 {\r\ndisplay: none;\r\n}\r\n}\r\n<\/style>\r\n\n\n\n\n<p>Na sess\u00e3o desta quinta, o vice-procurador-geral eleitoral, Alexandre Espinosa, destacou que os gastos irregulares foram comprovados por documentos e testemunhas, o que representa \u201cgrave viola\u00e7\u00e3o \u00e0 moralidade e \u00e0 transpar\u00eancia\u201d nas despesas de campanha.<\/p>\n\n\n\n<p>Ele ressaltou ainda que a deputada falsificou nota fiscal para burlar a fiscaliza\u00e7\u00e3o da Justi\u00e7a Eleitoral. \u201cO montante desviado n\u00e3o pode ser considerado irrelevante, quando estamos diante de ilegalidade qualificada e m\u00e1-f\u00e9\u201d, apontou o vice-PGE.<\/p>\n\n\n\n<p>Com a decis\u00e3o do TSE, os votos recebidos pela parlamentar ser\u00e3o anulados. Com isso haver\u00e1 rec\u00e1lculo dos quocientes eleitoral e partid\u00e1rio, para que a vaga seja redistribu\u00edda. O TSE determinou a comunica\u00e7\u00e3o imediata ao presidente do TRE\/AP para que a medida seja cumprida.<br><br><em>Fonte: InfoMoney<\/em><\/p>\n","protected":false},"excerpt":{"rendered":"<p>A parlamentar utilizou R$ 9 mil do Fundo Especial de Financiamento de Campanha, quando era candidata, para custear um procedimento est\u00e9tico, o que \u00e9 proibido pela legisla\u00e7\u00e3o eleitoral.<br \/><a class=\"more-link\" href=\"https:\/\/justicapotiguar.com.br\/index.php\/2026\/05\/01\/tse-mantem-cassacao-de-deputada-por-uso-de-verba-publica-em-harmonizacao-facial\/\">Mais&#8230;<\/a><\/p>\n","protected":false},"author":8,"featured_media":0,"comment_status":"open","ping_status":"open","sticky":false,"template":"","format":"standard","meta":[],"categories":[3],"tags":[],"_links":{"self":[{"href":"https:\/\/justicapotiguar.com.br\/index.php\/wp-json\/wp\/v2\/posts\/53863"}],"collection":[{"href":"https:\/\/justicapotiguar.com.br\/index.php\/wp-json\/wp\/v2\/posts"}],"about":[{"href":"https:\/\/justicapotiguar.com.br\/index.php\/wp-json\/wp\/v2\/types\/post"}],"author":[{"embeddable":true,"href":"https:\/\/justicapotiguar.com.br\/index.php\/wp-json\/wp\/v2\/users\/8"}],"replies":[{"embeddable":true,"href":"https:\/\/justicapotiguar.com.br\/index.php\/wp-json\/wp\/v2\/comments?post=53863"}],"version-history":[{"count":6,"href":"https:\/\/justicapotiguar.com.br\/index.php\/wp-json\/wp\/v2\/posts\/53863\/revisions"}],"predecessor-version":[{"id":53868,"href":"https:\/\/justicapotiguar.com.br\/index.php\/wp-json\/wp\/v2\/posts\/53863\/revisions\/53868"}],"wp:attachment":[{"href":"https:\/\/justicapotiguar.com.br\/index.php\/wp-json\/wp\/v2\/media?parent=53863"}],"wp:term":[{"taxonomy":"category","embeddable":true,"href":"https:\/\/justicapotiguar.com.br\/index.php\/wp-json\/wp\/v2\/categories?post=53863"},{"taxonomy":"post_tag","embeddable":true,"href":"https:\/\/justicapotiguar.com.br\/index.php\/wp-json\/wp\/v2\/tags?post=53863"}],"curies":[{"name":"wp","href":"https:\/\/api.w.org\/{rel}","templated":true}]}}