{"id":53857,"date":"2026-04-30T19:59:01","date_gmt":"2026-04-30T22:59:01","guid":{"rendered":"https:\/\/justicapotiguar.com.br\/?p=53857"},"modified":"2026-04-30T20:01:20","modified_gmt":"2026-04-30T23:01:20","slug":"supremo-tribunal-federal-decide-que-advogados-publicos-devem-ter-registro-na-oab","status":"publish","type":"post","link":"https:\/\/justicapotiguar.com.br\/index.php\/2026\/04\/30\/supremo-tribunal-federal-decide-que-advogados-publicos-devem-ter-registro-na-oab\/","title":{"rendered":"Supremo Tribunal Federal decide que advogados p\u00fablicos devem ter registro na OAB"},"content":{"rendered":"\n<figure class=\"wp-block-image size-large\"><img loading=\"lazy\" width=\"1000\" height=\"716\" src=\"https:\/\/justicapotiguar.com.br\/wp-content\/uploads\/2026\/04\/carteira-1.jpg\" alt=\"\" class=\"wp-image-53860\" srcset=\"https:\/\/justicapotiguar.com.br\/wp-content\/uploads\/2026\/04\/carteira-1.jpg 1000w, https:\/\/justicapotiguar.com.br\/wp-content\/uploads\/2026\/04\/carteira-1-300x215.jpg 300w, https:\/\/justicapotiguar.com.br\/wp-content\/uploads\/2026\/04\/carteira-1-768x550.jpg 768w\" sizes=\"(max-width: 1000px) 100vw, 1000px\" \/><figcaption>Foto: Reprodu\u00e7\u00e3o<\/figcaption><\/figure>\n\n\n\n<p>O Supremo Tribunal Federal (STF) decidiu, por maioria, que \u00e9 constitucional a exig\u00eancia de inscri\u00e7\u00e3o na Ordem dos Advogados do Brasil (OAB) para o exerc\u00edcio da advocacia p\u00fablica. A decis\u00e3o foi tomada no julgamento do Recurso Extraordin\u00e1rio (RE) 609517, com repercuss\u00e3o geral (Tema 936), conclu\u00eddo nesta quinta-feira (30).<\/p>\n\n\n\n<p>O Plen\u00e1rio fixou a tese de que a inscri\u00e7\u00e3o prevista no Estatuto da Advocacia e da OAB (Lei 8.906\/1994) \u00e9 indispens\u00e1vel, assegurando que esses profissionais se submetam, quando atuarem na fun\u00e7\u00e3o p\u00fablica, exclusivamente ao regime disciplinar do \u00f3rg\u00e3o correicional a que estejam vinculados.<\/p>\n\n\n\n<p>O caso tem repercuss\u00e3o geral \u2014 mecanismo que faz com que a decis\u00e3o do STF seja aplicada a outros processos semelhantes no Judici\u00e1rio \u2014 e discutia se o ingresso por concurso p\u00fablico seria suficiente para dispensar a inscri\u00e7\u00e3o na OAB. A controv\u00e9rsia teve origem em decis\u00e3o que permitiu a atua\u00e7\u00e3o de um advogado da Uni\u00e3o sem registro na seccional da entidade em Rond\u00f4nia.<\/p>\n\n\n\n<p>Prevaleceu a diverg\u00eancia aberta pelo ministro Edson Fachin, acompanhada na retomada do julgamento nesta quinta-feira pelo ministro Dias Toffoli e pela ministra C\u00e1rmen L\u00facia. Em agosto de 2025, j\u00e1 haviam aderido a esse entendimento os ministros Andr\u00e9 Mendon\u00e7a, Nunes Marques e Luiz Fux.<\/p>\n\n\n\n<p>Ao propor a tese, Toffoli destacou a necessidade de inscri\u00e7\u00e3o na OAB, mas fez distin\u00e7\u00e3o quanto \u00e0 esfera disciplinar. Segundo ele, quando o advogado atua na fun\u00e7\u00e3o p\u00fablica, eventual apura\u00e7\u00e3o deve ocorrer no pr\u00f3prio \u00f3rg\u00e3o. \u201cSe est\u00e1 na advocacia p\u00fablica, a correi\u00e7\u00e3o \u00e9 do \u00f3rg\u00e3o p\u00fablico; se na advocacia privada, da OAB\u201d, afirmou.<\/p><div class=\"dimyg69f49fc4c2e06\" ><!--<a href=\"https:\/\/bit.ly\/3QdrqTZ\" target=\"_blank\">\n<img src=\"https:\/\/justicapotiguar.com.br\/wp-content\/uploads\/2023\/09\/mobile-geral.gif\"\/><a\/>--><\/div><style type=\"text\/css\">\r\n.dimyg69f49fc4c2e06 {\r\ntext-align: center;\r\n}\r\n@media screen and (min-width: 1201px) {\r\n.dimyg69f49fc4c2e06 {\r\ndisplay: none;\r\n}\r\n}\r\n@media screen and (min-width: 993px) and (max-width: 1200px) {\r\n.dimyg69f49fc4c2e06 {\r\ndisplay: none;\r\n}\r\n}\r\n@media screen and (min-width: 769px) and (max-width: 992px) {\r\n.dimyg69f49fc4c2e06 {\r\ndisplay: none;\r\n}\r\n}\r\n@media screen and (min-width: 768px) and (max-width: 768px) {\r\n.dimyg69f49fc4c2e06 {\r\ndisplay: block;\r\n}\r\n}\r\n@media screen and (max-width: 767px) {\r\n.dimyg69f49fc4c2e06 {\r\ndisplay: block;\r\n}\r\n}\r\n<\/style>\r\n<div class=\"jfuti69f49fc4c2def\" ><!--<a href=\"https:\/\/bit.ly\/3QdrqTZ\" target=\"_blank\">\n<img src=\"https:\/\/justicapotiguar.com.br\/wp-content\/uploads\/2023\/09\/desktop-geral.gif\"\/><a\/>--><\/div><style type=\"text\/css\">\r\n.jfuti69f49fc4c2def {\r\ntext-align: center;\nmargin-bottom: 1em;\r\n}\r\n@media screen and (min-width: 1201px) {\r\n.jfuti69f49fc4c2def {\r\ndisplay: block;\r\n}\r\n}\r\n@media screen and (min-width: 993px) and (max-width: 1200px) {\r\n.jfuti69f49fc4c2def {\r\ndisplay: block;\r\n}\r\n}\r\n@media screen and (min-width: 769px) and (max-width: 992px) {\r\n.jfuti69f49fc4c2def {\r\ndisplay: block;\r\n}\r\n}\r\n@media screen and (min-width: 768px) and (max-width: 768px) {\r\n.jfuti69f49fc4c2def {\r\ndisplay: none;\r\n}\r\n}\r\n@media screen and (max-width: 767px) {\r\n.jfuti69f49fc4c2def {\r\ndisplay: none;\r\n}\r\n}\r\n<\/style>\r\n\n\n\n\n<p>Ficaram vencidos o relator, ministro Cristiano Zanin, e os ministros Gilmar Mendes, Alexandre de Moraes, Lu\u00eds Roberto Barroso (aposentado) e Fl\u00e1vio Dino. Para eles, a atua\u00e7\u00e3o dos advogados p\u00fablicos decorre do v\u00ednculo estatut\u00e1rio e de regras espec\u00edficas, como a Lei Complementar 73\/1993, que organiza a Advocacia-Geral da Uni\u00e3o (AGU).<\/p>\n\n\n\n<p>A tese de repercuss\u00e3o geral fixada foi a seguinte:<\/p>\n\n\n\n<p>A inscri\u00e7\u00e3o na Ordem dos Advogados do Brasil \u2013 OAB, nos termos do Estatuto da Advocacia e da OAB (Lei 8.906\/1994), \u00e9 indispens\u00e1vel aos advogados p\u00fablicos, ficando garantida a submiss\u00e3o desses profissionais quando atuem em tal qualidade exclusivamente ao poder disciplinar do \u00f3rg\u00e3o correicional competente nos termos de seu regime jur\u00eddico pr\u00f3prio.<\/p>\n\n\n\n<p><em>Fonte: STF<\/em><\/p>\n","protected":false},"excerpt":{"rendered":"<p>A controv\u00e9rsia teve origem em decis\u00e3o que permitiu a atua\u00e7\u00e3o de um advogado da Uni\u00e3o sem registro na seccional da entidade em Rond\u00f4nia.<br \/><a class=\"more-link\" href=\"https:\/\/justicapotiguar.com.br\/index.php\/2026\/04\/30\/supremo-tribunal-federal-decide-que-advogados-publicos-devem-ter-registro-na-oab\/\">Mais&#8230;<\/a><\/p>\n","protected":false},"author":8,"featured_media":0,"comment_status":"open","ping_status":"open","sticky":false,"template":"","format":"standard","meta":[],"categories":[3],"tags":[],"_links":{"self":[{"href":"https:\/\/justicapotiguar.com.br\/index.php\/wp-json\/wp\/v2\/posts\/53857"}],"collection":[{"href":"https:\/\/justicapotiguar.com.br\/index.php\/wp-json\/wp\/v2\/posts"}],"about":[{"href":"https:\/\/justicapotiguar.com.br\/index.php\/wp-json\/wp\/v2\/types\/post"}],"author":[{"embeddable":true,"href":"https:\/\/justicapotiguar.com.br\/index.php\/wp-json\/wp\/v2\/users\/8"}],"replies":[{"embeddable":true,"href":"https:\/\/justicapotiguar.com.br\/index.php\/wp-json\/wp\/v2\/comments?post=53857"}],"version-history":[{"count":4,"href":"https:\/\/justicapotiguar.com.br\/index.php\/wp-json\/wp\/v2\/posts\/53857\/revisions"}],"predecessor-version":[{"id":53862,"href":"https:\/\/justicapotiguar.com.br\/index.php\/wp-json\/wp\/v2\/posts\/53857\/revisions\/53862"}],"wp:attachment":[{"href":"https:\/\/justicapotiguar.com.br\/index.php\/wp-json\/wp\/v2\/media?parent=53857"}],"wp:term":[{"taxonomy":"category","embeddable":true,"href":"https:\/\/justicapotiguar.com.br\/index.php\/wp-json\/wp\/v2\/categories?post=53857"},{"taxonomy":"post_tag","embeddable":true,"href":"https:\/\/justicapotiguar.com.br\/index.php\/wp-json\/wp\/v2\/tags?post=53857"}],"curies":[{"name":"wp","href":"https:\/\/api.w.org\/{rel}","templated":true}]}}