{"id":53848,"date":"2026-04-30T16:24:17","date_gmt":"2026-04-30T19:24:17","guid":{"rendered":"https:\/\/justicapotiguar.com.br\/?p=53848"},"modified":"2026-04-30T16:42:27","modified_gmt":"2026-04-30T19:42:27","slug":"congresso-derruba-veto-de-lula-ao-pl-da-dosimetria","status":"publish","type":"post","link":"https:\/\/justicapotiguar.com.br\/index.php\/2026\/04\/30\/congresso-derruba-veto-de-lula-ao-pl-da-dosimetria\/","title":{"rendered":"Congresso Nacional derruba veto de Lula ao projeto de lei (PL) da Dosimetria"},"content":{"rendered":"\n<figure class=\"wp-block-image size-large\"><img loading=\"lazy\" width=\"768\" height=\"473\" src=\"https:\/\/justicapotiguar.com.br\/wp-content\/uploads\/2026\/04\/img20260430111634445-768x473-1.jpg\" alt=\"\" class=\"wp-image-53850\" srcset=\"https:\/\/justicapotiguar.com.br\/wp-content\/uploads\/2026\/04\/img20260430111634445-768x473-1.jpg 768w, https:\/\/justicapotiguar.com.br\/wp-content\/uploads\/2026\/04\/img20260430111634445-768x473-1-300x185.jpg 300w\" sizes=\"(max-width: 768px) 100vw, 768px\" \/><figcaption>Foto: Kayo Magalh\u00e3es \/ C\u00e2mara dos Deputados<\/figcaption><\/figure>\n\n\n\n<p>O Congresso Nacional derrubou nesta quinta-feira (30) o veto integral do presidente Lula ao PL da Dosimetria. Com isso, o projeto poder\u00e1 ser transformado em lei, sem a necessidade de san\u00e7\u00e3o presidencial.<\/p>\n\n\n\n<p>O projeto foi prioridade na agenda legislativa da oposi\u00e7\u00e3o desde 2024, e a derrubada do veto foi o principal item do bloco para este ano. O texto impede a cumulatividade de penas para crimes contra o Estado de Direito, al\u00e9m de flexibilizar crit\u00e9rios de progress\u00e3o de regime para reduzir o per\u00edodo de pris\u00e3o de condenados por envolvimento nos ataques de 8 de janeiro de 2023.<\/p>\n\n\n\n<p>Na C\u00e2mara, o veto obteve 318 votos pela derrubada e 144 pela manuten\u00e7\u00e3o. No Senado, foram 49 e 24.<\/p>\n\n\n\n<p>Pelo projeto, o tempo de pris\u00e3o em regime fechado do ex-presidente Jair Bolsonaro, originalmente definido em seis anos, pode cair para dois. O texto, por\u00e9m, n\u00e3o encerra sua inelegibilidade. Para ter efeito sobre as condena\u00e7\u00f5es, os advogados dever\u00e3o solicitar a revis\u00e3o de penas a partir do in\u00edcio da vig\u00eancia da nova norma.<\/p>\n\n\n\n<p>Um dos principais argumentos apresentados pelo governo no veto presidencial foi o de que o PL da Dosimetria estaria em contradi\u00e7\u00e3o com a Lei Raul Jungmann, ou Lei Antifac\u00e7\u00e3o, que cria crit\u00e9rios mais rigorosos de progress\u00e3o de regime para crimes relacionados \u00e0s atividades de fac\u00e7\u00f5es criminosas, bem como estupradores e feminicitas.<\/p><div class=\"ijoco69f4a6626cbdd\" ><!--<a href=\"https:\/\/bit.ly\/3QdrqTZ\" target=\"_blank\">\n<img src=\"https:\/\/justicapotiguar.com.br\/wp-content\/uploads\/2023\/09\/mobile-geral.gif\"\/><a\/>--><\/div><style type=\"text\/css\">\r\n.ijoco69f4a6626cbdd {\r\ntext-align: center;\r\n}\r\n@media screen and (min-width: 1201px) {\r\n.ijoco69f4a6626cbdd {\r\ndisplay: none;\r\n}\r\n}\r\n@media screen and (min-width: 993px) and (max-width: 1200px) {\r\n.ijoco69f4a6626cbdd {\r\ndisplay: none;\r\n}\r\n}\r\n@media screen and (min-width: 769px) and (max-width: 992px) {\r\n.ijoco69f4a6626cbdd {\r\ndisplay: none;\r\n}\r\n}\r\n@media screen and (min-width: 768px) and (max-width: 768px) {\r\n.ijoco69f4a6626cbdd {\r\ndisplay: block;\r\n}\r\n}\r\n@media screen and (max-width: 767px) {\r\n.ijoco69f4a6626cbdd {\r\ndisplay: block;\r\n}\r\n}\r\n<\/style>\r\n<div class=\"yuvbn69f4a6626cbc2\" ><!--<a href=\"https:\/\/bit.ly\/3QdrqTZ\" target=\"_blank\">\n<img src=\"https:\/\/justicapotiguar.com.br\/wp-content\/uploads\/2023\/09\/desktop-geral.gif\"\/><a\/>--><\/div><style type=\"text\/css\">\r\n.yuvbn69f4a6626cbc2 {\r\ntext-align: center;\nmargin-bottom: 1em;\r\n}\r\n@media screen and (min-width: 1201px) {\r\n.yuvbn69f4a6626cbc2 {\r\ndisplay: block;\r\n}\r\n}\r\n@media screen and (min-width: 993px) and (max-width: 1200px) {\r\n.yuvbn69f4a6626cbc2 {\r\ndisplay: block;\r\n}\r\n}\r\n@media screen and (min-width: 769px) and (max-width: 992px) {\r\n.yuvbn69f4a6626cbc2 {\r\ndisplay: block;\r\n}\r\n}\r\n@media screen and (min-width: 768px) and (max-width: 768px) {\r\n.yuvbn69f4a6626cbc2 {\r\ndisplay: none;\r\n}\r\n}\r\n@media screen and (max-width: 767px) {\r\n.yuvbn69f4a6626cbc2 {\r\ndisplay: none;\r\n}\r\n}\r\n<\/style>\r\n\n\n\n\n<p>Segundo o Executivo, uma derrubada do veto poderia resultar no relaxamento dessas progress\u00f5es, inclusive para crimes sexuais e de forma\u00e7\u00e3o de mil\u00edcia privada.<\/p>\n\n\n\n<p>Antes de abrir a vota\u00e7\u00e3o, o presidente Davi Alcolumbre (Uni\u00e3o-AP) anunciou que estariam prejudicados os itens do veto que criam contradi\u00e7\u00e3o entre as normas. Segundo o senador, o Congresso aprovou o PL Antifac\u00e7\u00e3o depois de ter aprovado o PL da Dosimetria, consequentemente expressando a vontade legislativa pelo modelo da Lei Raul Jungmann.<\/p>\n\n\n\n<p>A iniciativa foi alvo de protesto pela base do governo, que abriu quest\u00e3o de ordem. A oposi\u00e7\u00e3o elogiou Alcolumbre, que manteve a decis\u00e3o.<\/p>\n\n\n\n<p>A derrubada do veto ao PL da Dosimetria \u00e9 o segundo rev\u00e9s estrat\u00e9gico do governo junto ao Congresso Nacional nesta semana. Na quarta-feira (29), o Senado rejeitou, por 34 votos a 42, a indica\u00e7\u00e3o do advogado-geral da Uni\u00e3o, Jorge Messias, \u00e0 cadeira deixada pela aposentadoria de Lu\u00eds Roberto Barroso no STF.<\/p>\n\n\n\n<p><em>Fonte: Congresso em Foco<\/em><\/p>\n","protected":false},"excerpt":{"rendered":"<p>Na C\u00e2mara, o veto obteve 318 votos pela derrubada e 144 pela manuten\u00e7\u00e3o. No Senado, foram 49 e 24.<br \/><a class=\"more-link\" href=\"https:\/\/justicapotiguar.com.br\/index.php\/2026\/04\/30\/congresso-derruba-veto-de-lula-ao-pl-da-dosimetria\/\">Mais&#8230;<\/a><\/p>\n","protected":false},"author":8,"featured_media":0,"comment_status":"open","ping_status":"open","sticky":false,"template":"","format":"standard","meta":[],"categories":[3],"tags":[],"_links":{"self":[{"href":"https:\/\/justicapotiguar.com.br\/index.php\/wp-json\/wp\/v2\/posts\/53848"}],"collection":[{"href":"https:\/\/justicapotiguar.com.br\/index.php\/wp-json\/wp\/v2\/posts"}],"about":[{"href":"https:\/\/justicapotiguar.com.br\/index.php\/wp-json\/wp\/v2\/types\/post"}],"author":[{"embeddable":true,"href":"https:\/\/justicapotiguar.com.br\/index.php\/wp-json\/wp\/v2\/users\/8"}],"replies":[{"embeddable":true,"href":"https:\/\/justicapotiguar.com.br\/index.php\/wp-json\/wp\/v2\/comments?post=53848"}],"version-history":[{"count":6,"href":"https:\/\/justicapotiguar.com.br\/index.php\/wp-json\/wp\/v2\/posts\/53848\/revisions"}],"predecessor-version":[{"id":53854,"href":"https:\/\/justicapotiguar.com.br\/index.php\/wp-json\/wp\/v2\/posts\/53848\/revisions\/53854"}],"wp:attachment":[{"href":"https:\/\/justicapotiguar.com.br\/index.php\/wp-json\/wp\/v2\/media?parent=53848"}],"wp:term":[{"taxonomy":"category","embeddable":true,"href":"https:\/\/justicapotiguar.com.br\/index.php\/wp-json\/wp\/v2\/categories?post=53848"},{"taxonomy":"post_tag","embeddable":true,"href":"https:\/\/justicapotiguar.com.br\/index.php\/wp-json\/wp\/v2\/tags?post=53848"}],"curies":[{"name":"wp","href":"https:\/\/api.w.org\/{rel}","templated":true}]}}