{"id":53825,"date":"2026-04-30T09:36:16","date_gmt":"2026-04-30T12:36:16","guid":{"rendered":"https:\/\/justicapotiguar.com.br\/?p=53825"},"modified":"2026-04-30T09:36:28","modified_gmt":"2026-04-30T12:36:28","slug":"paciente-com-esclerose-lateral-amiotrofica-morre-a-espera-de-home-care-familia-sera-indenizada","status":"publish","type":"post","link":"https:\/\/justicapotiguar.com.br\/index.php\/2026\/04\/30\/paciente-com-esclerose-lateral-amiotrofica-morre-a-espera-de-home-care-familia-sera-indenizada\/","title":{"rendered":"Paciente com Esclerose Lateral Amiotr\u00f3fica morre \u00e0 espera de home care; fam\u00edlia ser\u00e1 indenizada"},"content":{"rendered":"\n<figure class=\"wp-block-image size-large\"><img loading=\"lazy\" width=\"1024\" height=\"559\" src=\"https:\/\/justicapotiguar.com.br\/wp-content\/uploads\/2026\/04\/home.jpg\" alt=\"\" class=\"wp-image-53827\" srcset=\"https:\/\/justicapotiguar.com.br\/wp-content\/uploads\/2026\/04\/home.jpg 1024w, https:\/\/justicapotiguar.com.br\/wp-content\/uploads\/2026\/04\/home-300x164.jpg 300w, https:\/\/justicapotiguar.com.br\/wp-content\/uploads\/2026\/04\/home-768x419.jpg 768w\" sizes=\"(max-width: 1024px) 100vw, 1024px\" \/><figcaption>Foto: Reprodu\u00e7\u00e3o<\/figcaption><\/figure>\n\n\n\n<p>O Judici\u00e1rio potiguar condenou uma operadora de plano de sa\u00fade por negar tratamento domiciliar (home care) a um paciente com Esclerose Lateral Amiotr\u00f3fica (ELA), doen\u00e7a grave e progressiva. O paciente morreu antes de obter a cobertura.<\/p>\n\n\n\n<p>A ju\u00edza Uefla Fernanda Duarte Fernandes, da 5\u00aa Vara C\u00edvel de Mossor\u00f3, fixou indeniza\u00e7\u00e3o por danos morais em R$ 15 mil, a ser dividida entre a vi\u00fava e os dois filhos.<\/p>\n\n\n\n<p>Segundo o processo, havia prescri\u00e7\u00e3o m\u00e9dica urgente para home care com equipe 24 horas, suporte multidisciplinar e ventila\u00e7\u00e3o n\u00e3o invasiva. Apesar de decis\u00e3o liminar favor\u00e1vel, o paciente faleceu em 2025, levando \u00e0 extin\u00e7\u00e3o do pedido de custeio, mas mantendo a an\u00e1lise da indeniza\u00e7\u00e3o.<\/p><div class=\"bjmey69f38cee9d986\" ><!--<a href=\"https:\/\/bit.ly\/3QdrqTZ\" target=\"_blank\">\n<img src=\"https:\/\/justicapotiguar.com.br\/wp-content\/uploads\/2023\/09\/mobile-geral.gif\"\/><a\/>--><\/div><style type=\"text\/css\">\r\n.bjmey69f38cee9d986 {\r\ntext-align: center;\r\n}\r\n@media screen and (min-width: 1201px) {\r\n.bjmey69f38cee9d986 {\r\ndisplay: none;\r\n}\r\n}\r\n@media screen and (min-width: 993px) and (max-width: 1200px) {\r\n.bjmey69f38cee9d986 {\r\ndisplay: none;\r\n}\r\n}\r\n@media screen and (min-width: 769px) and (max-width: 992px) {\r\n.bjmey69f38cee9d986 {\r\ndisplay: none;\r\n}\r\n}\r\n@media screen and (min-width: 768px) and (max-width: 768px) {\r\n.bjmey69f38cee9d986 {\r\ndisplay: block;\r\n}\r\n}\r\n@media screen and (max-width: 767px) {\r\n.bjmey69f38cee9d986 {\r\ndisplay: block;\r\n}\r\n}\r\n<\/style>\r\n<div class=\"tdqsk69f38cee9d96b\" ><!--<a href=\"https:\/\/bit.ly\/3QdrqTZ\" target=\"_blank\">\n<img src=\"https:\/\/justicapotiguar.com.br\/wp-content\/uploads\/2023\/09\/desktop-geral.gif\"\/><a\/>--><\/div><style type=\"text\/css\">\r\n.tdqsk69f38cee9d96b {\r\ntext-align: center;\nmargin-bottom: 1em;\r\n}\r\n@media screen and (min-width: 1201px) {\r\n.tdqsk69f38cee9d96b {\r\ndisplay: block;\r\n}\r\n}\r\n@media screen and (min-width: 993px) and (max-width: 1200px) {\r\n.tdqsk69f38cee9d96b {\r\ndisplay: block;\r\n}\r\n}\r\n@media screen and (min-width: 769px) and (max-width: 992px) {\r\n.tdqsk69f38cee9d96b {\r\ndisplay: block;\r\n}\r\n}\r\n@media screen and (min-width: 768px) and (max-width: 768px) {\r\n.tdqsk69f38cee9d96b {\r\ndisplay: none;\r\n}\r\n}\r\n@media screen and (max-width: 767px) {\r\n.tdqsk69f38cee9d96b {\r\ndisplay: none;\r\n}\r\n}\r\n<\/style>\r\n\n\n\n\n<p>A operadora alegou que o servi\u00e7o n\u00e3o estava previsto no contrato nem no rol da ANS. A magistrada, por\u00e9m, destacou a gravidade do quadro e a necessidade de interna\u00e7\u00e3o domiciliar para preserva\u00e7\u00e3o da vida.<\/p>\n\n\n\n<p>Ela tamb\u00e9m ressaltou entendimento do STJ de que \u00e9 abusiva a exclus\u00e3o de home care como alternativa \u00e0 interna\u00e7\u00e3o hospitalar. Para a ju\u00edza, a negativa violou a boa-f\u00e9 e configura falha na presta\u00e7\u00e3o do servi\u00e7o, nos termos do C\u00f3digo de Defesa do Consumidor.<\/p>\n\n\n\n<p>Na decis\u00e3o, afirmou que o dano moral \u00e9 evidente diante da vulnerabilidade do paciente e do desamparo causado pela recusa do tratamento.<br><br><em>Com informa\u00e7\u00f5es do TJRN<\/em><\/p>\n","protected":false},"excerpt":{"rendered":"<p>A magistrada ressaltou entendimento do STJ de que \u00e9 abusiva a exclus\u00e3o de home care como alternativa \u00e0 interna\u00e7\u00e3o hospitalar. <br \/><a class=\"more-link\" href=\"https:\/\/justicapotiguar.com.br\/index.php\/2026\/04\/30\/paciente-com-esclerose-lateral-amiotrofica-morre-a-espera-de-home-care-familia-sera-indenizada\/\">Mais&#8230;<\/a><\/p>\n","protected":false},"author":8,"featured_media":0,"comment_status":"open","ping_status":"open","sticky":false,"template":"","format":"standard","meta":[],"categories":[3],"tags":[],"_links":{"self":[{"href":"https:\/\/justicapotiguar.com.br\/index.php\/wp-json\/wp\/v2\/posts\/53825"}],"collection":[{"href":"https:\/\/justicapotiguar.com.br\/index.php\/wp-json\/wp\/v2\/posts"}],"about":[{"href":"https:\/\/justicapotiguar.com.br\/index.php\/wp-json\/wp\/v2\/types\/post"}],"author":[{"embeddable":true,"href":"https:\/\/justicapotiguar.com.br\/index.php\/wp-json\/wp\/v2\/users\/8"}],"replies":[{"embeddable":true,"href":"https:\/\/justicapotiguar.com.br\/index.php\/wp-json\/wp\/v2\/comments?post=53825"}],"version-history":[{"count":4,"href":"https:\/\/justicapotiguar.com.br\/index.php\/wp-json\/wp\/v2\/posts\/53825\/revisions"}],"predecessor-version":[{"id":53830,"href":"https:\/\/justicapotiguar.com.br\/index.php\/wp-json\/wp\/v2\/posts\/53825\/revisions\/53830"}],"wp:attachment":[{"href":"https:\/\/justicapotiguar.com.br\/index.php\/wp-json\/wp\/v2\/media?parent=53825"}],"wp:term":[{"taxonomy":"category","embeddable":true,"href":"https:\/\/justicapotiguar.com.br\/index.php\/wp-json\/wp\/v2\/categories?post=53825"},{"taxonomy":"post_tag","embeddable":true,"href":"https:\/\/justicapotiguar.com.br\/index.php\/wp-json\/wp\/v2\/tags?post=53825"}],"curies":[{"name":"wp","href":"https:\/\/api.w.org\/{rel}","templated":true}]}}