{"id":53815,"date":"2026-04-30T08:49:39","date_gmt":"2026-04-30T11:49:39","guid":{"rendered":"https:\/\/justicapotiguar.com.br\/?p=53815"},"modified":"2026-04-30T08:51:22","modified_gmt":"2026-04-30T11:51:22","slug":"supremo-tribunal-federal-se-manifesta-sobre-rejeicao-ao-nome-de-messias","status":"publish","type":"post","link":"https:\/\/justicapotiguar.com.br\/index.php\/2026\/04\/30\/supremo-tribunal-federal-se-manifesta-sobre-rejeicao-ao-nome-de-messias\/","title":{"rendered":"Supremo Tribunal Federal se manifesta sobre rejei\u00e7\u00e3o ao nome de Messias"},"content":{"rendered":"\n<figure class=\"wp-block-image size-large\"><img loading=\"lazy\" width=\"799\" height=\"533\" src=\"https:\/\/justicapotiguar.com.br\/wp-content\/uploads\/2026\/04\/STF-5.jpg\" alt=\"\" class=\"wp-image-53817\" srcset=\"https:\/\/justicapotiguar.com.br\/wp-content\/uploads\/2026\/04\/STF-5.jpg 799w, https:\/\/justicapotiguar.com.br\/wp-content\/uploads\/2026\/04\/STF-5-300x200.jpg 300w, https:\/\/justicapotiguar.com.br\/wp-content\/uploads\/2026\/04\/STF-5-768x512.jpg 768w\" sizes=\"(max-width: 799px) 100vw, 799px\" \/><figcaption>Foto: Luiz Silveira\/STF<\/figcaption><\/figure>\n\n\n\n<p>O Supremo Tribunal Federal (STF) emitiu nota sobre a rejei\u00e7\u00e3o \u00e0 indica\u00e7\u00e3o de Jorge Messias, nesta quarta-feira (29\/4), no Senado Federal: \u201cA Corte aguarda, com a serenidade e o senso de responsabilidade institucional, as provid\u00eancias constitucionais cab\u00edveis para o oportuno preenchimento da vaga em aberto\u201c, afirmou o presidente da Corte, ministro Edson Fachin.<\/p>\n\n\n\n<p>Indicado pelo presidente Luiz In\u00e1cio Lula da Silva (PT), Messias foi rejeitado pelo plen\u00e1rio do Senado por 42 votos a 34. A rejei\u00e7\u00e3o \u00e9 uma derrota do governo Lula e representou uma vit\u00f3ria para a oposi\u00e7\u00e3o e para o presidente da Casa, Davi Alcolumbre (Uni\u00e3o-AP), que era contr\u00e1rio ao nome do advogado-geral da Uni\u00e3o.<\/p>\n\n\n\n<p>Veja nota na \u00edntegra:<\/p>\n\n\n\n<p>\u201cNOTA DA PRESID\u00caNCIA DO SUPREMO TRIBUNAL FEDERAL<\/p>\n\n\n\n<p>A Presid\u00eancia do Supremo Tribunal Federal toma conhecimento da decis\u00e3o do Senado Federal de n\u00e3o aprovar, em sess\u00e3o plen\u00e1ria realizada nesta data, a indica\u00e7\u00e3o submetida para o preenchimento de vaga nesta Corte.<\/p><div class=\"wqnhn69f36619d008a\" ><!--<a href=\"https:\/\/bit.ly\/3QdrqTZ\" target=\"_blank\">\n<img src=\"https:\/\/justicapotiguar.com.br\/wp-content\/uploads\/2023\/09\/mobile-geral.gif\"\/><a\/>--><\/div><style type=\"text\/css\">\r\n.wqnhn69f36619d008a {\r\ntext-align: center;\r\n}\r\n@media screen and (min-width: 1201px) {\r\n.wqnhn69f36619d008a {\r\ndisplay: none;\r\n}\r\n}\r\n@media screen and (min-width: 993px) and (max-width: 1200px) {\r\n.wqnhn69f36619d008a {\r\ndisplay: none;\r\n}\r\n}\r\n@media screen and (min-width: 769px) and (max-width: 992px) {\r\n.wqnhn69f36619d008a {\r\ndisplay: none;\r\n}\r\n}\r\n@media screen and (min-width: 768px) and (max-width: 768px) {\r\n.wqnhn69f36619d008a {\r\ndisplay: block;\r\n}\r\n}\r\n@media screen and (max-width: 767px) {\r\n.wqnhn69f36619d008a {\r\ndisplay: block;\r\n}\r\n}\r\n<\/style>\r\n<div class=\"bxurq69f36619d006e\" ><!--<a href=\"https:\/\/bit.ly\/3QdrqTZ\" target=\"_blank\">\n<img src=\"https:\/\/justicapotiguar.com.br\/wp-content\/uploads\/2023\/09\/desktop-geral.gif\"\/><a\/>--><\/div><style type=\"text\/css\">\r\n.bxurq69f36619d006e {\r\ntext-align: center;\nmargin-bottom: 1em;\r\n}\r\n@media screen and (min-width: 1201px) {\r\n.bxurq69f36619d006e {\r\ndisplay: block;\r\n}\r\n}\r\n@media screen and (min-width: 993px) and (max-width: 1200px) {\r\n.bxurq69f36619d006e {\r\ndisplay: block;\r\n}\r\n}\r\n@media screen and (min-width: 769px) and (max-width: 992px) {\r\n.bxurq69f36619d006e {\r\ndisplay: block;\r\n}\r\n}\r\n@media screen and (min-width: 768px) and (max-width: 768px) {\r\n.bxurq69f36619d006e {\r\ndisplay: none;\r\n}\r\n}\r\n@media screen and (max-width: 767px) {\r\n.bxurq69f36619d006e {\r\ndisplay: none;\r\n}\r\n}\r\n<\/style>\r\n\n\n\n\n<p>O Supremo Tribunal Federal reafirma seu respeito \u00e0 prerrogativa constitucional do Senado Federal.<\/p>\n\n\n\n<p>Reitera, igualmente, o respeito \u00e0 hist\u00f3ria pessoal e institucional de todos os agentes p\u00fablicos envolvidos no processo, reconhecendo que a vida republicana se fortalece quando diverg\u00eancias s\u00e3o tratadas com eleva\u00e7\u00e3o, urbanidade e responsabilidade p\u00fablica.<\/p>\n\n\n\n<p>A Corte aguarda, com a serenidade e o senso de responsabilidade institucional, as provid\u00eancias constitucionais cab\u00edveis para o oportuno preenchimento da vaga em aberto\u201d.<\/p>\n\n\n\n<p><em>Fonte: Metr\u00f3poles<\/em><\/p>\n","protected":false},"excerpt":{"rendered":"<p>Indicado pelo presidente Luiz In\u00e1cio Lula da Silva (PT), Messias foi rejeitado pelo plen\u00e1rio do Senado por 42 votos a 34. <br \/><a class=\"more-link\" href=\"https:\/\/justicapotiguar.com.br\/index.php\/2026\/04\/30\/supremo-tribunal-federal-se-manifesta-sobre-rejeicao-ao-nome-de-messias\/\">Mais&#8230;<\/a><\/p>\n","protected":false},"author":8,"featured_media":0,"comment_status":"open","ping_status":"open","sticky":false,"template":"","format":"standard","meta":[],"categories":[3],"tags":[],"_links":{"self":[{"href":"https:\/\/justicapotiguar.com.br\/index.php\/wp-json\/wp\/v2\/posts\/53815"}],"collection":[{"href":"https:\/\/justicapotiguar.com.br\/index.php\/wp-json\/wp\/v2\/posts"}],"about":[{"href":"https:\/\/justicapotiguar.com.br\/index.php\/wp-json\/wp\/v2\/types\/post"}],"author":[{"embeddable":true,"href":"https:\/\/justicapotiguar.com.br\/index.php\/wp-json\/wp\/v2\/users\/8"}],"replies":[{"embeddable":true,"href":"https:\/\/justicapotiguar.com.br\/index.php\/wp-json\/wp\/v2\/comments?post=53815"}],"version-history":[{"count":3,"href":"https:\/\/justicapotiguar.com.br\/index.php\/wp-json\/wp\/v2\/posts\/53815\/revisions"}],"predecessor-version":[{"id":53819,"href":"https:\/\/justicapotiguar.com.br\/index.php\/wp-json\/wp\/v2\/posts\/53815\/revisions\/53819"}],"wp:attachment":[{"href":"https:\/\/justicapotiguar.com.br\/index.php\/wp-json\/wp\/v2\/media?parent=53815"}],"wp:term":[{"taxonomy":"category","embeddable":true,"href":"https:\/\/justicapotiguar.com.br\/index.php\/wp-json\/wp\/v2\/categories?post=53815"},{"taxonomy":"post_tag","embeddable":true,"href":"https:\/\/justicapotiguar.com.br\/index.php\/wp-json\/wp\/v2\/tags?post=53815"}],"curies":[{"name":"wp","href":"https:\/\/api.w.org\/{rel}","templated":true}]}}