{"id":53808,"date":"2026-04-29T20:11:25","date_gmt":"2026-04-29T23:11:25","guid":{"rendered":"https:\/\/justicapotiguar.com.br\/?p=53808"},"modified":"2026-04-29T20:14:54","modified_gmt":"2026-04-29T23:14:54","slug":"saiba-o-que-acontece-depois-de-rejeicao-de-jorge-messias-no-senado","status":"publish","type":"post","link":"https:\/\/justicapotiguar.com.br\/index.php\/2026\/04\/29\/saiba-o-que-acontece-depois-de-rejeicao-de-jorge-messias-no-senado\/","title":{"rendered":"Rejei\u00e7\u00e3o de Jorge Messias: entenda os pr\u00f3ximos passos ap\u00f3s decis\u00e3o do Senado"},"content":{"rendered":"\n<figure class=\"wp-block-image size-large\"><img loading=\"lazy\" width=\"860\" height=\"570\" src=\"https:\/\/justicapotiguar.com.br\/wp-content\/uploads\/2026\/04\/messias-2.jpg\" alt=\"\" class=\"wp-image-53810\" srcset=\"https:\/\/justicapotiguar.com.br\/wp-content\/uploads\/2026\/04\/messias-2.jpg 860w, https:\/\/justicapotiguar.com.br\/wp-content\/uploads\/2026\/04\/messias-2-300x199.jpg 300w, https:\/\/justicapotiguar.com.br\/wp-content\/uploads\/2026\/04\/messias-2-768x509.jpg 768w\" sizes=\"(max-width: 860px) 100vw, 860px\" \/><figcaption>Foto: Carlos Moura\/Ag\u00eancia Senado<\/figcaption><\/figure>\n\n\n\n<p>Em uma decis\u00e3o sem precedentes na hist\u00f3ria recente, o Senado Federal rejeitou nesta quarta-feira (29) a indica\u00e7\u00e3o de Jorge Messias para o Supremo Tribunal Federal. O nome do atual ministro da Advocacia Geral da Uni\u00e3o alcan\u00e7ou apenas 34 dos 41 votos necess\u00e1rios no plen\u00e1rio, consolidando a maior derrota pol\u00edtica do 3\u00ba mandato do presidente Luiz In\u00e1cio Lula da Silva (PT).<\/p>\n\n\n\n<p>Com a rejei\u00e7\u00e3o, o processo de indica\u00e7\u00e3o \u00e9 integralmente arquivado. Lula ter\u00e1 agora de escolher um novo nome.<\/p>\n\n\n\n<p>O rito formal exige:<\/p><div class=\"xqnhe69f3549e114e0\" ><!--<a href=\"https:\/\/bit.ly\/3QdrqTZ\" target=\"_blank\">\n<img src=\"https:\/\/justicapotiguar.com.br\/wp-content\/uploads\/2023\/09\/mobile-geral.gif\"\/><a\/>--><\/div><style type=\"text\/css\">\r\n.xqnhe69f3549e114e0 {\r\ntext-align: center;\r\n}\r\n@media screen and (min-width: 1201px) {\r\n.xqnhe69f3549e114e0 {\r\ndisplay: none;\r\n}\r\n}\r\n@media screen and (min-width: 993px) and (max-width: 1200px) {\r\n.xqnhe69f3549e114e0 {\r\ndisplay: none;\r\n}\r\n}\r\n@media screen and (min-width: 769px) and (max-width: 992px) {\r\n.xqnhe69f3549e114e0 {\r\ndisplay: none;\r\n}\r\n}\r\n@media screen and (min-width: 768px) and (max-width: 768px) {\r\n.xqnhe69f3549e114e0 {\r\ndisplay: block;\r\n}\r\n}\r\n@media screen and (max-width: 767px) {\r\n.xqnhe69f3549e114e0 {\r\ndisplay: block;\r\n}\r\n}\r\n<\/style>\r\n<div class=\"avgpq69f3549e114c4\" ><!--<a href=\"https:\/\/bit.ly\/3QdrqTZ\" target=\"_blank\">\n<img src=\"https:\/\/justicapotiguar.com.br\/wp-content\/uploads\/2023\/09\/desktop-geral.gif\"\/><a\/>--><\/div><style type=\"text\/css\">\r\n.avgpq69f3549e114c4 {\r\ntext-align: center;\nmargin-bottom: 1em;\r\n}\r\n@media screen and (min-width: 1201px) {\r\n.avgpq69f3549e114c4 {\r\ndisplay: block;\r\n}\r\n}\r\n@media screen and (min-width: 993px) and (max-width: 1200px) {\r\n.avgpq69f3549e114c4 {\r\ndisplay: block;\r\n}\r\n}\r\n@media screen and (min-width: 769px) and (max-width: 992px) {\r\n.avgpq69f3549e114c4 {\r\ndisplay: block;\r\n}\r\n}\r\n@media screen and (min-width: 768px) and (max-width: 768px) {\r\n.avgpq69f3549e114c4 {\r\ndisplay: none;\r\n}\r\n}\r\n@media screen and (max-width: 767px) {\r\n.avgpq69f3549e114c4 {\r\ndisplay: none;\r\n}\r\n}\r\n<\/style>\r\n\n\n\n\n<ul><li>Nova Mensagem: O presidente precisa enviar uma nova indica\u00e7\u00e3o ao Senado;<\/li><\/ul>\n\n\n\n<ul><li>Novo Ciclo: O indicado passar\u00e1 por nova an\u00e1lise de curr\u00edculo e<br>nova sabatina na CCJ;<\/li><\/ul>\n\n\n\n<ul><li>Vota\u00e7\u00e3o: O nome precisar\u00e1 ser submetido novamente ao plen\u00e1rio da Casa Alta.<\/li><\/ul>\n\n\n\n<p>O \u00fanico precedente de rejei\u00e7\u00e3o de ministros ao STF ocorreu em 1894, durante o governo de Floriano Peixoto. Na hist\u00f3ria moderna, todos os indicados haviam sido aprovados, mesmo com placares apertados, como os de Fl\u00e1vio Dino e Andr\u00e9 Mendon\u00e7a.<\/p>\n\n\n\n<p>A cadeira deixada por Lu\u00eds Roberto Barroso seguir\u00e1 vazia, e o governo Lula entra agora em um per\u00edodo de conten\u00e7\u00e3o de danos para tentar reorganizar sua base aliada no Congresso.<\/p>\n\n\n\n<p><em>Fonte: Poder360<\/em><\/p>\n","protected":false},"excerpt":{"rendered":"<p>Com a rejei\u00e7\u00e3o, o processo de indica\u00e7\u00e3o \u00e9 integralmente arquivado. Lula ter\u00e1 agora de escolher um novo nome.<br \/><a class=\"more-link\" href=\"https:\/\/justicapotiguar.com.br\/index.php\/2026\/04\/29\/saiba-o-que-acontece-depois-de-rejeicao-de-jorge-messias-no-senado\/\">Mais&#8230;<\/a><\/p>\n","protected":false},"author":8,"featured_media":0,"comment_status":"open","ping_status":"open","sticky":false,"template":"","format":"standard","meta":[],"categories":[3],"tags":[],"_links":{"self":[{"href":"https:\/\/justicapotiguar.com.br\/index.php\/wp-json\/wp\/v2\/posts\/53808"}],"collection":[{"href":"https:\/\/justicapotiguar.com.br\/index.php\/wp-json\/wp\/v2\/posts"}],"about":[{"href":"https:\/\/justicapotiguar.com.br\/index.php\/wp-json\/wp\/v2\/types\/post"}],"author":[{"embeddable":true,"href":"https:\/\/justicapotiguar.com.br\/index.php\/wp-json\/wp\/v2\/users\/8"}],"replies":[{"embeddable":true,"href":"https:\/\/justicapotiguar.com.br\/index.php\/wp-json\/wp\/v2\/comments?post=53808"}],"version-history":[{"count":4,"href":"https:\/\/justicapotiguar.com.br\/index.php\/wp-json\/wp\/v2\/posts\/53808\/revisions"}],"predecessor-version":[{"id":53814,"href":"https:\/\/justicapotiguar.com.br\/index.php\/wp-json\/wp\/v2\/posts\/53808\/revisions\/53814"}],"wp:attachment":[{"href":"https:\/\/justicapotiguar.com.br\/index.php\/wp-json\/wp\/v2\/media?parent=53808"}],"wp:term":[{"taxonomy":"category","embeddable":true,"href":"https:\/\/justicapotiguar.com.br\/index.php\/wp-json\/wp\/v2\/categories?post=53808"},{"taxonomy":"post_tag","embeddable":true,"href":"https:\/\/justicapotiguar.com.br\/index.php\/wp-json\/wp\/v2\/tags?post=53808"}],"curies":[{"name":"wp","href":"https:\/\/api.w.org\/{rel}","templated":true}]}}