{"id":53791,"date":"2026-04-29T15:59:10","date_gmt":"2026-04-29T18:59:10","guid":{"rendered":"https:\/\/justicapotiguar.com.br\/?p=53791"},"modified":"2026-04-29T16:02:14","modified_gmt":"2026-04-29T19:02:14","slug":"senador-rogerio-marinho-declara-que-votou-contra-jorge-messias-para-vaga-ao-stf","status":"publish","type":"post","link":"https:\/\/justicapotiguar.com.br\/index.php\/2026\/04\/29\/senador-rogerio-marinho-declara-que-votou-contra-jorge-messias-para-vaga-ao-stf\/","title":{"rendered":"Senador Rog\u00e9rio Marinho declara que votou contra Jorge Messias para vaga ao STF"},"content":{"rendered":"\n<figure class=\"wp-block-image size-large\"><img loading=\"lazy\" width=\"900\" height=\"615\" src=\"https:\/\/justicapotiguar.com.br\/wp-content\/uploads\/2026\/04\/01KQD8TCF8X44SFBFE9JNT2FSB.jpg\" alt=\"\" class=\"wp-image-53794\" srcset=\"https:\/\/justicapotiguar.com.br\/wp-content\/uploads\/2026\/04\/01KQD8TCF8X44SFBFE9JNT2FSB.jpg 900w, https:\/\/justicapotiguar.com.br\/wp-content\/uploads\/2026\/04\/01KQD8TCF8X44SFBFE9JNT2FSB-300x205.jpg 300w, https:\/\/justicapotiguar.com.br\/wp-content\/uploads\/2026\/04\/01KQD8TCF8X44SFBFE9JNT2FSB-768x525.jpg 768w\" sizes=\"(max-width: 900px) 100vw, 900px\" \/><figcaption>Cr\u00e9dito: Ag\u00eancia Senado<\/figcaption><\/figure>\n\n\n\n<p>O senador Rog\u00e9rio Marinho (PL-RN) declarou nesta quarta-feira, 29, durante sabatina de Jorge Messias na Comiss\u00e3o de Constitui\u00e7\u00e3o e Justi\u00e7a (CCJ) do Senado, que votou contra a indica\u00e7\u00e3o do advogado-geral da Uni\u00e3o para uma vaga no Supremo Tribunal Federal (STF). A movimenta\u00e7\u00e3o ocorre ap\u00f3s o presidente Lula oficializar a indica\u00e7\u00e3o de Jorge Messias ao STF meses antes.<\/p>\n\n\n\n<p>Durante sua interven\u00e7\u00e3o na CCJ, Rog\u00e9rio Marinho teceu duras cr\u00edticas \u00e0 atua\u00e7\u00e3o da Advocacia-Geral da Uni\u00e3o (AGU) no combate \u00e0 desinforma\u00e7\u00e3o. Segundo o parlamentar, a pasta teria criado um \u201cMinist\u00e9rio da Verdade\u201d, em uma clara alus\u00e3o \u00e0 distopia presente na obra \u201c1984\u201d de George Orwell. Essa atua\u00e7\u00e3o, na vis\u00e3o do senador, levanta s\u00e9rias preocupa\u00e7\u00f5es sobre a liberdade de express\u00e3o no pa\u00eds.<\/p><div class=\"guezd69f354800fd23\" ><!--<a href=\"https:\/\/bit.ly\/3QdrqTZ\" target=\"_blank\">\n<img src=\"https:\/\/justicapotiguar.com.br\/wp-content\/uploads\/2023\/09\/mobile-geral.gif\"\/><a\/>--><\/div><style type=\"text\/css\">\r\n.guezd69f354800fd23 {\r\ntext-align: center;\r\n}\r\n@media screen and (min-width: 1201px) {\r\n.guezd69f354800fd23 {\r\ndisplay: none;\r\n}\r\n}\r\n@media screen and (min-width: 993px) and (max-width: 1200px) {\r\n.guezd69f354800fd23 {\r\ndisplay: none;\r\n}\r\n}\r\n@media screen and (min-width: 769px) and (max-width: 992px) {\r\n.guezd69f354800fd23 {\r\ndisplay: none;\r\n}\r\n}\r\n@media screen and (min-width: 768px) and (max-width: 768px) {\r\n.guezd69f354800fd23 {\r\ndisplay: block;\r\n}\r\n}\r\n@media screen and (max-width: 767px) {\r\n.guezd69f354800fd23 {\r\ndisplay: block;\r\n}\r\n}\r\n<\/style>\r\n<div class=\"dtoyd69f354800fd07\" ><!--<a href=\"https:\/\/bit.ly\/3QdrqTZ\" target=\"_blank\">\n<img src=\"https:\/\/justicapotiguar.com.br\/wp-content\/uploads\/2023\/09\/desktop-geral.gif\"\/><a\/>--><\/div><style type=\"text\/css\">\r\n.dtoyd69f354800fd07 {\r\ntext-align: center;\nmargin-bottom: 1em;\r\n}\r\n@media screen and (min-width: 1201px) {\r\n.dtoyd69f354800fd07 {\r\ndisplay: block;\r\n}\r\n}\r\n@media screen and (min-width: 993px) and (max-width: 1200px) {\r\n.dtoyd69f354800fd07 {\r\ndisplay: block;\r\n}\r\n}\r\n@media screen and (min-width: 769px) and (max-width: 992px) {\r\n.dtoyd69f354800fd07 {\r\ndisplay: block;\r\n}\r\n}\r\n@media screen and (min-width: 768px) and (max-width: 768px) {\r\n.dtoyd69f354800fd07 {\r\ndisplay: none;\r\n}\r\n}\r\n@media screen and (max-width: 767px) {\r\n.dtoyd69f354800fd07 {\r\ndisplay: none;\r\n}\r\n}\r\n<\/style>\r\n\n\n\n\n<p>O senador do Rio Grande do Norte tamb\u00e9m direcionou seus questionamentos a Jorge Messias sobre os chamados \u201cinqu\u00e9ritos intermin\u00e1veis\u201d que tramitam no Supremo Tribunal Federal. Marinho argumentou que esses inqu\u00e9ritos concentram um poder excessivo nas m\u00e3os de um \u00fanico ministro, a quem ele atribuiu a condi\u00e7\u00e3o pejorativa de \u201cxerife do Brasil\u201d, indicando uma centraliza\u00e7\u00e3o de decis\u00f5es que deveria ser evitada em uma corte plural.<\/p>\n\n\n\n<p><em>Com informa\u00e7\u00f5es da Isto\u00c9<\/em><\/p>\n","protected":false},"excerpt":{"rendered":"<p>Durante sua interven\u00e7\u00e3o na CCJ, Rog\u00e9rio Marinho teceu duras cr\u00edticas \u00e0 atua\u00e7\u00e3o da Advocacia-Geral da Uni\u00e3o (AGU) no combate \u00e0 desinforma\u00e7\u00e3o. <br \/><a class=\"more-link\" href=\"https:\/\/justicapotiguar.com.br\/index.php\/2026\/04\/29\/senador-rogerio-marinho-declara-que-votou-contra-jorge-messias-para-vaga-ao-stf\/\">Mais&#8230;<\/a><\/p>\n","protected":false},"author":8,"featured_media":0,"comment_status":"open","ping_status":"open","sticky":false,"template":"","format":"standard","meta":[],"categories":[3],"tags":[],"_links":{"self":[{"href":"https:\/\/justicapotiguar.com.br\/index.php\/wp-json\/wp\/v2\/posts\/53791"}],"collection":[{"href":"https:\/\/justicapotiguar.com.br\/index.php\/wp-json\/wp\/v2\/posts"}],"about":[{"href":"https:\/\/justicapotiguar.com.br\/index.php\/wp-json\/wp\/v2\/types\/post"}],"author":[{"embeddable":true,"href":"https:\/\/justicapotiguar.com.br\/index.php\/wp-json\/wp\/v2\/users\/8"}],"replies":[{"embeddable":true,"href":"https:\/\/justicapotiguar.com.br\/index.php\/wp-json\/wp\/v2\/comments?post=53791"}],"version-history":[{"count":3,"href":"https:\/\/justicapotiguar.com.br\/index.php\/wp-json\/wp\/v2\/posts\/53791\/revisions"}],"predecessor-version":[{"id":53797,"href":"https:\/\/justicapotiguar.com.br\/index.php\/wp-json\/wp\/v2\/posts\/53791\/revisions\/53797"}],"wp:attachment":[{"href":"https:\/\/justicapotiguar.com.br\/index.php\/wp-json\/wp\/v2\/media?parent=53791"}],"wp:term":[{"taxonomy":"category","embeddable":true,"href":"https:\/\/justicapotiguar.com.br\/index.php\/wp-json\/wp\/v2\/categories?post=53791"},{"taxonomy":"post_tag","embeddable":true,"href":"https:\/\/justicapotiguar.com.br\/index.php\/wp-json\/wp\/v2\/tags?post=53791"}],"curies":[{"name":"wp","href":"https:\/\/api.w.org\/{rel}","templated":true}]}}