{"id":53780,"date":"2026-04-29T06:11:45","date_gmt":"2026-04-29T09:11:45","guid":{"rendered":"https:\/\/justicapotiguar.com.br\/?p=53780"},"modified":"2026-04-29T06:13:37","modified_gmt":"2026-04-29T09:13:37","slug":"moraes-diz-que-parlamentares-querem-likes-ao-atacar-stf-eleitor-nao-quer-essa-histeria","status":"publish","type":"post","link":"https:\/\/justicapotiguar.com.br\/index.php\/2026\/04\/29\/moraes-diz-que-parlamentares-querem-likes-ao-atacar-stf-eleitor-nao-quer-essa-histeria\/","title":{"rendered":"Moraes diz que parlamentares \u2018querem likes\u2019 ao atacar STF: \u2018Eleitor n\u00e3o quer essa histeria\u2019"},"content":{"rendered":"\n<figure class=\"wp-block-image size-large\"><img loading=\"lazy\" width=\"800\" height=\"534\" src=\"https:\/\/justicapotiguar.com.br\/wp-content\/uploads\/2026\/04\/55237318460_e8d754c26d_c.jpg\" alt=\"\" class=\"wp-image-53782\" srcset=\"https:\/\/justicapotiguar.com.br\/wp-content\/uploads\/2026\/04\/55237318460_e8d754c26d_c.jpg 800w, https:\/\/justicapotiguar.com.br\/wp-content\/uploads\/2026\/04\/55237318460_e8d754c26d_c-300x200.jpg 300w, https:\/\/justicapotiguar.com.br\/wp-content\/uploads\/2026\/04\/55237318460_e8d754c26d_c-768x513.jpg 768w\" sizes=\"(max-width: 800px) 100vw, 800px\" \/><figcaption>Foto: Luiz Silveira\/STF<\/figcaption><\/figure>\n\n\n\n<p>O ministro do STF (Supremo Tribunal Federal) Alexandre de Moraes criticou, durante um julgamento nesta ter\u00e7a-feira (28) na Primeira Turma, o que chamou de \u201cescada eleitoral\u201d feita por pol\u00edticos para desgastar a imagem da Suprema Corte em favorecimento pr\u00f3prio.<\/p>\n\n\n\n<p>Durante sua manifesta\u00e7\u00e3o, Moraes afirmou que parlamentares de eixos pol\u00edticos opostos se aproveitam de apari\u00e7\u00f5es nos meios de comunica\u00e7\u00e3o para repercutir o momento em suas redes sociais e \u201celevar o conhecimento p\u00fablico a seus nomes\u201d.<\/p>\n\n\n\n<p>\u201cQuerem likes, mas acham que o eleitor n\u00e3o tem consci\u00eancia disso. O pior de tudo n\u00e3o \u00e9 s\u00f3 ofender a institui\u00e7\u00e3o, o Poder Judici\u00e1rio. O pior \u00e9 ofender a intelig\u00eancia do eleitorado. O eleitor n\u00e3o quer essa histeria coletiva de ofensas e mais ofensas; quer solu\u00e7\u00e3o para os problemas brasileiros\u201d, pontuou Moraes.<\/p><div class=\"qsnfe69f23f7d163c7\" ><!--<a href=\"https:\/\/bit.ly\/3QdrqTZ\" target=\"_blank\">\n<img src=\"https:\/\/justicapotiguar.com.br\/wp-content\/uploads\/2023\/09\/mobile-geral.gif\"\/><a\/>--><\/div><style type=\"text\/css\">\r\n.qsnfe69f23f7d163c7 {\r\ntext-align: center;\r\n}\r\n@media screen and (min-width: 1201px) {\r\n.qsnfe69f23f7d163c7 {\r\ndisplay: none;\r\n}\r\n}\r\n@media screen and (min-width: 993px) and (max-width: 1200px) {\r\n.qsnfe69f23f7d163c7 {\r\ndisplay: none;\r\n}\r\n}\r\n@media screen and (min-width: 769px) and (max-width: 992px) {\r\n.qsnfe69f23f7d163c7 {\r\ndisplay: none;\r\n}\r\n}\r\n@media screen and (min-width: 768px) and (max-width: 768px) {\r\n.qsnfe69f23f7d163c7 {\r\ndisplay: block;\r\n}\r\n}\r\n@media screen and (max-width: 767px) {\r\n.qsnfe69f23f7d163c7 {\r\ndisplay: block;\r\n}\r\n}\r\n<\/style>\r\n<div class=\"bagor69f23f7d163ab\" ><!--<a href=\"https:\/\/bit.ly\/3QdrqTZ\" target=\"_blank\">\n<img src=\"https:\/\/justicapotiguar.com.br\/wp-content\/uploads\/2023\/09\/desktop-geral.gif\"\/><a\/>--><\/div><style type=\"text\/css\">\r\n.bagor69f23f7d163ab {\r\ntext-align: center;\nmargin-bottom: 1em;\r\n}\r\n@media screen and (min-width: 1201px) {\r\n.bagor69f23f7d163ab {\r\ndisplay: block;\r\n}\r\n}\r\n@media screen and (min-width: 993px) and (max-width: 1200px) {\r\n.bagor69f23f7d163ab {\r\ndisplay: block;\r\n}\r\n}\r\n@media screen and (min-width: 769px) and (max-width: 992px) {\r\n.bagor69f23f7d163ab {\r\ndisplay: block;\r\n}\r\n}\r\n@media screen and (min-width: 768px) and (max-width: 768px) {\r\n.bagor69f23f7d163ab {\r\ndisplay: none;\r\n}\r\n}\r\n@media screen and (max-width: 767px) {\r\n.bagor69f23f7d163ab {\r\ndisplay: none;\r\n}\r\n}\r\n<\/style>\r\n\n\n\n\n<p>O ministro acrescentou que, \u201cem vez de discutirem sa\u00fade, educa\u00e7\u00e3o, o que fizeram em seus mandatos, querem pegar uma escada numa suposta polariza\u00e7\u00e3o contra o Supremo, n\u00e3o com cr\u00edticas, mas com agress\u00f5es verbais, que seriam, em qualquer local do mundo, caracteriza\u00e7\u00e3o de ass\u00e9dio moral\u201d.<\/p>\n\n\n\n<p>\u201cEstamos vendo isso n\u00e3o s\u00f3 em rela\u00e7\u00e3o a parlamentares, como em rela\u00e7\u00e3o ao pr\u00f3prio Supremo e a ministros dessa Casa, em que pol\u00edticos que n\u00e3o t\u00eam voto necess\u00e1rio para atingir as candidaturas que querem acabam querendo ofender o Poder Judici\u00e1rio, utilizando-nos como escada eleitoral\u201d, concluiu.<\/p>\n\n\n\n<p><em>Fonte: R7<\/em><\/p>\n","protected":false},"excerpt":{"rendered":"<p>&#8220;O eleitor n\u00e3o quer essa histeria coletiva de ofensas e mais ofensas; quer solu\u00e7\u00e3o para os problemas brasileiros\u201d, pontuou Moraes.<br \/><a class=\"more-link\" href=\"https:\/\/justicapotiguar.com.br\/index.php\/2026\/04\/29\/moraes-diz-que-parlamentares-querem-likes-ao-atacar-stf-eleitor-nao-quer-essa-histeria\/\">Mais&#8230;<\/a><\/p>\n","protected":false},"author":8,"featured_media":0,"comment_status":"open","ping_status":"open","sticky":false,"template":"","format":"standard","meta":[],"categories":[3],"tags":[],"_links":{"self":[{"href":"https:\/\/justicapotiguar.com.br\/index.php\/wp-json\/wp\/v2\/posts\/53780"}],"collection":[{"href":"https:\/\/justicapotiguar.com.br\/index.php\/wp-json\/wp\/v2\/posts"}],"about":[{"href":"https:\/\/justicapotiguar.com.br\/index.php\/wp-json\/wp\/v2\/types\/post"}],"author":[{"embeddable":true,"href":"https:\/\/justicapotiguar.com.br\/index.php\/wp-json\/wp\/v2\/users\/8"}],"replies":[{"embeddable":true,"href":"https:\/\/justicapotiguar.com.br\/index.php\/wp-json\/wp\/v2\/comments?post=53780"}],"version-history":[{"count":3,"href":"https:\/\/justicapotiguar.com.br\/index.php\/wp-json\/wp\/v2\/posts\/53780\/revisions"}],"predecessor-version":[{"id":53784,"href":"https:\/\/justicapotiguar.com.br\/index.php\/wp-json\/wp\/v2\/posts\/53780\/revisions\/53784"}],"wp:attachment":[{"href":"https:\/\/justicapotiguar.com.br\/index.php\/wp-json\/wp\/v2\/media?parent=53780"}],"wp:term":[{"taxonomy":"category","embeddable":true,"href":"https:\/\/justicapotiguar.com.br\/index.php\/wp-json\/wp\/v2\/categories?post=53780"},{"taxonomy":"post_tag","embeddable":true,"href":"https:\/\/justicapotiguar.com.br\/index.php\/wp-json\/wp\/v2\/tags?post=53780"}],"curies":[{"name":"wp","href":"https:\/\/api.w.org\/{rel}","templated":true}]}}