{"id":53775,"date":"2026-04-28T21:52:58","date_gmt":"2026-04-29T00:52:58","guid":{"rendered":"https:\/\/justicapotiguar.com.br\/?p=53775"},"modified":"2026-04-28T21:53:41","modified_gmt":"2026-04-29T00:53:41","slug":"desembargadora-chama-a-atencao-de-colega-durante-sessao-presta-atencao","status":"publish","type":"post","link":"https:\/\/justicapotiguar.com.br\/index.php\/2026\/04\/28\/desembargadora-chama-a-atencao-de-colega-durante-sessao-presta-atencao\/","title":{"rendered":"Desembargadora chama a aten\u00e7\u00e3o de colega durante sess\u00e3o: &#8220;Presta aten\u00e7\u00e3o&#8221;"},"content":{"rendered":"\n<p>A desembargadora Eva do Amaral, que reclamou do corte de penduricalhos e disse que ju\u00edzes entrariam para \u201co rol daqueles funcion\u00e1rios que trabalham em regime de escravid\u00e3o\u201d, voltou a causar pol\u00eamica ao se desentender com o desembargador Pedro Pinheiro. O caso ocorreu durante o julgamento de um habeas corpus na sess\u00e3o da 12\u00aa Se\u00e7\u00e3o de Direito Penal do Tribunal de Justi\u00e7a do Par\u00e1 (TJPA), na segunda-feira (27\/4). Durante a discuss\u00e3o, a magistrada mandou o colega \u201cprestar aten\u00e7\u00e3o\u201d.<\/p>\n\n\n\n<p>Amaral era relatora de um pedido de habeas corpus envolvendo um homem que estava preso por suposta associa\u00e7\u00e3o com a fac\u00e7\u00e3o criminosa Comando Vermelho.<\/p>\n\n\n<p><iframe loading=\"lazy\" width=\"748\" height=\"421\" src=\"https:\/\/www.youtube.com\/embed\/nNY-fmQpIYM\" title=\"Desembargadora chama a aten\u00e7\u00e3o de colega durante sess\u00e3o: &quot;Presta aten\u00e7\u00e3o&quot;\" frameborder=\"0\" allow=\"accelerometer; autoplay; clipboard-write; encrypted-media; gyroscope; picture-in-picture; web-share\" referrerpolicy=\"strict-origin-when-cross-origin\" allowfullscreen=\"\"><\/iframe><\/p>\n\n\n<p>A desembargadora votou pelo relaxamento da pris\u00e3o por entender que os motivos que levaram o suspeito \u00e0 deten\u00e7\u00e3o n\u00e3o eram suficientes para mant\u00ea-lo preso. Segundo o processo, o nome dele foi encontrado em um celular de uma pessoa ligada ao CV.<\/p><div class=\"iuroe69f23f61c37cf\" ><!--<a href=\"https:\/\/bit.ly\/3QdrqTZ\" target=\"_blank\">\n<img src=\"https:\/\/justicapotiguar.com.br\/wp-content\/uploads\/2023\/09\/mobile-geral.gif\"\/><a\/>--><\/div><style type=\"text\/css\">\r\n.iuroe69f23f61c37cf {\r\ntext-align: center;\r\n}\r\n@media screen and (min-width: 1201px) {\r\n.iuroe69f23f61c37cf {\r\ndisplay: none;\r\n}\r\n}\r\n@media screen and (min-width: 993px) and (max-width: 1200px) {\r\n.iuroe69f23f61c37cf {\r\ndisplay: none;\r\n}\r\n}\r\n@media screen and (min-width: 769px) and (max-width: 992px) {\r\n.iuroe69f23f61c37cf {\r\ndisplay: none;\r\n}\r\n}\r\n@media screen and (min-width: 768px) and (max-width: 768px) {\r\n.iuroe69f23f61c37cf {\r\ndisplay: block;\r\n}\r\n}\r\n@media screen and (max-width: 767px) {\r\n.iuroe69f23f61c37cf {\r\ndisplay: block;\r\n}\r\n}\r\n<\/style>\r\n<div class=\"ymudc69f23f61c37ad\" ><!--<a href=\"https:\/\/bit.ly\/3QdrqTZ\" target=\"_blank\">\n<img src=\"https:\/\/justicapotiguar.com.br\/wp-content\/uploads\/2023\/09\/desktop-geral.gif\"\/><a\/>--><\/div><style type=\"text\/css\">\r\n.ymudc69f23f61c37ad {\r\ntext-align: center;\nmargin-bottom: 1em;\r\n}\r\n@media screen and (min-width: 1201px) {\r\n.ymudc69f23f61c37ad {\r\ndisplay: block;\r\n}\r\n}\r\n@media screen and (min-width: 993px) and (max-width: 1200px) {\r\n.ymudc69f23f61c37ad {\r\ndisplay: block;\r\n}\r\n}\r\n@media screen and (min-width: 769px) and (max-width: 992px) {\r\n.ymudc69f23f61c37ad {\r\ndisplay: block;\r\n}\r\n}\r\n@media screen and (min-width: 768px) and (max-width: 768px) {\r\n.ymudc69f23f61c37ad {\r\ndisplay: none;\r\n}\r\n}\r\n@media screen and (max-width: 767px) {\r\n.ymudc69f23f61c37ad {\r\ndisplay: none;\r\n}\r\n}\r\n<\/style>\r\n\n\n\n\n<p>Ap\u00f3s a magistrada votar, Pedro Pinheiro n\u00e3o entendeu se havia drogas envolvidas no caso. \u201cEu quero saber se ele entrou s\u00f3 por causa do nome dele. Havia droga no meio?\u201d, questionou o desembargador.<\/p>\n\n\n\n<p>Eva do Amaral perdeu a paci\u00eancia e disse: \u201cEu j\u00e1 esclareci tr\u00eas vezes, doutor, que n\u00e3o tem droga no meio. \u00c9 s\u00f3 prestar aten\u00e7\u00e3o\u201d.<\/p>\n\n\n\n<p>A desembargadora votou por conceder a liberdade ao r\u00e9u. O debate sobre o caso durou mais alguns minutos. Ao final, a desembargadora W\u00e1nia L\u00facia Silveira pediu vista.<\/p>\n\n\n\n<p><em>Fonte: Metr\u00f3poles<\/em><\/p>\n","protected":false},"excerpt":{"rendered":"<p>Eva do Amaral era relatora de um pedido de habeas corpus envolvendo um homem que estava preso por suposta associa\u00e7\u00e3o com a fac\u00e7\u00e3o criminosa Comando Vermelho.<br \/><a class=\"more-link\" href=\"https:\/\/justicapotiguar.com.br\/index.php\/2026\/04\/28\/desembargadora-chama-a-atencao-de-colega-durante-sessao-presta-atencao\/\">Mais&#8230;<\/a><\/p>\n","protected":false},"author":8,"featured_media":0,"comment_status":"open","ping_status":"open","sticky":false,"template":"","format":"standard","meta":[],"categories":[3],"tags":[],"_links":{"self":[{"href":"https:\/\/justicapotiguar.com.br\/index.php\/wp-json\/wp\/v2\/posts\/53775"}],"collection":[{"href":"https:\/\/justicapotiguar.com.br\/index.php\/wp-json\/wp\/v2\/posts"}],"about":[{"href":"https:\/\/justicapotiguar.com.br\/index.php\/wp-json\/wp\/v2\/types\/post"}],"author":[{"embeddable":true,"href":"https:\/\/justicapotiguar.com.br\/index.php\/wp-json\/wp\/v2\/users\/8"}],"replies":[{"embeddable":true,"href":"https:\/\/justicapotiguar.com.br\/index.php\/wp-json\/wp\/v2\/comments?post=53775"}],"version-history":[{"count":4,"href":"https:\/\/justicapotiguar.com.br\/index.php\/wp-json\/wp\/v2\/posts\/53775\/revisions"}],"predecessor-version":[{"id":53778,"href":"https:\/\/justicapotiguar.com.br\/index.php\/wp-json\/wp\/v2\/posts\/53775\/revisions\/53778"}],"wp:attachment":[{"href":"https:\/\/justicapotiguar.com.br\/index.php\/wp-json\/wp\/v2\/media?parent=53775"}],"wp:term":[{"taxonomy":"category","embeddable":true,"href":"https:\/\/justicapotiguar.com.br\/index.php\/wp-json\/wp\/v2\/categories?post=53775"},{"taxonomy":"post_tag","embeddable":true,"href":"https:\/\/justicapotiguar.com.br\/index.php\/wp-json\/wp\/v2\/tags?post=53775"}],"curies":[{"name":"wp","href":"https:\/\/api.w.org\/{rel}","templated":true}]}}