{"id":53761,"date":"2026-04-28T20:34:32","date_gmt":"2026-04-28T23:34:32","guid":{"rendered":"https:\/\/justicapotiguar.com.br\/?p=53761"},"modified":"2026-04-28T20:37:48","modified_gmt":"2026-04-28T23:37:48","slug":"pais-sao-condenados-por-abandono-intelectual-apos-manterem-filhas-em-ensino-domiciliar","status":"publish","type":"post","link":"https:\/\/justicapotiguar.com.br\/index.php\/2026\/04\/28\/pais-sao-condenados-por-abandono-intelectual-apos-manterem-filhas-em-ensino-domiciliar\/","title":{"rendered":"Pais s\u00e3o condenados por abandono intelectual ap\u00f3s manterem filhas em ensino domiciliar"},"content":{"rendered":"\n<figure class=\"wp-block-image size-large\"><img loading=\"lazy\" width=\"768\" height=\"455\" src=\"https:\/\/justicapotiguar.com.br\/wp-content\/uploads\/2026\/04\/escola.png\" alt=\"\" class=\"wp-image-53763\" srcset=\"https:\/\/justicapotiguar.com.br\/wp-content\/uploads\/2026\/04\/escola.png 768w, https:\/\/justicapotiguar.com.br\/wp-content\/uploads\/2026\/04\/escola-300x178.png 300w\" sizes=\"(max-width: 768px) 100vw, 768px\" \/><figcaption>Foto: Elza Fi\u00faza\/Ag\u00eancia Brasil<\/figcaption><\/figure>\n\n\n\n<p>A 2\u00aa Vara Criminal de Jales condenou os pais de duas meninas por abandono intelectual. A pena foi fixada em 50 dias de deten\u00e7\u00e3o, em regime inicial semiaberto, suspensa por dois anos mediante presta\u00e7\u00e3o de servi\u00e7os \u00e0 comunidade, matr\u00edcula e frequ\u00eancia das crian\u00e7as em escola regular.<\/p>\n\n\n\n<p>Segundo os autos, os r\u00e9us deixaram de levar as filhas \u00e0 escola desde o ensino fundamental, mantendo-as em educa\u00e7\u00e3o domiciliar, com aulas ministradas pela m\u00e3e e por dois professores, por tr\u00eas per\u00edodos letivos. A omiss\u00e3o persistiu mesmo ap\u00f3s interven\u00e7\u00f5es judiciais na esfera c\u00edvel.<\/p>\n\n\n\n<p>Na decis\u00e3o, o juiz J\u00fanior da Luz Miranda destacou que a legisla\u00e7\u00e3o determina \u201cque os pais s\u00e3o obrigados a submeter seus filhos ao ensino na forma regulamentada, que \u00e9 a \u00fanica vigente a enquadrar-se no conceito de instru\u00e7\u00e3o prim\u00e1ria, sob pena de abandono intelectual\u201d.<\/p>\n\n\n\n<p>O magistrado tamb\u00e9m ressaltou a insufici\u00eancia do ensino oferecido no caso em an\u00e1lise, limitado \u00e0 transmiss\u00e3o de conhecimentos t\u00e9cnicos e dissociado dos par\u00e2metros estabelecidos pela Lei de Diretrizes e Bases da Educa\u00e7\u00e3o Nacional, com preju\u00edzo \u00e0 intera\u00e7\u00e3o social, ao respeito, \u00e0 diversidade cultural e ao contato com a realidade social.<\/p><div class=\"oyctx69f23f61c5ad9\" ><!--<a href=\"https:\/\/bit.ly\/3QdrqTZ\" target=\"_blank\">\n<img src=\"https:\/\/justicapotiguar.com.br\/wp-content\/uploads\/2023\/09\/mobile-geral.gif\"\/><a\/>--><\/div><style type=\"text\/css\">\r\n.oyctx69f23f61c5ad9 {\r\ntext-align: center;\r\n}\r\n@media screen and (min-width: 1201px) {\r\n.oyctx69f23f61c5ad9 {\r\ndisplay: none;\r\n}\r\n}\r\n@media screen and (min-width: 993px) and (max-width: 1200px) {\r\n.oyctx69f23f61c5ad9 {\r\ndisplay: none;\r\n}\r\n}\r\n@media screen and (min-width: 769px) and (max-width: 992px) {\r\n.oyctx69f23f61c5ad9 {\r\ndisplay: none;\r\n}\r\n}\r\n@media screen and (min-width: 768px) and (max-width: 768px) {\r\n.oyctx69f23f61c5ad9 {\r\ndisplay: block;\r\n}\r\n}\r\n@media screen and (max-width: 767px) {\r\n.oyctx69f23f61c5ad9 {\r\ndisplay: block;\r\n}\r\n}\r\n<\/style>\r\n<div class=\"uhqqm69f23f61c5ab7\" ><!--<a href=\"https:\/\/bit.ly\/3QdrqTZ\" target=\"_blank\">\n<img src=\"https:\/\/justicapotiguar.com.br\/wp-content\/uploads\/2023\/09\/desktop-geral.gif\"\/><a\/>--><\/div><style type=\"text\/css\">\r\n.uhqqm69f23f61c5ab7 {\r\ntext-align: center;\nmargin-bottom: 1em;\r\n}\r\n@media screen and (min-width: 1201px) {\r\n.uhqqm69f23f61c5ab7 {\r\ndisplay: block;\r\n}\r\n}\r\n@media screen and (min-width: 993px) and (max-width: 1200px) {\r\n.uhqqm69f23f61c5ab7 {\r\ndisplay: block;\r\n}\r\n}\r\n@media screen and (min-width: 769px) and (max-width: 992px) {\r\n.uhqqm69f23f61c5ab7 {\r\ndisplay: block;\r\n}\r\n}\r\n@media screen and (min-width: 768px) and (max-width: 768px) {\r\n.uhqqm69f23f61c5ab7 {\r\ndisplay: none;\r\n}\r\n}\r\n@media screen and (max-width: 767px) {\r\n.uhqqm69f23f61c5ab7 {\r\ndisplay: none;\r\n}\r\n}\r\n<\/style>\r\n\n\n\n\n<p>Sobre as alega\u00e7\u00f5es da m\u00e3e das meninas, que afirmou ter agido para contribuir com o reconhecimento do ensino domiciliar, o magistrado afirmou que a r\u00e9 \u201coptou por utilizar suas filhas como objeto de uma luta ideol\u00f3gica sua, submetendo-as a uma modalidade de instru\u00e7\u00e3o n\u00e3o regulamentada, cuja efetividade e qualidade n\u00e3o tem m\u00e9tricas adequadas no ordenamento jur\u00eddico brasileiro\u201d. \u201cAo assim agir, violou frontalmente o contido no artigo 18 da Conven\u00e7\u00e3o sobre os Direitos da Crian\u00e7a, que estabelece que os pais t\u00eam a responsabilidade primordial pela educa\u00e7\u00e3o e pelo desenvolvimento da crian\u00e7a, sendo que a preocupa\u00e7\u00e3o fundamental daqueles deve ser o interesse maior da crian\u00e7a, n\u00e3o do pai ou de sua agenda ideol\u00f3gica\u201d, escreveu.<\/p>\n\n\n\n<p>Cabe recurso da decis\u00e3o.<\/p>\n\n\n\n<p><em>Fonte: TJSP<\/em><\/p>\n\n\n\n<p><em> <\/em><\/p>\n","protected":false},"excerpt":{"rendered":"<p>O magistrado destacou que a legisla\u00e7\u00e3o determina \u201cque os pais s\u00e3o obrigados a submeter seus filhos ao ensino na forma regulamentada.<br \/><a class=\"more-link\" href=\"https:\/\/justicapotiguar.com.br\/index.php\/2026\/04\/28\/pais-sao-condenados-por-abandono-intelectual-apos-manterem-filhas-em-ensino-domiciliar\/\">Mais&#8230;<\/a><\/p>\n","protected":false},"author":8,"featured_media":0,"comment_status":"open","ping_status":"open","sticky":false,"template":"","format":"standard","meta":[],"categories":[3],"tags":[],"_links":{"self":[{"href":"https:\/\/justicapotiguar.com.br\/index.php\/wp-json\/wp\/v2\/posts\/53761"}],"collection":[{"href":"https:\/\/justicapotiguar.com.br\/index.php\/wp-json\/wp\/v2\/posts"}],"about":[{"href":"https:\/\/justicapotiguar.com.br\/index.php\/wp-json\/wp\/v2\/types\/post"}],"author":[{"embeddable":true,"href":"https:\/\/justicapotiguar.com.br\/index.php\/wp-json\/wp\/v2\/users\/8"}],"replies":[{"embeddable":true,"href":"https:\/\/justicapotiguar.com.br\/index.php\/wp-json\/wp\/v2\/comments?post=53761"}],"version-history":[{"count":3,"href":"https:\/\/justicapotiguar.com.br\/index.php\/wp-json\/wp\/v2\/posts\/53761\/revisions"}],"predecessor-version":[{"id":53765,"href":"https:\/\/justicapotiguar.com.br\/index.php\/wp-json\/wp\/v2\/posts\/53761\/revisions\/53765"}],"wp:attachment":[{"href":"https:\/\/justicapotiguar.com.br\/index.php\/wp-json\/wp\/v2\/media?parent=53761"}],"wp:term":[{"taxonomy":"category","embeddable":true,"href":"https:\/\/justicapotiguar.com.br\/index.php\/wp-json\/wp\/v2\/categories?post=53761"},{"taxonomy":"post_tag","embeddable":true,"href":"https:\/\/justicapotiguar.com.br\/index.php\/wp-json\/wp\/v2\/tags?post=53761"}],"curies":[{"name":"wp","href":"https:\/\/api.w.org\/{rel}","templated":true}]}}