{"id":53754,"date":"2026-04-28T20:15:30","date_gmt":"2026-04-28T23:15:30","guid":{"rendered":"https:\/\/justicapotiguar.com.br\/?p=53754"},"modified":"2026-04-28T20:17:17","modified_gmt":"2026-04-28T23:17:17","slug":"familia-do-ministro-alexandre-de-moraes-processa-o-senador-alessandro-vieira","status":"publish","type":"post","link":"https:\/\/justicapotiguar.com.br\/index.php\/2026\/04\/28\/familia-do-ministro-alexandre-de-moraes-processa-o-senador-alessandro-vieira\/","title":{"rendered":"Fam\u00edlia do ministro Alexandre de Moraes processa o senador Alessandro Vieira"},"content":{"rendered":"\n<figure class=\"wp-block-image size-large\"><img loading=\"lazy\" width=\"1024\" height=\"576\" src=\"https:\/\/justicapotiguar.com.br\/wp-content\/uploads\/2026\/04\/Vieira-1024x576.jpg\" alt=\"\" class=\"wp-image-53756\" srcset=\"https:\/\/justicapotiguar.com.br\/wp-content\/uploads\/2026\/04\/Vieira-1024x576.jpg 1024w, https:\/\/justicapotiguar.com.br\/wp-content\/uploads\/2026\/04\/Vieira-300x169.jpg 300w, https:\/\/justicapotiguar.com.br\/wp-content\/uploads\/2026\/04\/Vieira-768x432.jpg 768w, https:\/\/justicapotiguar.com.br\/wp-content\/uploads\/2026\/04\/Vieira.jpg 1280w\" sizes=\"(max-width: 1024px) 100vw, 1024px\" \/><figcaption>Foto: Saulo Cruz\/Ag\u00eancia Senado<\/figcaption><\/figure>\n\n\n\n<p>A fam\u00edlia do ministro do Supremo Tribunal Federal (STF) Alexandre de Moraes ingressou, na Justi\u00e7a de S\u00e3o Paulo, com uma a\u00e7\u00e3o de indeniza\u00e7\u00e3o por danos morais contra o senador Alessandro Vieira (MDB-SE), relator da CPI do Crime Organizado. O processo pede que o parlamentar seja condenado a pagar R$ 60 mil em danos morais \u00e0 esposa do ministro, Viviane Barci de Moraes, e aos filhos dos dois, Giuliana e Alexandre Barci de Moraes. Eles trabalham no mesmo escrit\u00f3rio de advocacia.<\/p>\n\n\n\n<p>Na peti\u00e7\u00e3o inicial, \u00e0 qual VEJA teve acesso, a fam\u00edlia do ministro afirma que Vieira os acusou, durante uma entrevista, de receberem dinheiro do Primeiro Comando da Capital, o PCC. \u201cO r\u00e9u afirmou (Vieira), publicamente, que os Autores (fam\u00edlia de Moraes) teriam recebido valores provenientes do crime organizado, especificamente da fac\u00e7\u00e3o criminosa PCC. O fato imputado na abjeta manifesta\u00e7\u00e3o do R\u00e9u \u00e9 absolutamente fraudulento e sua aptid\u00e3o para violar a honra e a imagem dos Autores \u00e9 de mera constata\u00e7\u00e3o\u201d, diz trecho da a\u00e7\u00e3o.<\/p>\n\n\n\n<p>Dois trechos da entrevista s\u00e3o transcritos no processo. No primeiro, Vieira diz: \u201c(\u2026) j\u00e1 \u00e9 muito evidente que voc\u00ea tenha ali (no Banco Master) uma aparente lavanderia, o uso de v\u00e1rios fundos em cadeia para que se fa\u00e7a uma lavagem de dinheiro de diversas origens. Voc\u00ea tem apura\u00e7\u00f5es em andamento que apontam a chegada de recursos do PCC, uma organiza\u00e7\u00e3o criminosa violenta, voc\u00ea tem indicativos de pagamento a autoridades de diversos poderes, servidores p\u00fablicos de carreira, pol\u00edticos, eventualmente pessoas ligadas ao judici\u00e1rio\u201d.<\/p>\n\n\n\n<p>No minuto seguinte, Vieira disse: \u201ca gente tem informa\u00e7\u00f5es que apontam circula\u00e7\u00e3o de recursos entre esse grupo criminoso e familiares dos ministros Dias Toffoli e Alexandre de Moraes\u201d. O processo pede que o senador n\u00e3o tenha direito \u00e0 imunidade parlamentar e diz que ele \u201cextrapolou os limites\u201d dessa prote\u00e7\u00e3o. A a\u00e7\u00e3o pede que a Justi\u00e7a arbitre R$ 20 mil de danos morais para cada autor, totalizando R$ 60 mil.<\/p><div class=\"abtbf69f23f7b8bb13\" ><!--<a href=\"https:\/\/bit.ly\/3QdrqTZ\" target=\"_blank\">\n<img src=\"https:\/\/justicapotiguar.com.br\/wp-content\/uploads\/2023\/09\/mobile-geral.gif\"\/><a\/>--><\/div><style type=\"text\/css\">\r\n.abtbf69f23f7b8bb13 {\r\ntext-align: center;\r\n}\r\n@media screen and (min-width: 1201px) {\r\n.abtbf69f23f7b8bb13 {\r\ndisplay: none;\r\n}\r\n}\r\n@media screen and (min-width: 993px) and (max-width: 1200px) {\r\n.abtbf69f23f7b8bb13 {\r\ndisplay: none;\r\n}\r\n}\r\n@media screen and (min-width: 769px) and (max-width: 992px) {\r\n.abtbf69f23f7b8bb13 {\r\ndisplay: none;\r\n}\r\n}\r\n@media screen and (min-width: 768px) and (max-width: 768px) {\r\n.abtbf69f23f7b8bb13 {\r\ndisplay: block;\r\n}\r\n}\r\n@media screen and (max-width: 767px) {\r\n.abtbf69f23f7b8bb13 {\r\ndisplay: block;\r\n}\r\n}\r\n<\/style>\r\n<div class=\"nqgjd69f23f7b8bafb\" ><!--<a href=\"https:\/\/bit.ly\/3QdrqTZ\" target=\"_blank\">\n<img src=\"https:\/\/justicapotiguar.com.br\/wp-content\/uploads\/2023\/09\/desktop-geral.gif\"\/><a\/>--><\/div><style type=\"text\/css\">\r\n.nqgjd69f23f7b8bafb {\r\ntext-align: center;\nmargin-bottom: 1em;\r\n}\r\n@media screen and (min-width: 1201px) {\r\n.nqgjd69f23f7b8bafb {\r\ndisplay: block;\r\n}\r\n}\r\n@media screen and (min-width: 993px) and (max-width: 1200px) {\r\n.nqgjd69f23f7b8bafb {\r\ndisplay: block;\r\n}\r\n}\r\n@media screen and (min-width: 769px) and (max-width: 992px) {\r\n.nqgjd69f23f7b8bafb {\r\ndisplay: block;\r\n}\r\n}\r\n@media screen and (min-width: 768px) and (max-width: 768px) {\r\n.nqgjd69f23f7b8bafb {\r\ndisplay: none;\r\n}\r\n}\r\n@media screen and (max-width: 767px) {\r\n.nqgjd69f23f7b8bafb {\r\ndisplay: none;\r\n}\r\n}\r\n<\/style>\r\n\n\n\n\n<p>Vieira compartilhou nas suas redes sociais o recebimento da carta de cita\u00e7\u00e3o. Ele afirma que a declara\u00e7\u00e3o pela qual est\u00e1 sendo processo n\u00e3o existe e que, quando falou do grupo criminoso que teria supostamente pago os familiares de ministros, estava se referindo ao Banco Master.<\/p>\n\n\n\n<p>\u201cEu n\u00e3o disse isso. Em nenhum momento. Isso est\u00e1 gravado, est\u00e1 filmado. O que eu disse, repito, \u00e9 provado: que eles receberam sim, cerca de R$ 80 milh\u00f5es do Banco Master, que hoje n\u00f3s sabemos que era um grupo criminoso. Essa \u00e9 a verdade dos fatos. A intimida\u00e7\u00e3o, a tentativa de atrav\u00e9s de processos constranger n\u00e3o vai parar o nosso trabalho, que \u00e9 um trabalho que \u00e9 feito no interesse dos brasileiros, que merecem viver num pa\u00eds onde a lei seja igual para todos\u201d, disse o senador nas redes sociais.<\/p>\n\n\n\n<p>O relat\u00f3rio final da CPI do Crime Organizado, colegiado do qual ele foi relator, indiciou tr\u00eas ministros do Supremo: Moraes, Dias Toffoli e Gilmar Mendes. O decano do Supremo pediu que Vieira seja investigado junto \u00e0 PGR pelo gesto. O relat\u00f3rio, embora pol\u00eamico, n\u00e3o foi aprovado.<\/p>\n\n\n\n<p><em>Fonte: Veja<\/em><\/p>\n","protected":false},"excerpt":{"rendered":"<p>O processo pede que o parlamentar seja condenado a pagar R$ 60 mil em danos morais \u00e0 esposa do ministro, Viviane Barci de Moraes, e aos filhos.<br \/><a class=\"more-link\" href=\"https:\/\/justicapotiguar.com.br\/index.php\/2026\/04\/28\/familia-do-ministro-alexandre-de-moraes-processa-o-senador-alessandro-vieira\/\">Mais&#8230;<\/a><\/p>\n","protected":false},"author":8,"featured_media":0,"comment_status":"open","ping_status":"open","sticky":false,"template":"","format":"standard","meta":[],"categories":[3],"tags":[],"_links":{"self":[{"href":"https:\/\/justicapotiguar.com.br\/index.php\/wp-json\/wp\/v2\/posts\/53754"}],"collection":[{"href":"https:\/\/justicapotiguar.com.br\/index.php\/wp-json\/wp\/v2\/posts"}],"about":[{"href":"https:\/\/justicapotiguar.com.br\/index.php\/wp-json\/wp\/v2\/types\/post"}],"author":[{"embeddable":true,"href":"https:\/\/justicapotiguar.com.br\/index.php\/wp-json\/wp\/v2\/users\/8"}],"replies":[{"embeddable":true,"href":"https:\/\/justicapotiguar.com.br\/index.php\/wp-json\/wp\/v2\/comments?post=53754"}],"version-history":[{"count":2,"href":"https:\/\/justicapotiguar.com.br\/index.php\/wp-json\/wp\/v2\/posts\/53754\/revisions"}],"predecessor-version":[{"id":53758,"href":"https:\/\/justicapotiguar.com.br\/index.php\/wp-json\/wp\/v2\/posts\/53754\/revisions\/53758"}],"wp:attachment":[{"href":"https:\/\/justicapotiguar.com.br\/index.php\/wp-json\/wp\/v2\/media?parent=53754"}],"wp:term":[{"taxonomy":"category","embeddable":true,"href":"https:\/\/justicapotiguar.com.br\/index.php\/wp-json\/wp\/v2\/categories?post=53754"},{"taxonomy":"post_tag","embeddable":true,"href":"https:\/\/justicapotiguar.com.br\/index.php\/wp-json\/wp\/v2\/tags?post=53754"}],"curies":[{"name":"wp","href":"https:\/\/api.w.org\/{rel}","templated":true}]}}