{"id":53749,"date":"2026-04-28T16:13:08","date_gmt":"2026-04-28T19:13:08","guid":{"rendered":"https:\/\/justicapotiguar.com.br\/?p=53749"},"modified":"2026-04-28T20:25:20","modified_gmt":"2026-04-28T23:25:20","slug":"inss-limita-numero-de-pedidos-de-aposentadoria-para-tentar-diminuir-fila","status":"publish","type":"post","link":"https:\/\/justicapotiguar.com.br\/index.php\/2026\/04\/28\/inss-limita-numero-de-pedidos-de-aposentadoria-para-tentar-diminuir-fila\/","title":{"rendered":"INSS limita n\u00famero de pedidos de aposentadoria para tentar diminuir fila"},"content":{"rendered":"\n<figure class=\"wp-block-image size-large\"><img loading=\"lazy\" width=\"860\" height=\"570\" src=\"https:\/\/justicapotiguar.com.br\/wp-content\/uploads\/2026\/04\/senado.jpg\" alt=\"\" class=\"wp-image-53759\" srcset=\"https:\/\/justicapotiguar.com.br\/wp-content\/uploads\/2026\/04\/senado.jpg 860w, https:\/\/justicapotiguar.com.br\/wp-content\/uploads\/2026\/04\/senado-300x199.jpg 300w, https:\/\/justicapotiguar.com.br\/wp-content\/uploads\/2026\/04\/senado-768x509.jpg 768w\" sizes=\"(max-width: 860px) 100vw, 860px\" \/><figcaption>Foto: Aniele Nascimento\/Gazeta do Povo<\/figcaption><\/figure>\n\n\n\n<p>O INSS (Instituto Nacional do Seguro Social) passou a limitar o n\u00famero de pedidos de aposentadoria, pens\u00f5es e BPC (Benef\u00edcio por Incapacidade) por segurados ou seus representantes quando a solicita\u00e7\u00e3o for para o mesmo tipo de benef\u00edcio.<\/p>\n\n\n\n<p>A regra n\u00e3o se aplica aos pedidos de revis\u00e3o nem aos benef\u00edcios por incapacidade.<\/p>\n\n\n\n<p>A instru\u00e7\u00e3o normativa 203, publicada no Di\u00e1rio Oficial da Uni\u00e3o de sexta-feira (24), determina que n\u00e3o \u00e9 mais poss\u00edvel fazer m\u00faltiplas solicita\u00e7\u00f5es para um mesmo benef\u00edcio enquanto ainda houver prazo para recorrer da resposta dada pelo \u00f3rg\u00e3o \u00e0 solicita\u00e7\u00e3o inicial.<\/p>\n\n\n\n<p>Recursos \u2014em geral contra resposta negativa da Previd\u00eancia\u2014 podem ser apresentados em at\u00e9 30 dias. Na pr\u00e1tica, o benefici\u00e1rio s\u00f3 poder\u00e1 fazer novo pedido ap\u00f3s passado um m\u00eas da \u00faltima resposta do \u00f3rg\u00e3o.<\/p><div class=\"yrszv69f23f7c8b9bd\" ><!--<a href=\"https:\/\/bit.ly\/3QdrqTZ\" target=\"_blank\">\n<img src=\"https:\/\/justicapotiguar.com.br\/wp-content\/uploads\/2023\/09\/mobile-geral.gif\"\/><a\/>--><\/div><style type=\"text\/css\">\r\n.yrszv69f23f7c8b9bd {\r\ntext-align: center;\r\n}\r\n@media screen and (min-width: 1201px) {\r\n.yrszv69f23f7c8b9bd {\r\ndisplay: none;\r\n}\r\n}\r\n@media screen and (min-width: 993px) and (max-width: 1200px) {\r\n.yrszv69f23f7c8b9bd {\r\ndisplay: none;\r\n}\r\n}\r\n@media screen and (min-width: 769px) and (max-width: 992px) {\r\n.yrszv69f23f7c8b9bd {\r\ndisplay: none;\r\n}\r\n}\r\n@media screen and (min-width: 768px) and (max-width: 768px) {\r\n.yrszv69f23f7c8b9bd {\r\ndisplay: block;\r\n}\r\n}\r\n@media screen and (max-width: 767px) {\r\n.yrszv69f23f7c8b9bd {\r\ndisplay: block;\r\n}\r\n}\r\n<\/style>\r\n<div class=\"lbcuj69f23f7c8b9aa\" ><!--<a href=\"https:\/\/bit.ly\/3QdrqTZ\" target=\"_blank\">\n<img src=\"https:\/\/justicapotiguar.com.br\/wp-content\/uploads\/2023\/09\/desktop-geral.gif\"\/><a\/>--><\/div><style type=\"text\/css\">\r\n.lbcuj69f23f7c8b9aa {\r\ntext-align: center;\nmargin-bottom: 1em;\r\n}\r\n@media screen and (min-width: 1201px) {\r\n.lbcuj69f23f7c8b9aa {\r\ndisplay: block;\r\n}\r\n}\r\n@media screen and (min-width: 993px) and (max-width: 1200px) {\r\n.lbcuj69f23f7c8b9aa {\r\ndisplay: block;\r\n}\r\n}\r\n@media screen and (min-width: 769px) and (max-width: 992px) {\r\n.lbcuj69f23f7c8b9aa {\r\ndisplay: block;\r\n}\r\n}\r\n@media screen and (min-width: 768px) and (max-width: 768px) {\r\n.lbcuj69f23f7c8b9aa {\r\ndisplay: none;\r\n}\r\n}\r\n@media screen and (max-width: 767px) {\r\n.lbcuj69f23f7c8b9aa {\r\ndisplay: none;\r\n}\r\n}\r\n<\/style>\r\n\n\n\n\n<p>A mudan\u00e7a ocorre em meio a um esfor\u00e7o do governo Lula para reduzir a fila de an\u00e1lises, que em mar\u00e7o chegou a 2,8 milh\u00f5es de segurados, e levou \u00e0 demiss\u00e3o do ex-presidente do \u00f3rg\u00e3o, Gilberto Waller J\u00fanior, e \u00e0 nomea\u00e7\u00e3o de Ana Cristina Viana Silveira como nova presidente do instituto.<\/p>\n\n\n\n<p>Segundo o instituto, enquanto houver prazo para recurso, a Previd\u00eancia ir\u00e1 considerar como DER (Data de Entrada do Requerimento) a data do pedido original j\u00e1 feito. &#8220;A medida procura aprimorar os fluxos de an\u00e1lise e tornar mais eficiente o atendimento aos segurados&#8221;, diz.<\/p>\n\n\n\n<p>O INSS afirma ter identificado um desequil\u00edbrio estrutural na fila, com um volume crescente de requerimentos duplicados. Dados internos mostram que, do total de pedidos, 41,41% s\u00e3o reapresentados entre o primeiro dia e o 30\u00ba ap\u00f3s a conclus\u00e3o do primeiro processo.<\/p>\n\n\n\n<p><em>Fonte: Folha de S.Paulo<\/em><\/p>\n","protected":false},"excerpt":{"rendered":"<p>Segundo o instituto, enquanto houver prazo para recurso, a Previd\u00eancia ir\u00e1 considerar como DER (Data de Entrada do Requerimento) a data do pedido original j\u00e1 feito. <br \/><a class=\"more-link\" href=\"https:\/\/justicapotiguar.com.br\/index.php\/2026\/04\/28\/inss-limita-numero-de-pedidos-de-aposentadoria-para-tentar-diminuir-fila\/\">Mais&#8230;<\/a><\/p>\n","protected":false},"author":8,"featured_media":0,"comment_status":"open","ping_status":"open","sticky":false,"template":"","format":"standard","meta":[],"categories":[3],"tags":[],"_links":{"self":[{"href":"https:\/\/justicapotiguar.com.br\/index.php\/wp-json\/wp\/v2\/posts\/53749"}],"collection":[{"href":"https:\/\/justicapotiguar.com.br\/index.php\/wp-json\/wp\/v2\/posts"}],"about":[{"href":"https:\/\/justicapotiguar.com.br\/index.php\/wp-json\/wp\/v2\/types\/post"}],"author":[{"embeddable":true,"href":"https:\/\/justicapotiguar.com.br\/index.php\/wp-json\/wp\/v2\/users\/8"}],"replies":[{"embeddable":true,"href":"https:\/\/justicapotiguar.com.br\/index.php\/wp-json\/wp\/v2\/comments?post=53749"}],"version-history":[{"count":2,"href":"https:\/\/justicapotiguar.com.br\/index.php\/wp-json\/wp\/v2\/posts\/53749\/revisions"}],"predecessor-version":[{"id":53760,"href":"https:\/\/justicapotiguar.com.br\/index.php\/wp-json\/wp\/v2\/posts\/53749\/revisions\/53760"}],"wp:attachment":[{"href":"https:\/\/justicapotiguar.com.br\/index.php\/wp-json\/wp\/v2\/media?parent=53749"}],"wp:term":[{"taxonomy":"category","embeddable":true,"href":"https:\/\/justicapotiguar.com.br\/index.php\/wp-json\/wp\/v2\/categories?post=53749"},{"taxonomy":"post_tag","embeddable":true,"href":"https:\/\/justicapotiguar.com.br\/index.php\/wp-json\/wp\/v2\/tags?post=53749"}],"curies":[{"name":"wp","href":"https:\/\/api.w.org\/{rel}","templated":true}]}}