{"id":53743,"date":"2026-04-28T09:40:41","date_gmt":"2026-04-28T12:40:41","guid":{"rendered":"https:\/\/justicapotiguar.com.br\/?p=53743"},"modified":"2026-04-28T09:44:52","modified_gmt":"2026-04-28T12:44:52","slug":"justica-do-rn-nega-isencao-de-ir-e-contribuicao-previdenciaria-a-professora-aposentada","status":"publish","type":"post","link":"https:\/\/justicapotiguar.com.br\/index.php\/2026\/04\/28\/justica-do-rn-nega-isencao-de-ir-e-contribuicao-previdenciaria-a-professora-aposentada\/","title":{"rendered":"Justi\u00e7a do RN nega isen\u00e7\u00e3o de IR e contribui\u00e7\u00e3o previdenci\u00e1ria \u00e0 professora aposentada"},"content":{"rendered":"\n<figure class=\"wp-block-image size-large\"><img loading=\"lazy\" width=\"800\" height=\"470\" src=\"https:\/\/justicapotiguar.com.br\/wp-content\/uploads\/2026\/04\/professora.jpg\" alt=\"\" class=\"wp-image-53746\" srcset=\"https:\/\/justicapotiguar.com.br\/wp-content\/uploads\/2026\/04\/professora.jpg 800w, https:\/\/justicapotiguar.com.br\/wp-content\/uploads\/2026\/04\/professora-300x176.jpg 300w, https:\/\/justicapotiguar.com.br\/wp-content\/uploads\/2026\/04\/professora-768x451.jpg 768w\" sizes=\"(max-width: 800px) 100vw, 800px\" \/><figcaption>Foto: Ag\u00eancia Brasil<\/figcaption><\/figure>\n\n\n\n<p>A 2\u00aa Vara de Execu\u00e7\u00e3o Fiscal e Tribut\u00e1ria de Natal julgou de maneira improcedente um pedido feito por uma professora aposentada do Estado do Rio Grande do Norte, que pleiteava a isen\u00e7\u00e3o de imposto de renda e de contribui\u00e7\u00f5es previdenci\u00e1rias por ter sido diagnosticada com doen\u00e7a grave. De acordo com a senten\u00e7a, da ju\u00edza Alba Paula de Azevedo, o direito da autora da a\u00e7\u00e3o \u00e0 isen\u00e7\u00e3o pretendida n\u00e3o foi reconhecido, pois a professora aposentada n\u00e3o apresentou provas suficientes que comprovassem que os problemas de sa\u00fade surgiram devido ao exerc\u00edcio da profiss\u00e3o.<\/p>\n\n\n\n<p>Segundo informa\u00e7\u00f5es presentes na senten\u00e7a, a aposentada alegou que foi diagnosticada, no ano de 2012, com gonartrose, tendinite bicipital, grave artrose nos joelhos, n\u00f3dulos de bouchard, les\u00f5es no ombro, transtornos de disco lombares e de outros discos intervertebrais. Ainda de acordo com a autora da a\u00e7\u00e3o, todos os problemas de sa\u00fade surgiram por causa do exerc\u00edcio da fun\u00e7\u00e3o de professora, o que configuraria mol\u00e9stia profissional.<\/p>\n\n\n\n<p>A 2\u00aa Vara de Execu\u00e7\u00e3o Fiscal e Tribut\u00e1ria de Natal julgou de maneira improcedente um pedido feito por uma professora aposentada do Estado do Rio Grande do Norte, que pleiteava a isen\u00e7\u00e3o de imposto de renda e de contribui\u00e7\u00f5es previdenci\u00e1rias por ter sido diagnosticada com doen\u00e7a grave. De acordo com a senten\u00e7a, da ju\u00edza Alba Paula de Azevedo, o direito da autora da a\u00e7\u00e3o \u00e0 isen\u00e7\u00e3o pretendida n\u00e3o foi reconhecido, pois a professora aposentada n\u00e3o apresentou provas suficientes que comprovassem que os problemas de sa\u00fade surgiram devido ao exerc\u00edcio da profiss\u00e3o.<\/p>\n\n\n\n<p>Segundo informa\u00e7\u00f5es presentes na senten\u00e7a, a aposentada alegou que foi diagnosticada, no ano de 2012, com gonartrose, tendinite bicipital, grave artrose nos joelhos, n\u00f3dulos de bouchard, les\u00f5es no ombro, transtornos de disco lombares e de outros discos intervertebrais. Ainda de acordo com a autora da a\u00e7\u00e3o, todos os problemas de sa\u00fade surgiram por causa do exerc\u00edcio da fun\u00e7\u00e3o de professora, o que configuraria mol\u00e9stia profissional.<\/p>\n\n\n\n<p>Ao realizar a an\u00e1lise do caso, a magistrada respons\u00e1vel destacou que, em rela\u00e7\u00e3o ao tema, o Superior Tribunal de Justi\u00e7a (STJ) estabelece que para caracterizar mol\u00e9stia profissional, basta a verifica\u00e7\u00e3o e comprova\u00e7\u00e3o da causa da mol\u00e9stias a partir do labor habitual e a consequ\u00eancia de que ir\u00e1 gerar sacrif\u00edcio financeiro ao aposentado.<\/p><div class=\"meucy69f0e65aebf27\" ><!--<a href=\"https:\/\/bit.ly\/3QdrqTZ\" target=\"_blank\">\n<img src=\"https:\/\/justicapotiguar.com.br\/wp-content\/uploads\/2023\/09\/mobile-geral.gif\"\/><a\/>--><\/div><style type=\"text\/css\">\r\n.meucy69f0e65aebf27 {\r\ntext-align: center;\r\n}\r\n@media screen and (min-width: 1201px) {\r\n.meucy69f0e65aebf27 {\r\ndisplay: none;\r\n}\r\n}\r\n@media screen and (min-width: 993px) and (max-width: 1200px) {\r\n.meucy69f0e65aebf27 {\r\ndisplay: none;\r\n}\r\n}\r\n@media screen and (min-width: 769px) and (max-width: 992px) {\r\n.meucy69f0e65aebf27 {\r\ndisplay: none;\r\n}\r\n}\r\n@media screen and (min-width: 768px) and (max-width: 768px) {\r\n.meucy69f0e65aebf27 {\r\ndisplay: block;\r\n}\r\n}\r\n@media screen and (max-width: 767px) {\r\n.meucy69f0e65aebf27 {\r\ndisplay: block;\r\n}\r\n}\r\n<\/style>\r\n<div class=\"mufzr69f0e65aebf0d\" ><!--<a href=\"https:\/\/bit.ly\/3QdrqTZ\" target=\"_blank\">\n<img src=\"https:\/\/justicapotiguar.com.br\/wp-content\/uploads\/2023\/09\/desktop-geral.gif\"\/><a\/>--><\/div><style type=\"text\/css\">\r\n.mufzr69f0e65aebf0d {\r\ntext-align: center;\nmargin-bottom: 1em;\r\n}\r\n@media screen and (min-width: 1201px) {\r\n.mufzr69f0e65aebf0d {\r\ndisplay: block;\r\n}\r\n}\r\n@media screen and (min-width: 993px) and (max-width: 1200px) {\r\n.mufzr69f0e65aebf0d {\r\ndisplay: block;\r\n}\r\n}\r\n@media screen and (min-width: 769px) and (max-width: 992px) {\r\n.mufzr69f0e65aebf0d {\r\ndisplay: block;\r\n}\r\n}\r\n@media screen and (min-width: 768px) and (max-width: 768px) {\r\n.mufzr69f0e65aebf0d {\r\ndisplay: none;\r\n}\r\n}\r\n@media screen and (max-width: 767px) {\r\n.mufzr69f0e65aebf0d {\r\ndisplay: none;\r\n}\r\n}\r\n<\/style>\r\n\n\n\n\n<p>Entretanto, segundo a ju\u00edza, como a mol\u00e9stia profissional se desenvolve no exerc\u00edcio da profiss\u00e3o ou no ambiente profissional, \u00e9 indispens\u00e1vel que seja demonstrado o nexo entre a doen\u00e7a e o trabalho realizado, sendo necess\u00e1ria uma an\u00e1lise mais aprofundada da quest\u00e3o. Levando isso em considera\u00e7\u00e3o, um laudo pericial foi realizado para apurar as alega\u00e7\u00f5es apresentadas pela professora aposentada. Consta no documento que a autora da a\u00e7\u00e3o possui os problemas de sa\u00fade descritos, mas que esses n\u00e3o se enquadram nas hip\u00f3teses legais de isen\u00e7\u00e3o.<\/p>\n\n\n\n<p>\u201cDa an\u00e1lise do laudo e dos esclarecimentos sobre a per\u00edcia, constata-se a afirma\u00e7\u00e3o do perito judicial sobre o caso, no sentido de que \u2018as doen\u00e7as apresentadas s\u00e3o cr\u00f4nicas, progressivas e irrevers\u00edveis, por\u00e9m n\u00e3o se enquadram como mol\u00e9stias graves nos termos da Lei n\u00ba 7.713\/88\u201d, escreveu a ju\u00edza na senten\u00e7a. Ainda de acordo com a magistrada, o perito tamb\u00e9m informou que n\u00e3o h\u00e1 rela\u00e7\u00e3o direta entre a atividade de professora exercida pela autora e o seu quadro degenerativo. Ele observou ainda que, embora as patologias da autora causem limita\u00e7\u00f5es funcionais significativas, n\u00e3o resultam em incapacidade absoluta.<\/p>\n\n\n\n<p>\u201cAssim, haja vista os conhecimentos t\u00e9cnicos do perito na \u00e1rea m\u00e9dica, h\u00e1 de se aplicar a conclus\u00e3o por ele apurada, por se tratar de prova robusta, produzida por profissional devidamente qualificado e imparcial\u201d, destacou a magistrada.<\/p>\n\n\n\n<p>Al\u00e9m disso, tamb\u00e9m n\u00e3o foi aceito o pedido feito pela professora de isen\u00e7\u00e3o da contribui\u00e7\u00e3o previdenci\u00e1ria em rela\u00e7\u00e3o a aposentados com doen\u00e7a incapacitante. Levando em considera\u00e7\u00e3o \u00e0 Constitui\u00e7\u00e3o Federal, a magistrada destacou que as contribui\u00e7\u00f5es para custeio de regime pr\u00f3prio de previd\u00eancia social podem ser cobradas de servidores ativos, aposentados e de pensionistas.<\/p>\n\n\n\n<p><em>Fonte: TJRN<\/em><\/p>\n","protected":false},"excerpt":{"rendered":"<p>Segundo a ju\u00edza, como a mol\u00e9stia profissional se desenvolve no exerc\u00edcio da profiss\u00e3o ou no ambiente profissional, \u00e9 indispens\u00e1vel que seja demonstrado o nexo entre a doen\u00e7a.<br \/><a class=\"more-link\" href=\"https:\/\/justicapotiguar.com.br\/index.php\/2026\/04\/28\/justica-do-rn-nega-isencao-de-ir-e-contribuicao-previdenciaria-a-professora-aposentada\/\">Mais&#8230;<\/a><\/p>\n","protected":false},"author":8,"featured_media":0,"comment_status":"open","ping_status":"open","sticky":false,"template":"","format":"standard","meta":[],"categories":[3],"tags":[],"_links":{"self":[{"href":"https:\/\/justicapotiguar.com.br\/index.php\/wp-json\/wp\/v2\/posts\/53743"}],"collection":[{"href":"https:\/\/justicapotiguar.com.br\/index.php\/wp-json\/wp\/v2\/posts"}],"about":[{"href":"https:\/\/justicapotiguar.com.br\/index.php\/wp-json\/wp\/v2\/types\/post"}],"author":[{"embeddable":true,"href":"https:\/\/justicapotiguar.com.br\/index.php\/wp-json\/wp\/v2\/users\/8"}],"replies":[{"embeddable":true,"href":"https:\/\/justicapotiguar.com.br\/index.php\/wp-json\/wp\/v2\/comments?post=53743"}],"version-history":[{"count":2,"href":"https:\/\/justicapotiguar.com.br\/index.php\/wp-json\/wp\/v2\/posts\/53743\/revisions"}],"predecessor-version":[{"id":53748,"href":"https:\/\/justicapotiguar.com.br\/index.php\/wp-json\/wp\/v2\/posts\/53743\/revisions\/53748"}],"wp:attachment":[{"href":"https:\/\/justicapotiguar.com.br\/index.php\/wp-json\/wp\/v2\/media?parent=53743"}],"wp:term":[{"taxonomy":"category","embeddable":true,"href":"https:\/\/justicapotiguar.com.br\/index.php\/wp-json\/wp\/v2\/categories?post=53743"},{"taxonomy":"post_tag","embeddable":true,"href":"https:\/\/justicapotiguar.com.br\/index.php\/wp-json\/wp\/v2\/tags?post=53743"}],"curies":[{"name":"wp","href":"https:\/\/api.w.org\/{rel}","templated":true}]}}