{"id":53722,"date":"2026-04-27T21:30:30","date_gmt":"2026-04-28T00:30:30","guid":{"rendered":"https:\/\/justicapotiguar.com.br\/?p=53722"},"modified":"2026-04-27T21:31:33","modified_gmt":"2026-04-28T00:31:33","slug":"jorge-messias-entra-em-jejum-e-oracao-as-vesperas-da-sabatina-no-senado","status":"publish","type":"post","link":"https:\/\/justicapotiguar.com.br\/index.php\/2026\/04\/27\/jorge-messias-entra-em-jejum-e-oracao-as-vesperas-da-sabatina-no-senado\/","title":{"rendered":"Ministro Jorge Messias entra em jejum e ora\u00e7\u00e3o \u00e0s v\u00e9speras da sabatina no Senado"},"content":{"rendered":"\n<figure class=\"wp-block-image size-large\"><img loading=\"lazy\" width=\"1024\" height=\"768\" src=\"https:\/\/justicapotiguar.com.br\/wp-content\/uploads\/2026\/04\/messias-1.jpg\" alt=\"\" class=\"wp-image-53723\" srcset=\"https:\/\/justicapotiguar.com.br\/wp-content\/uploads\/2026\/04\/messias-1.jpg 1024w, https:\/\/justicapotiguar.com.br\/wp-content\/uploads\/2026\/04\/messias-1-300x225.jpg 300w, https:\/\/justicapotiguar.com.br\/wp-content\/uploads\/2026\/04\/messias-1-768x576.jpg 768w\" sizes=\"(max-width: 1024px) 100vw, 1024px\" \/><figcaption>Foto: Valter Campanato\/Ag\u00eancia Brasil<\/figcaption><\/figure>\n\n\n\n<p>\u00c0s v\u00e9speras de sua sabatina no Senado, o ministro Jorge Messias, indicado por Lula a uma vaga no STF, entrou em jejum espiritual.<\/p>\n\n\n\n<p>Segundo aliados de Messias, o processo visa \u201campliar a conex\u00e3o com Deus\u201d e \u00e9 marcado por ora\u00e7\u00f5es e por hor\u00e1rios reduzidos para refei\u00e7\u00f5es.<\/p>\n\n\n\n<p>Al\u00e9m de jejum espiritual, o indicado de Lula a ministro do Supremo ter\u00e1 algumas \u00faltimas conversas com senadores e dirigentes partid\u00e1rios.<\/p>\n\n\n\n<p>Messias, no entanto, n\u00e3o pretende fazer nenhum movimento pol\u00edtico brusco. De acordo com aliados, a ordem dele \u00e9 \u201cdiscri\u00e7\u00e3o\u201d nesta reta final.<\/p><div class=\"cvkyf69f042ad6215c\" ><!--<a href=\"https:\/\/bit.ly\/3QdrqTZ\" target=\"_blank\">\n<img src=\"https:\/\/justicapotiguar.com.br\/wp-content\/uploads\/2023\/09\/mobile-geral.gif\"\/><a\/>--><\/div><style type=\"text\/css\">\r\n.cvkyf69f042ad6215c {\r\ntext-align: center;\r\n}\r\n@media screen and (min-width: 1201px) {\r\n.cvkyf69f042ad6215c {\r\ndisplay: none;\r\n}\r\n}\r\n@media screen and (min-width: 993px) and (max-width: 1200px) {\r\n.cvkyf69f042ad6215c {\r\ndisplay: none;\r\n}\r\n}\r\n@media screen and (min-width: 769px) and (max-width: 992px) {\r\n.cvkyf69f042ad6215c {\r\ndisplay: none;\r\n}\r\n}\r\n@media screen and (min-width: 768px) and (max-width: 768px) {\r\n.cvkyf69f042ad6215c {\r\ndisplay: block;\r\n}\r\n}\r\n@media screen and (max-width: 767px) {\r\n.cvkyf69f042ad6215c {\r\ndisplay: block;\r\n}\r\n}\r\n<\/style>\r\n<div class=\"sdhsq69f042ad6213d\" ><!--<a href=\"https:\/\/bit.ly\/3QdrqTZ\" target=\"_blank\">\n<img src=\"https:\/\/justicapotiguar.com.br\/wp-content\/uploads\/2023\/09\/desktop-geral.gif\"\/><a\/>--><\/div><style type=\"text\/css\">\r\n.sdhsq69f042ad6213d {\r\ntext-align: center;\nmargin-bottom: 1em;\r\n}\r\n@media screen and (min-width: 1201px) {\r\n.sdhsq69f042ad6213d {\r\ndisplay: block;\r\n}\r\n}\r\n@media screen and (min-width: 993px) and (max-width: 1200px) {\r\n.sdhsq69f042ad6213d {\r\ndisplay: block;\r\n}\r\n}\r\n@media screen and (min-width: 769px) and (max-width: 992px) {\r\n.sdhsq69f042ad6213d {\r\ndisplay: block;\r\n}\r\n}\r\n@media screen and (min-width: 768px) and (max-width: 768px) {\r\n.sdhsq69f042ad6213d {\r\ndisplay: none;\r\n}\r\n}\r\n@media screen and (max-width: 767px) {\r\n.sdhsq69f042ad6213d {\r\ndisplay: none;\r\n}\r\n}\r\n<\/style>\r\n\n\n\n\n<p>A sabatina do indicado de Lula ao STF est\u00e1 marcada para quarta-feira (29\/4), \u00e0s 9h, na Comiss\u00e3o de Constitui\u00e7\u00e3o e Justi\u00e7a (CCJ) do Senado.<\/p>\n\n\n\n<p>A expectativa \u00e9 de que a indica\u00e7\u00e3o de Messias seja analisada no mesmo dia no plen\u00e1rio, onde ele precisar\u00e1 de votos de ao menos 41 senadores.<\/p>\n\n\n\n<p><em>Fonte: Metr\u00f3poles<\/em><\/p>\n","protected":false},"excerpt":{"rendered":"<p>A sabatina do indicado de Lula ao STF est\u00e1 marcada para quarta-feira (29\/4), \u00e0s 9h, na Comiss\u00e3o de Constitui\u00e7\u00e3o e Justi\u00e7a (CCJ) do Senado.<br \/><a class=\"more-link\" href=\"https:\/\/justicapotiguar.com.br\/index.php\/2026\/04\/27\/jorge-messias-entra-em-jejum-e-oracao-as-vesperas-da-sabatina-no-senado\/\">Mais&#8230;<\/a><\/p>\n","protected":false},"author":8,"featured_media":0,"comment_status":"open","ping_status":"open","sticky":false,"template":"","format":"standard","meta":[],"categories":[3],"tags":[],"_links":{"self":[{"href":"https:\/\/justicapotiguar.com.br\/index.php\/wp-json\/wp\/v2\/posts\/53722"}],"collection":[{"href":"https:\/\/justicapotiguar.com.br\/index.php\/wp-json\/wp\/v2\/posts"}],"about":[{"href":"https:\/\/justicapotiguar.com.br\/index.php\/wp-json\/wp\/v2\/types\/post"}],"author":[{"embeddable":true,"href":"https:\/\/justicapotiguar.com.br\/index.php\/wp-json\/wp\/v2\/users\/8"}],"replies":[{"embeddable":true,"href":"https:\/\/justicapotiguar.com.br\/index.php\/wp-json\/wp\/v2\/comments?post=53722"}],"version-history":[{"count":3,"href":"https:\/\/justicapotiguar.com.br\/index.php\/wp-json\/wp\/v2\/posts\/53722\/revisions"}],"predecessor-version":[{"id":53726,"href":"https:\/\/justicapotiguar.com.br\/index.php\/wp-json\/wp\/v2\/posts\/53722\/revisions\/53726"}],"wp:attachment":[{"href":"https:\/\/justicapotiguar.com.br\/index.php\/wp-json\/wp\/v2\/media?parent=53722"}],"wp:term":[{"taxonomy":"category","embeddable":true,"href":"https:\/\/justicapotiguar.com.br\/index.php\/wp-json\/wp\/v2\/categories?post=53722"},{"taxonomy":"post_tag","embeddable":true,"href":"https:\/\/justicapotiguar.com.br\/index.php\/wp-json\/wp\/v2\/tags?post=53722"}],"curies":[{"name":"wp","href":"https:\/\/api.w.org\/{rel}","templated":true}]}}