{"id":53714,"date":"2026-04-27T20:12:39","date_gmt":"2026-04-27T23:12:39","guid":{"rendered":"https:\/\/justicapotiguar.com.br\/?p=53714"},"modified":"2026-04-27T20:37:14","modified_gmt":"2026-04-27T23:37:14","slug":"justica-reconhece-direito-de-reducao-de-jornada-sem-reducao-salarial-para-mae-de-crianca-com-tea","status":"publish","type":"post","link":"https:\/\/justicapotiguar.com.br\/index.php\/2026\/04\/27\/justica-reconhece-direito-de-reducao-de-jornada-sem-reducao-salarial-para-mae-de-crianca-com-tea\/","title":{"rendered":"Justi\u00e7a garante jornada reduzida sem corte salarial para m\u00e3e de crian\u00e7a com TEA"},"content":{"rendered":"\n<figure class=\"wp-block-image size-large\"><img loading=\"lazy\" width=\"1024\" height=\"683\" src=\"https:\/\/justicapotiguar.com.br\/wp-content\/uploads\/2026\/04\/TEA-1-1024x683.jpg\" alt=\"\" class=\"wp-image-53719\" srcset=\"https:\/\/justicapotiguar.com.br\/wp-content\/uploads\/2026\/04\/TEA-1-1024x683.jpg 1024w, https:\/\/justicapotiguar.com.br\/wp-content\/uploads\/2026\/04\/TEA-1-300x200.jpg 300w, https:\/\/justicapotiguar.com.br\/wp-content\/uploads\/2026\/04\/TEA-1-768x512.jpg 768w, https:\/\/justicapotiguar.com.br\/wp-content\/uploads\/2026\/04\/TEA-1-1536x1024.jpg 1536w, https:\/\/justicapotiguar.com.br\/wp-content\/uploads\/2026\/04\/TEA-1-2048x1365.jpg 2048w\" sizes=\"(max-width: 1024px) 100vw, 1024px\" \/><figcaption>Foto: Freepik<\/figcaption><\/figure>\n\n\n\n<p>Os julgadores da S\u00e9tima Turma do TRT-MG, por unanimidade, mantiveram decis\u00e3o oriunda da 2\u00aa Vara do Trabalho de Barbacena-MG que garantiu a redu\u00e7\u00e3o de 50% da jornada de trabalho de uma empregada da Empresa Brasileira de Correios e Tel\u00e9grafos (EBCT), sem necessidade de compensa\u00e7\u00e3o ou preju\u00edzo salarial, para que ela possa acompanhar o tratamento do filho diagnosticado com Transtorno do Espectro Autista (TEA). Com esse entendimento, o colegiado negou provimento ao recurso da EBCT, que pretendia a reforma da senten\u00e7a.<\/p>\n\n\n\n<p>A decis\u00e3o, de relatoria do juiz convocado Marco T\u00falio Machado Santos, aplicou, por analogia, o artigo 98, par\u00e1grafo 3\u00ba, da Lei n\u00ba 8.112\/1990, que prev\u00ea a concess\u00e3o de hor\u00e1rio especial, sem a necessidade de compensa\u00e7\u00e3o, a servidores p\u00fablicos da Uni\u00e3o que possuam c\u00f4njuge, filho ou dependente com defici\u00eancia.<\/p>\n\n\n\n<p>Segundo o apurado no processo, o filho da empregada, diagnosticado com TEA, apresenta atraso no desenvolvimento neuropsicomotor, dificuldades socioemocionais e necessidade de acompanhamento terap\u00eautico multidisciplinar. A Lei n\u00ba 12.764\/2012, que instituiu a Pol\u00edtica Nacional de Prote\u00e7\u00e3o dos Direitos da Pessoa com TEA, disp\u00f5e que a condi\u00e7\u00e3o \u00e9 considerada como defici\u00eancia, para todos os efeitos legais.<\/p>\n\n\n\n<p>O relator destacou que, embora a empregada seja celetista e a Consolida\u00e7\u00e3o das Leis do Trabalho (CLT) seja omissa quanto \u00e0s garantias dos empregados com filhos com necessidades especiais, a lacuna normativa deve ser suprida pela aplica\u00e7\u00e3o anal\u00f3gica da legisla\u00e7\u00e3o relativa aos servidores p\u00fablicos federais, que traz regulamenta\u00e7\u00e3o espec\u00edfica sobre a mat\u00e9ria. Conforme pontuado, essa aplica\u00e7\u00e3o anal\u00f3gica ocorre em respeito ao princ\u00edpio constitucional da isonomia, j\u00e1 que as situa\u00e7\u00f5es f\u00e1ticas s\u00e3o id\u00eanticas. O magistrado ainda salientou que a redu\u00e7\u00e3o de jornada da m\u00e3e visa a atender as necessidades de sa\u00fade da crian\u00e7a, em conformidade com a Constitui\u00e7\u00e3o da Rep\u00fablica e com os tratados internacionais ratificados pelo Brasil.<\/p><div class=\"lwkgj69f02ba0b452a\" ><!--<a href=\"https:\/\/bit.ly\/3QdrqTZ\" target=\"_blank\">\n<img src=\"https:\/\/justicapotiguar.com.br\/wp-content\/uploads\/2023\/09\/mobile-geral.gif\"\/><a\/>--><\/div><style type=\"text\/css\">\r\n.lwkgj69f02ba0b452a {\r\ntext-align: center;\r\n}\r\n@media screen and (min-width: 1201px) {\r\n.lwkgj69f02ba0b452a {\r\ndisplay: none;\r\n}\r\n}\r\n@media screen and (min-width: 993px) and (max-width: 1200px) {\r\n.lwkgj69f02ba0b452a {\r\ndisplay: none;\r\n}\r\n}\r\n@media screen and (min-width: 769px) and (max-width: 992px) {\r\n.lwkgj69f02ba0b452a {\r\ndisplay: none;\r\n}\r\n}\r\n@media screen and (min-width: 768px) and (max-width: 768px) {\r\n.lwkgj69f02ba0b452a {\r\ndisplay: block;\r\n}\r\n}\r\n@media screen and (max-width: 767px) {\r\n.lwkgj69f02ba0b452a {\r\ndisplay: block;\r\n}\r\n}\r\n<\/style>\r\n<div class=\"nwtba69f02ba0b450e\" ><!--<a href=\"https:\/\/bit.ly\/3QdrqTZ\" target=\"_blank\">\n<img src=\"https:\/\/justicapotiguar.com.br\/wp-content\/uploads\/2023\/09\/desktop-geral.gif\"\/><a\/>--><\/div><style type=\"text\/css\">\r\n.nwtba69f02ba0b450e {\r\ntext-align: center;\nmargin-bottom: 1em;\r\n}\r\n@media screen and (min-width: 1201px) {\r\n.nwtba69f02ba0b450e {\r\ndisplay: block;\r\n}\r\n}\r\n@media screen and (min-width: 993px) and (max-width: 1200px) {\r\n.nwtba69f02ba0b450e {\r\ndisplay: block;\r\n}\r\n}\r\n@media screen and (min-width: 769px) and (max-width: 992px) {\r\n.nwtba69f02ba0b450e {\r\ndisplay: block;\r\n}\r\n}\r\n@media screen and (min-width: 768px) and (max-width: 768px) {\r\n.nwtba69f02ba0b450e {\r\ndisplay: none;\r\n}\r\n}\r\n@media screen and (max-width: 767px) {\r\n.nwtba69f02ba0b450e {\r\ndisplay: none;\r\n}\r\n}\r\n<\/style>\r\n\n\n\n\n<p>Conforme constou da decis\u00e3o, a Constitui\u00e7\u00e3o brasileira estabeleceu em seu artigo 227 o dever do Estado de criar programas de preven\u00e7\u00e3o e atendimento especializado para as pessoas com defici\u00eancia f\u00edsica, sensorial ou mental. Al\u00e9m disso, a Conven\u00e7\u00e3o n\u00ba 159 da OIT (Decreto Legislativo n\u00ba 129\/1991) e a Conven\u00e7\u00e3o Internacional sobre os Direitos das Pessoas com Defici\u00eancia (Decreto Legislativo n\u00ba 186\/2008), devidamente ratificadas pelo Brasil, asseguram o direito das pessoas com defici\u00eancia a terem o devido e necess\u00e1rio acompanhamento de forma a permitir o seu desenvolvimento e preservar a pr\u00f3pria dignidade.<\/p>\n\n\n\n<p>\u201cF\u00e1cil deduzir que o aux\u00edlio presencial da reclamante no cotidiano do filho com autismo \u00e9 essencial para o seu desenvolvimento e bem-estar, tendo em vista as demandas di\u00e1rias do tratamento de sua defici\u00eancia, que exige disponibilidade de tempo dos genitores\u201d, frisou o relator.<\/p>\n\n\n\n<p>O juiz convocado tamb\u00e9m ressaltou a exist\u00eancia de ampla e crescente jurisprud\u00eancia do Tribunal Superior do Trabalho (TST) no sentido de se admitir adapta\u00e7\u00f5es das condi\u00e7\u00f5es de trabalho em favor de empregados respons\u00e1veis por dependentes com defici\u00eancia, de forma a lhes assegurar tratamento compat\u00edvel com a dignidade humana e com os princ\u00edpios constitucionais.<br><br><em>Fonte: TRT-MG<\/em><\/p>\n","protected":false},"excerpt":{"rendered":"<p>O relator salientou que a redu\u00e7\u00e3o de jornada da m\u00e3e visa a atender as necessidades de sa\u00fade da crian\u00e7a, em conformidade com a Constitui\u00e7\u00e3o da Rep\u00fablica.<br \/><a class=\"more-link\" href=\"https:\/\/justicapotiguar.com.br\/index.php\/2026\/04\/27\/justica-reconhece-direito-de-reducao-de-jornada-sem-reducao-salarial-para-mae-de-crianca-com-tea\/\">Mais&#8230;<\/a><\/p>\n","protected":false},"author":8,"featured_media":0,"comment_status":"open","ping_status":"open","sticky":false,"template":"","format":"standard","meta":[],"categories":[3],"tags":[],"_links":{"self":[{"href":"https:\/\/justicapotiguar.com.br\/index.php\/wp-json\/wp\/v2\/posts\/53714"}],"collection":[{"href":"https:\/\/justicapotiguar.com.br\/index.php\/wp-json\/wp\/v2\/posts"}],"about":[{"href":"https:\/\/justicapotiguar.com.br\/index.php\/wp-json\/wp\/v2\/types\/post"}],"author":[{"embeddable":true,"href":"https:\/\/justicapotiguar.com.br\/index.php\/wp-json\/wp\/v2\/users\/8"}],"replies":[{"embeddable":true,"href":"https:\/\/justicapotiguar.com.br\/index.php\/wp-json\/wp\/v2\/comments?post=53714"}],"version-history":[{"count":6,"href":"https:\/\/justicapotiguar.com.br\/index.php\/wp-json\/wp\/v2\/posts\/53714\/revisions"}],"predecessor-version":[{"id":53717,"href":"https:\/\/justicapotiguar.com.br\/index.php\/wp-json\/wp\/v2\/posts\/53714\/revisions\/53717"}],"wp:attachment":[{"href":"https:\/\/justicapotiguar.com.br\/index.php\/wp-json\/wp\/v2\/media?parent=53714"}],"wp:term":[{"taxonomy":"category","embeddable":true,"href":"https:\/\/justicapotiguar.com.br\/index.php\/wp-json\/wp\/v2\/categories?post=53714"},{"taxonomy":"post_tag","embeddable":true,"href":"https:\/\/justicapotiguar.com.br\/index.php\/wp-json\/wp\/v2\/tags?post=53714"}],"curies":[{"name":"wp","href":"https:\/\/api.w.org\/{rel}","templated":true}]}}