{"id":53708,"date":"2026-04-27T19:50:03","date_gmt":"2026-04-27T22:50:03","guid":{"rendered":"https:\/\/justicapotiguar.com.br\/?p=53708"},"modified":"2026-04-27T19:55:35","modified_gmt":"2026-04-27T22:55:35","slug":"paciente-com-pre-leucemia-tem-medicamento-garantido-pelo-tribunal-regional-federal-da-5a-regiao","status":"publish","type":"post","link":"https:\/\/justicapotiguar.com.br\/index.php\/2026\/04\/27\/paciente-com-pre-leucemia-tem-medicamento-garantido-pelo-tribunal-regional-federal-da-5a-regiao\/","title":{"rendered":"Paciente com pr\u00e9-leucemia tem medicamento garantido pelo Tribunal Regional Federal da 5\u00aa Regi\u00e3o"},"content":{"rendered":"\n<figure class=\"wp-block-image size-large is-resized\"><img loading=\"lazy\" src=\"https:\/\/justicapotiguar.com.br\/wp-content\/uploads\/2026\/04\/medicacao-1024x466.png\" alt=\"\" class=\"wp-image-53710\" width=\"840\" height=\"382\" srcset=\"https:\/\/justicapotiguar.com.br\/wp-content\/uploads\/2026\/04\/medicacao-1024x466.png 1024w, https:\/\/justicapotiguar.com.br\/wp-content\/uploads\/2026\/04\/medicacao-300x136.png 300w, https:\/\/justicapotiguar.com.br\/wp-content\/uploads\/2026\/04\/medicacao-768x349.png 768w, https:\/\/justicapotiguar.com.br\/wp-content\/uploads\/2026\/04\/medicacao-1536x698.png 1536w, https:\/\/justicapotiguar.com.br\/wp-content\/uploads\/2026\/04\/medicacao.png 1654w\" sizes=\"(max-width: 840px) 100vw, 840px\" \/><figcaption>Foto: Reprodu\u00e7\u00e3o<\/figcaption><\/figure>\n\n\n\n<p>A Quarta Turma do Tribunal Regional Federal da 5\u00aa Regi\u00e3o &#8211; TRF5, por unanimidade, manteve a senten\u00e7a da 3\u00aa Vara Federal do Cear\u00e1 que assegurou o fornecimento do medicamento Luspatercept (Reblozyl) a uma paciente com S\u00edndrome Mielodispl\u00e1sica (SMD), doen\u00e7a conhecida como pr\u00e9-leucemia. Na decis\u00e3o, o Colegiado determinou o fornecimento cont\u00ednuo da medica\u00e7\u00e3o, conforme prescri\u00e7\u00e3o m\u00e9dica, com apresenta\u00e7\u00e3o anual de relat\u00f3rio m\u00e9dico atualizado.<\/p>\n\n\n\n<p>A Uni\u00e3o e o Estado do Cear\u00e1 haviam recorrido da senten\u00e7a. A Uni\u00e3o alegou que houve cerceamento de defesa, pelo indeferimento de prova pericial, que existe pol\u00edtica p\u00fablica com alternativas terap\u00eauticas no Sistema \u00danico de Sa\u00fade (SUS) e que n\u00e3o haveria provas de que esses tratamentos dispon\u00edveis sejam ineficazes para controlar a doen\u00e7a. J\u00e1 o Estado do Cear\u00e1 argumentou que o medicamento n\u00e3o est\u00e1 incorporado ao SUS e que, portanto, o fornecimento e o custeio do tratamento seriam de compet\u00eancia exclusiva da Uni\u00e3o.<\/p>\n\n\n\n<p>Com rela\u00e7\u00e3o \u00e0 alega\u00e7\u00e3o de cerceamento de defesa, o relator do processo, desembargador federal Manoel Erhardt, destacou que a prova pericial pode ser \u00fatil em demandas de sa\u00fade, por\u00e9m n\u00e3o constitui ato obrigat\u00f3rio nem autom\u00e1tico. O magistrado acrescentou que o conjunto de provas j\u00e1 se mostrou suficiente, com prescri\u00e7\u00e3o e relat\u00f3rios cl\u00ednicos realizados por especialista da \u00e1rea de hematologia.<\/p>\n\n\n\n<p>Quanto ao m\u00e9rito, Erhardt lembrou que, segundo a jurisprud\u00eancia do Supremo Tribunal Federal, (STF), o tratamento m\u00e9dico adequado aos necessitados se insere no rol dos deveres do Estado, sendo de responsabilidade solid\u00e1ria dos entes federados. Al\u00e9m disso, parecer emitido em nota t\u00e9cnica do N\u00facleo de Apoio T\u00e9cnico ao Judici\u00e1rio do Cear\u00e1 (NatJus\/CE) apontou que o medicamento possui registro na Ag\u00eancia Nacional de Vigil\u00e2ncia Sanit\u00e1ria (Anvisa) e que o SUS n\u00e3o disp\u00f5e de lista espec\u00edfica de medicamentos para tratamento oncol\u00f3gico, incumbindo aos estabelecimentos de sa\u00fade a padroniza\u00e7\u00e3o, aquisi\u00e7\u00e3o e fornecimento.<\/p><div class=\"vonqc69f042ad5fc66\" ><!--<a href=\"https:\/\/bit.ly\/3QdrqTZ\" target=\"_blank\">\n<img src=\"https:\/\/justicapotiguar.com.br\/wp-content\/uploads\/2023\/09\/mobile-geral.gif\"\/><a\/>--><\/div><style type=\"text\/css\">\r\n.vonqc69f042ad5fc66 {\r\ntext-align: center;\r\n}\r\n@media screen and (min-width: 1201px) {\r\n.vonqc69f042ad5fc66 {\r\ndisplay: none;\r\n}\r\n}\r\n@media screen and (min-width: 993px) and (max-width: 1200px) {\r\n.vonqc69f042ad5fc66 {\r\ndisplay: none;\r\n}\r\n}\r\n@media screen and (min-width: 769px) and (max-width: 992px) {\r\n.vonqc69f042ad5fc66 {\r\ndisplay: none;\r\n}\r\n}\r\n@media screen and (min-width: 768px) and (max-width: 768px) {\r\n.vonqc69f042ad5fc66 {\r\ndisplay: block;\r\n}\r\n}\r\n@media screen and (max-width: 767px) {\r\n.vonqc69f042ad5fc66 {\r\ndisplay: block;\r\n}\r\n}\r\n<\/style>\r\n<div class=\"snymy69f042ad5fc4d\" ><!--<a href=\"https:\/\/bit.ly\/3QdrqTZ\" target=\"_blank\">\n<img src=\"https:\/\/justicapotiguar.com.br\/wp-content\/uploads\/2023\/09\/desktop-geral.gif\"\/><a\/>--><\/div><style type=\"text\/css\">\r\n.snymy69f042ad5fc4d {\r\ntext-align: center;\nmargin-bottom: 1em;\r\n}\r\n@media screen and (min-width: 1201px) {\r\n.snymy69f042ad5fc4d {\r\ndisplay: block;\r\n}\r\n}\r\n@media screen and (min-width: 993px) and (max-width: 1200px) {\r\n.snymy69f042ad5fc4d {\r\ndisplay: block;\r\n}\r\n}\r\n@media screen and (min-width: 769px) and (max-width: 992px) {\r\n.snymy69f042ad5fc4d {\r\ndisplay: block;\r\n}\r\n}\r\n@media screen and (min-width: 768px) and (max-width: 768px) {\r\n.snymy69f042ad5fc4d {\r\ndisplay: none;\r\n}\r\n}\r\n@media screen and (max-width: 767px) {\r\n.snymy69f042ad5fc4d {\r\ndisplay: none;\r\n}\r\n}\r\n<\/style>\r\n\n\n\n\n<p>Quanto \u00e0 comprova\u00e7\u00e3o de efic\u00e1cia, seguran\u00e7a e efetividade do f\u00e1rmaco, \u00e0 luz da medicina baseada em evid\u00eancias, o magistrado ressaltou que h\u00e1 nos autos do processo relat\u00f3rio m\u00e9dico demonstrando que a terap\u00eautica convencional n\u00e3o se mostra adequada e que o uso do Luspatercept constitui medida necess\u00e1ria \u00e0 estabiliza\u00e7\u00e3o cl\u00ednica e \u00e0 preven\u00e7\u00e3o de complica\u00e7\u00f5es graves.<\/p>\n\n\n\n<p>De acordo com o relator, o conjunto probat\u00f3rio do processo revela que houve entraves relacionados \u00e0 aquisi\u00e7\u00e3o e disponibilidade do medicamento, o que justifica interven\u00e7\u00e3o da Justi\u00e7a. \u201cEm tais circunst\u00e2ncias, a interven\u00e7\u00e3o jurisdicional n\u00e3o importa substitui\u00e7\u00e3o indevida do gestor na defini\u00e7\u00e3o de prioridades sanit\u00e1rias, mas atua\u00e7\u00e3o corretiva voltada \u00e0 supera\u00e7\u00e3o de omiss\u00e3o prestacional espec\u00edfica, com o objetivo de assegurar a efetividade do direito fundamental \u00e0 sa\u00fade\u201d, concluiu.<\/p>\n\n\n\n<p><strong>Processo n\u00ba 0804395-04.2022.4.05.810<\/strong><\/p>\n\n\n\n<p><em>Fonte: TRF5<\/em><\/p>\n","protected":false},"excerpt":{"rendered":"<p>De acordo com o relator, o conjunto probat\u00f3rio do processo revela que houve entraves relacionados \u00e0 aquisi\u00e7\u00e3o e disponibilidade do medicamento, o que justifica interven\u00e7\u00e3o da Justi\u00e7a.<br \/><a class=\"more-link\" href=\"https:\/\/justicapotiguar.com.br\/index.php\/2026\/04\/27\/paciente-com-pre-leucemia-tem-medicamento-garantido-pelo-tribunal-regional-federal-da-5a-regiao\/\">Mais&#8230;<\/a><\/p>\n","protected":false},"author":8,"featured_media":0,"comment_status":"open","ping_status":"open","sticky":false,"template":"","format":"standard","meta":[],"categories":[3],"tags":[],"_links":{"self":[{"href":"https:\/\/justicapotiguar.com.br\/index.php\/wp-json\/wp\/v2\/posts\/53708"}],"collection":[{"href":"https:\/\/justicapotiguar.com.br\/index.php\/wp-json\/wp\/v2\/posts"}],"about":[{"href":"https:\/\/justicapotiguar.com.br\/index.php\/wp-json\/wp\/v2\/types\/post"}],"author":[{"embeddable":true,"href":"https:\/\/justicapotiguar.com.br\/index.php\/wp-json\/wp\/v2\/users\/8"}],"replies":[{"embeddable":true,"href":"https:\/\/justicapotiguar.com.br\/index.php\/wp-json\/wp\/v2\/comments?post=53708"}],"version-history":[{"count":3,"href":"https:\/\/justicapotiguar.com.br\/index.php\/wp-json\/wp\/v2\/posts\/53708\/revisions"}],"predecessor-version":[{"id":53713,"href":"https:\/\/justicapotiguar.com.br\/index.php\/wp-json\/wp\/v2\/posts\/53708\/revisions\/53713"}],"wp:attachment":[{"href":"https:\/\/justicapotiguar.com.br\/index.php\/wp-json\/wp\/v2\/media?parent=53708"}],"wp:term":[{"taxonomy":"category","embeddable":true,"href":"https:\/\/justicapotiguar.com.br\/index.php\/wp-json\/wp\/v2\/categories?post=53708"},{"taxonomy":"post_tag","embeddable":true,"href":"https:\/\/justicapotiguar.com.br\/index.php\/wp-json\/wp\/v2\/tags?post=53708"}],"curies":[{"name":"wp","href":"https:\/\/api.w.org\/{rel}","templated":true}]}}