{"id":53690,"date":"2026-04-27T14:29:10","date_gmt":"2026-04-27T17:29:10","guid":{"rendered":"https:\/\/justicapotiguar.com.br\/?p=53690"},"modified":"2026-04-27T14:34:34","modified_gmt":"2026-04-27T17:34:34","slug":"ex-jogador-richarlyson-consegue-adicional-noturno-do-atletico-mineiro","status":"publish","type":"post","link":"https:\/\/justicapotiguar.com.br\/index.php\/2026\/04\/27\/ex-jogador-richarlyson-consegue-adicional-noturno-do-atletico-mineiro\/","title":{"rendered":"TST condena Atl\u00e9tico Mineiro a pagar adicional noturno ao ex-jogador Richarlyson"},"content":{"rendered":"\n<figure class=\"wp-block-image size-large\"><img loading=\"lazy\" width=\"1024\" height=\"683\" src=\"https:\/\/justicapotiguar.com.br\/wp-content\/uploads\/2026\/04\/rycharlison-1024x683.jpg\" alt=\"\" class=\"wp-image-53694\" srcset=\"https:\/\/justicapotiguar.com.br\/wp-content\/uploads\/2026\/04\/rycharlison-1024x683.jpg 1024w, https:\/\/justicapotiguar.com.br\/wp-content\/uploads\/2026\/04\/rycharlison-300x200.jpg 300w, https:\/\/justicapotiguar.com.br\/wp-content\/uploads\/2026\/04\/rycharlison-768x512.jpg 768w, https:\/\/justicapotiguar.com.br\/wp-content\/uploads\/2026\/04\/rycharlison.jpg 1080w\" sizes=\"(max-width: 1024px) 100vw, 1024px\" \/><figcaption>Foto: Bruno Cantini\/Atl\u00e9tico<\/figcaption><\/figure>\n\n\n\n<p>A 1\u00aa Turma do Tribunal Superior do Trabalho condenou o Atl\u00e9tico Mineiro a pagar adicional noturno ao ex-jogador Richarlyson Barbosa Felisbino por partidas realizadas depois das 22h.<\/p>\n\n\n\n<p>O colegiado entendeu que o fato de o futebol profissional ter regras pr\u00f3prias n\u00e3o afasta o direito ao adicional noturno. Para o relator, ministro Amaury Rodrigues Pinto Junior, o trabalho \u00e0 noite n\u00e3o pode ser tratado como uma peculiaridade da profiss\u00e3o capaz de excluir a incid\u00eancia das normas gerais da legisla\u00e7\u00e3o trabalhista.<\/p>\n\n\n\n<p>A decis\u00e3o reformou entendimento do TRT-3 (Tribunal Regional do Trabalho da 3\u00aa Regi\u00e3o), que havia negado o pedido de Richarlyson. O tribunal regional considerou que jogos \u00e0 noite fazem parte das caracter\u00edsticas da atividade esportiva e que o pagamento s\u00f3 seria devido se houvesse previs\u00e3o no contrato do atleta.<\/p>\n\n\n\n<p>Segundo o ac\u00f3rd\u00e3o, a Constitui\u00e7\u00e3o garante a todos os trabalhadores remunera\u00e7\u00e3o do trabalho noturno superior \u00e0 do diurno. A Corte tamb\u00e9m citou a Lei Pel\u00e9, que prev\u00ea a aplica\u00e7\u00e3o das normas gerais da legisla\u00e7\u00e3o trabalhista aos atletas profissionais, salvo as particularidades previstas na pr\u00f3pria lei.<\/p><div class=\"voyfc69f08b8b7d034\" ><!--<a href=\"https:\/\/bit.ly\/3QdrqTZ\" target=\"_blank\">\n<img src=\"https:\/\/justicapotiguar.com.br\/wp-content\/uploads\/2023\/09\/mobile-geral.gif\"\/><a\/>--><\/div><style type=\"text\/css\">\r\n.voyfc69f08b8b7d034 {\r\ntext-align: center;\r\n}\r\n@media screen and (min-width: 1201px) {\r\n.voyfc69f08b8b7d034 {\r\ndisplay: none;\r\n}\r\n}\r\n@media screen and (min-width: 993px) and (max-width: 1200px) {\r\n.voyfc69f08b8b7d034 {\r\ndisplay: none;\r\n}\r\n}\r\n@media screen and (min-width: 769px) and (max-width: 992px) {\r\n.voyfc69f08b8b7d034 {\r\ndisplay: none;\r\n}\r\n}\r\n@media screen and (min-width: 768px) and (max-width: 768px) {\r\n.voyfc69f08b8b7d034 {\r\ndisplay: block;\r\n}\r\n}\r\n@media screen and (max-width: 767px) {\r\n.voyfc69f08b8b7d034 {\r\ndisplay: block;\r\n}\r\n}\r\n<\/style>\r\n<div class=\"ujflb69f08b8b7d015\" ><!--<a href=\"https:\/\/bit.ly\/3QdrqTZ\" target=\"_blank\">\n<img src=\"https:\/\/justicapotiguar.com.br\/wp-content\/uploads\/2023\/09\/desktop-geral.gif\"\/><a\/>--><\/div><style type=\"text\/css\">\r\n.ujflb69f08b8b7d015 {\r\ntext-align: center;\nmargin-bottom: 1em;\r\n}\r\n@media screen and (min-width: 1201px) {\r\n.ujflb69f08b8b7d015 {\r\ndisplay: block;\r\n}\r\n}\r\n@media screen and (min-width: 993px) and (max-width: 1200px) {\r\n.ujflb69f08b8b7d015 {\r\ndisplay: block;\r\n}\r\n}\r\n@media screen and (min-width: 769px) and (max-width: 992px) {\r\n.ujflb69f08b8b7d015 {\r\ndisplay: block;\r\n}\r\n}\r\n@media screen and (min-width: 768px) and (max-width: 768px) {\r\n.ujflb69f08b8b7d015 {\r\ndisplay: none;\r\n}\r\n}\r\n@media screen and (max-width: 767px) {\r\n.ujflb69f08b8b7d015 {\r\ndisplay: none;\r\n}\r\n}\r\n<\/style>\r\n\n\n\n\n<p>No mesmo julgamento, Richarlyson tamb\u00e9m discutiu diferen\u00e7as relativas ao direito de arena, valor pago a atletas pela participa\u00e7\u00e3o em partidas transmitidas por emissoras de TV.<\/p>\n\n\n\n<p>O ex-jogador sustentou que teria direito ao percentual de 20% previsto na reda\u00e7\u00e3o anterior da Lei Pel\u00e9, porque seu contrato com o Atl\u00e9tico-MG come\u00e7ou antes da mudan\u00e7a legislativa. A Lei 12.395, de 2011, reduziu o percentual para 5% e definiu a parcela como de natureza civil, e n\u00e3o trabalhista.<\/p>\n\n\n\n<p>Nesse ponto, o TST negou o pedido. Para a 1\u00aa Turma, o direito de arena nasce no momento em que o atleta participa do jogo ou evento esportivo. Por isso, deve seguir a lei vigente na data da partida, e n\u00e3o a lei em vigor quando o contrato de trabalho foi assinado.<\/p>\n\n\n\n<p><em>Fonte: Poder360<\/em><\/p>\n","protected":false},"excerpt":{"rendered":"<p>O ex-jogador sustentou que teria direito ao percentual de 20% previsto na reda\u00e7\u00e3o anterior da Lei Pel\u00e9, porque seu contrato com o Atl\u00e9tico-MG come\u00e7ou antes da mudan\u00e7a legislativa. <br \/><a class=\"more-link\" href=\"https:\/\/justicapotiguar.com.br\/index.php\/2026\/04\/27\/ex-jogador-richarlyson-consegue-adicional-noturno-do-atletico-mineiro\/\">Mais&#8230;<\/a><\/p>\n","protected":false},"author":8,"featured_media":0,"comment_status":"open","ping_status":"open","sticky":false,"template":"","format":"standard","meta":[],"categories":[3],"tags":[],"_links":{"self":[{"href":"https:\/\/justicapotiguar.com.br\/index.php\/wp-json\/wp\/v2\/posts\/53690"}],"collection":[{"href":"https:\/\/justicapotiguar.com.br\/index.php\/wp-json\/wp\/v2\/posts"}],"about":[{"href":"https:\/\/justicapotiguar.com.br\/index.php\/wp-json\/wp\/v2\/types\/post"}],"author":[{"embeddable":true,"href":"https:\/\/justicapotiguar.com.br\/index.php\/wp-json\/wp\/v2\/users\/8"}],"replies":[{"embeddable":true,"href":"https:\/\/justicapotiguar.com.br\/index.php\/wp-json\/wp\/v2\/comments?post=53690"}],"version-history":[{"count":3,"href":"https:\/\/justicapotiguar.com.br\/index.php\/wp-json\/wp\/v2\/posts\/53690\/revisions"}],"predecessor-version":[{"id":53695,"href":"https:\/\/justicapotiguar.com.br\/index.php\/wp-json\/wp\/v2\/posts\/53690\/revisions\/53695"}],"wp:attachment":[{"href":"https:\/\/justicapotiguar.com.br\/index.php\/wp-json\/wp\/v2\/media?parent=53690"}],"wp:term":[{"taxonomy":"category","embeddable":true,"href":"https:\/\/justicapotiguar.com.br\/index.php\/wp-json\/wp\/v2\/categories?post=53690"},{"taxonomy":"post_tag","embeddable":true,"href":"https:\/\/justicapotiguar.com.br\/index.php\/wp-json\/wp\/v2\/tags?post=53690"}],"curies":[{"name":"wp","href":"https:\/\/api.w.org\/{rel}","templated":true}]}}