{"id":53685,"date":"2026-04-27T14:20:16","date_gmt":"2026-04-27T17:20:16","guid":{"rendered":"https:\/\/justicapotiguar.com.br\/?p=53685"},"modified":"2026-04-27T14:24:42","modified_gmt":"2026-04-27T17:24:42","slug":"plano-de-saude-deve-cobrir-procedimentos-reparadores-apos-cirurgia-bariatrica","status":"publish","type":"post","link":"https:\/\/justicapotiguar.com.br\/index.php\/2026\/04\/27\/plano-de-saude-deve-cobrir-procedimentos-reparadores-apos-cirurgia-bariatrica\/","title":{"rendered":"Plano de sa\u00fade deve cobrir procedimentos reparadores ap\u00f3s cirurgia bari\u00e1trica"},"content":{"rendered":"\n<figure class=\"wp-block-image size-large\"><img loading=\"lazy\" width=\"1024\" height=\"683\" src=\"https:\/\/justicapotiguar.com.br\/wp-content\/uploads\/2026\/04\/doctors-preparing-operation-1024x683.jpg\" alt=\"\" class=\"wp-image-53687\" srcset=\"https:\/\/justicapotiguar.com.br\/wp-content\/uploads\/2026\/04\/doctors-preparing-operation-1024x683.jpg 1024w, https:\/\/justicapotiguar.com.br\/wp-content\/uploads\/2026\/04\/doctors-preparing-operation-300x200.jpg 300w, https:\/\/justicapotiguar.com.br\/wp-content\/uploads\/2026\/04\/doctors-preparing-operation-768x513.jpg 768w, https:\/\/justicapotiguar.com.br\/wp-content\/uploads\/2026\/04\/doctors-preparing-operation-1536x1025.jpg 1536w, https:\/\/justicapotiguar.com.br\/wp-content\/uploads\/2026\/04\/doctors-preparing-operation-2048x1367.jpg 2048w\" sizes=\"(max-width: 1024px) 100vw, 1024px\" \/><figcaption>Foto: Freepik<\/figcaption><\/figure>\n\n\n\n<p>A 3\u00aa C\u00e2mara C\u00edvel do TJRN voltou a julgar mais uma demanda voltada a definir se os procedimentos cir\u00fargicos indicados, ap\u00f3s a realiza\u00e7\u00e3o de uma cirurgia bari\u00e1trica, possuem car\u00e1ter meramente est\u00e9tico ou funcional\/reparador, que justifica a cobertura obrigat\u00f3ria pelo plano de sa\u00fade. <br><br>O destaque se deu no julgamento de um recurso, movido por uma operadora de sa\u00fade, que pretendia a reforma de uma senten\u00e7a inicial, que determinou a cobertura de cirurgias pl\u00e1sticas reparadoras (mamoplastia com pr\u00f3tese, lipoaspira\u00e7\u00e3o de coxas e abdominoplastia), para uma paciente. A operadora alegou que os procedimentos seriam est\u00e9ticos e exclu\u00eddos da cobertura.<\/p>\n\n\n\n<p>Conforme a relatora do recurso, a ju\u00edza convocada \u00c9rika de Paiva, ao negar o procedimento necess\u00e1rio para o tratamento da enfermidade, a operadora de sa\u00fade est\u00e1, na verdade, frustrando a expectativa leg\u00edtima da presta\u00e7\u00e3o dos servi\u00e7os almejados, em desobedi\u00eancia \u00e0 prescri\u00e7\u00e3o do profissional de sa\u00fade, a amea\u00e7ar o pr\u00f3prio objeto contratual, que \u00e9 o fornecimento do servi\u00e7o de sa\u00fade.<\/p>\n\n\n\n<p>De acordo com o julgamento, a per\u00edcia concluiu que os procedimentos possuem car\u00e1ter reparador, compat\u00edvel com os efeitos da perda de peso acentuada ap\u00f3s a cirurgia bari\u00e1trica, afastando qualquer d\u00favida razo\u00e1vel quanto \u00e0 sua natureza funcional.<\/p>\n\n\n\n<p>\u201cNessas condi\u00e7\u00f5es, n\u00e3o subsiste argumento que exclua a cobertura dos procedimentos autorizados em senten\u00e7a, pois est\u00e3o diretamente vinculados ao restabelecimento da sa\u00fade f\u00edsica e ps\u00edquica da paciente\u201d, pontua a relatora, ao citar a jurisprud\u00eancia do STJ (Tema 1.069), que reconhece a obrigatoriedade da cobertura de cirurgias pl\u00e1sticas reparadoras p\u00f3s-bari\u00e1tricas, quando indicadas com finalidade funcional ou reparadora.<\/p><div class=\"vpwee69f0a1f4d5a58\" ><!--<a href=\"https:\/\/bit.ly\/3QdrqTZ\" target=\"_blank\">\n<img src=\"https:\/\/justicapotiguar.com.br\/wp-content\/uploads\/2023\/09\/mobile-geral.gif\"\/><a\/>--><\/div><style type=\"text\/css\">\r\n.vpwee69f0a1f4d5a58 {\r\ntext-align: center;\r\n}\r\n@media screen and (min-width: 1201px) {\r\n.vpwee69f0a1f4d5a58 {\r\ndisplay: none;\r\n}\r\n}\r\n@media screen and (min-width: 993px) and (max-width: 1200px) {\r\n.vpwee69f0a1f4d5a58 {\r\ndisplay: none;\r\n}\r\n}\r\n@media screen and (min-width: 769px) and (max-width: 992px) {\r\n.vpwee69f0a1f4d5a58 {\r\ndisplay: none;\r\n}\r\n}\r\n@media screen and (min-width: 768px) and (max-width: 768px) {\r\n.vpwee69f0a1f4d5a58 {\r\ndisplay: block;\r\n}\r\n}\r\n@media screen and (max-width: 767px) {\r\n.vpwee69f0a1f4d5a58 {\r\ndisplay: block;\r\n}\r\n}\r\n<\/style>\r\n<div class=\"dgbxf69f0a1f4d5a3c\" ><!--<a href=\"https:\/\/bit.ly\/3QdrqTZ\" target=\"_blank\">\n<img src=\"https:\/\/justicapotiguar.com.br\/wp-content\/uploads\/2023\/09\/desktop-geral.gif\"\/><a\/>--><\/div><style type=\"text\/css\">\r\n.dgbxf69f0a1f4d5a3c {\r\ntext-align: center;\nmargin-bottom: 1em;\r\n}\r\n@media screen and (min-width: 1201px) {\r\n.dgbxf69f0a1f4d5a3c {\r\ndisplay: block;\r\n}\r\n}\r\n@media screen and (min-width: 993px) and (max-width: 1200px) {\r\n.dgbxf69f0a1f4d5a3c {\r\ndisplay: block;\r\n}\r\n}\r\n@media screen and (min-width: 769px) and (max-width: 992px) {\r\n.dgbxf69f0a1f4d5a3c {\r\ndisplay: block;\r\n}\r\n}\r\n@media screen and (min-width: 768px) and (max-width: 768px) {\r\n.dgbxf69f0a1f4d5a3c {\r\ndisplay: none;\r\n}\r\n}\r\n@media screen and (max-width: 767px) {\r\n.dgbxf69f0a1f4d5a3c {\r\ndisplay: none;\r\n}\r\n}\r\n<\/style>\r\n\n\n\n\n<p>\u201cO Laudo pericial judicial concluiu pela natureza funcional dos procedimentos, confirmando que s\u00e3o parte do tratamento da obesidade m\u00f3rbida, o que afasta a alega\u00e7\u00e3o de car\u00e1ter meramente est\u00e9tico\u201d, completa a ju\u00edza convocada.<br><br><em>Fonte: TJRN<\/em><\/p>\n\n\n\n<p> <\/p>\n\n\n\n<p> <\/p>\n\n\n\n<p> <\/p>\n","protected":false},"excerpt":{"rendered":"<p>De acordo com o julgamento, a per\u00edcia concluiu que os procedimentos possuem car\u00e1ter reparador, compat\u00edvel com os efeitos da perda de peso acentuada ap\u00f3s a cirurgia bari\u00e1trica.<br \/><a class=\"more-link\" href=\"https:\/\/justicapotiguar.com.br\/index.php\/2026\/04\/27\/plano-de-saude-deve-cobrir-procedimentos-reparadores-apos-cirurgia-bariatrica\/\">Mais&#8230;<\/a><\/p>\n","protected":false},"author":8,"featured_media":0,"comment_status":"open","ping_status":"open","sticky":false,"template":"","format":"standard","meta":[],"categories":[3],"tags":[],"_links":{"self":[{"href":"https:\/\/justicapotiguar.com.br\/index.php\/wp-json\/wp\/v2\/posts\/53685"}],"collection":[{"href":"https:\/\/justicapotiguar.com.br\/index.php\/wp-json\/wp\/v2\/posts"}],"about":[{"href":"https:\/\/justicapotiguar.com.br\/index.php\/wp-json\/wp\/v2\/types\/post"}],"author":[{"embeddable":true,"href":"https:\/\/justicapotiguar.com.br\/index.php\/wp-json\/wp\/v2\/users\/8"}],"replies":[{"embeddable":true,"href":"https:\/\/justicapotiguar.com.br\/index.php\/wp-json\/wp\/v2\/comments?post=53685"}],"version-history":[{"count":3,"href":"https:\/\/justicapotiguar.com.br\/index.php\/wp-json\/wp\/v2\/posts\/53685\/revisions"}],"predecessor-version":[{"id":53689,"href":"https:\/\/justicapotiguar.com.br\/index.php\/wp-json\/wp\/v2\/posts\/53685\/revisions\/53689"}],"wp:attachment":[{"href":"https:\/\/justicapotiguar.com.br\/index.php\/wp-json\/wp\/v2\/media?parent=53685"}],"wp:term":[{"taxonomy":"category","embeddable":true,"href":"https:\/\/justicapotiguar.com.br\/index.php\/wp-json\/wp\/v2\/categories?post=53685"},{"taxonomy":"post_tag","embeddable":true,"href":"https:\/\/justicapotiguar.com.br\/index.php\/wp-json\/wp\/v2\/tags?post=53685"}],"curies":[{"name":"wp","href":"https:\/\/api.w.org\/{rel}","templated":true}]}}