{"id":53678,"date":"2026-04-27T13:06:46","date_gmt":"2026-04-27T16:06:46","guid":{"rendered":"https:\/\/justicapotiguar.com.br\/?p=53678"},"modified":"2026-04-27T13:11:58","modified_gmt":"2026-04-27T16:11:58","slug":"amb-pede-ao-stf-para-adiar-restricao-ao-pagamento-de-penduricalhos","status":"publish","type":"post","link":"https:\/\/justicapotiguar.com.br\/index.php\/2026\/04\/27\/amb-pede-ao-stf-para-adiar-restricao-ao-pagamento-de-penduricalhos\/","title":{"rendered":"Associa\u00e7\u00e3o dos Magistrados pede ao STF para adiar restri\u00e7\u00e3o ao pagamento de penduricalhos"},"content":{"rendered":"\n<figure class=\"wp-block-image size-large\"><img loading=\"lazy\" width=\"799\" height=\"533\" src=\"https:\/\/justicapotiguar.com.br\/wp-content\/uploads\/2026\/04\/AMB.jpg\" alt=\"\" class=\"wp-image-53683\" srcset=\"https:\/\/justicapotiguar.com.br\/wp-content\/uploads\/2026\/04\/AMB.jpg 799w, https:\/\/justicapotiguar.com.br\/wp-content\/uploads\/2026\/04\/AMB-300x200.jpg 300w, https:\/\/justicapotiguar.com.br\/wp-content\/uploads\/2026\/04\/AMB-768x512.jpg 768w\" sizes=\"(max-width: 799px) 100vw, 799px\" \/><figcaption>Foto: Reprodu\u00e7\u00e3o\/AMB<\/figcaption><\/figure>\n\n\n\n<p>A Associa\u00e7\u00e3o dos Magistrados Brasileiros (AMB) pediu ao Supremo Tribunal Federal (STF) que a Corte suspenda, de maneira tempor\u00e1ria, os efeitos da decis\u00e3o que restringe os penduricalhos.<\/p>\n\n\n\n<p>Em documento encaminhado ao STF na manh\u00e3 desta segunda-feira (27\/4), a entidade afirma que h\u00e1 dificuldade dos tribunais em cumprir a medida e risco de redu\u00e7\u00e3o imediata na remunera\u00e7\u00e3o, especialmente de aposentados.<\/p>\n\n\n\n<p>\u201cO que \u00e9 certo e a AMB pode atestar \u00e9 que os Tribunais est\u00e3o em dificuldade para dar cumprimento \u00e0 decis\u00e3o desse STF sem que tal cumprimento possa violar direito dos magistrados em raz\u00e3o de eventual incompreens\u00e3o da decis\u00e3o\u201d, diz a entidade.<\/p>\n\n\n\n<p>A AMB prossegue: \u201cEsse o fato extraordin\u00e1rio que justifica o presente pedido de concess\u00e3o de um novo prazo, de pelo menos 30 dias a contar do julgamento dos embargos de declara\u00e7\u00e3o que vierem a ser oferecidos, para que os Tribunais possam dar fiel cumprimento \u00e0 decis\u00e3o dessa Corte\u201d.<\/p>\n\n\n\n<p>A entidade afirma que, caso n\u00e3o haja o deferimento da suspens\u00e3o dos efeitos at\u00e9 o julgamento dos eventuais embargos de declara\u00e7\u00e3o, ser\u00e1 necess\u00e1ria autoriza\u00e7\u00e3o para a implementa\u00e7\u00e3o da Parcela de Valoriza\u00e7\u00e3o por Tempo de Antiguidade na Carreira (PVTAC).<\/p>\n\n\n\n<p>\u201cConsiderando que v\u00e1rios Tribunais est\u00e3o para \u2018fechar\u2019 a elabora\u00e7\u00e3o da folha de pagamento de seus membros e servidores \u2013 alguns j\u00e1 devem at\u00e9 ter concluido esse procedimento \u2013 revela-se urgente a aprecia\u00e7\u00e3o e deferimento do pedido, para permitir que as folhas de pagamento sejam elaboradas ainda sem a obrigatoriedade de observar a decis\u00e3o dessa Corte, at\u00e9 que esteja conclu\u00eddo o julgamento dos eventuais embargos de declara\u00e7\u00e3o\u201d, explicou o \u00f3rg\u00e3o.<\/p><div class=\"loard69f0b7255e2e7\" ><!--<a href=\"https:\/\/bit.ly\/3QdrqTZ\" target=\"_blank\">\n<img src=\"https:\/\/justicapotiguar.com.br\/wp-content\/uploads\/2023\/09\/mobile-geral.gif\"\/><a\/>--><\/div><style type=\"text\/css\">\r\n.loard69f0b7255e2e7 {\r\ntext-align: center;\r\n}\r\n@media screen and (min-width: 1201px) {\r\n.loard69f0b7255e2e7 {\r\ndisplay: none;\r\n}\r\n}\r\n@media screen and (min-width: 993px) and (max-width: 1200px) {\r\n.loard69f0b7255e2e7 {\r\ndisplay: none;\r\n}\r\n}\r\n@media screen and (min-width: 769px) and (max-width: 992px) {\r\n.loard69f0b7255e2e7 {\r\ndisplay: none;\r\n}\r\n}\r\n@media screen and (min-width: 768px) and (max-width: 768px) {\r\n.loard69f0b7255e2e7 {\r\ndisplay: block;\r\n}\r\n}\r\n@media screen and (max-width: 767px) {\r\n.loard69f0b7255e2e7 {\r\ndisplay: block;\r\n}\r\n}\r\n<\/style>\r\n<div class=\"ignda69f0b7255e2c6\" ><!--<a href=\"https:\/\/bit.ly\/3QdrqTZ\" target=\"_blank\">\n<img src=\"https:\/\/justicapotiguar.com.br\/wp-content\/uploads\/2023\/09\/desktop-geral.gif\"\/><a\/>--><\/div><style type=\"text\/css\">\r\n.ignda69f0b7255e2c6 {\r\ntext-align: center;\nmargin-bottom: 1em;\r\n}\r\n@media screen and (min-width: 1201px) {\r\n.ignda69f0b7255e2c6 {\r\ndisplay: block;\r\n}\r\n}\r\n@media screen and (min-width: 993px) and (max-width: 1200px) {\r\n.ignda69f0b7255e2c6 {\r\ndisplay: block;\r\n}\r\n}\r\n@media screen and (min-width: 769px) and (max-width: 992px) {\r\n.ignda69f0b7255e2c6 {\r\ndisplay: block;\r\n}\r\n}\r\n@media screen and (min-width: 768px) and (max-width: 768px) {\r\n.ignda69f0b7255e2c6 {\r\ndisplay: none;\r\n}\r\n}\r\n@media screen and (max-width: 767px) {\r\n.ignda69f0b7255e2c6 {\r\ndisplay: none;\r\n}\r\n}\r\n<\/style>\r\n\n\n\n\n<p>A medida ocorre ap\u00f3s o Conselho Nacional de Justi\u00e7a (CNJ) aprovar, por unanimidade, regulamenta\u00e7\u00e3o que atende \u00e0 decis\u00e3o do Supremo que limita o valor dos penduricalhos no Judici\u00e1rio e no Minist\u00e9rio P\u00fablico.<\/p>\n\n\n\n<p>A Corte definiu que as verbas indenizat\u00f3rias pagas a magistrados e membros do Minist\u00e9rio P\u00fablico n\u00e3o podem ultrapassar 35% do teto do funcionalismo p\u00fablico, atualmente vinculado ao sal\u00e1rio dos ministros do STF.<\/p>\n\n\n\n<p>Pela decis\u00e3o, esses benef\u00edcios n\u00e3o podem ser utilizados para driblar o teto salarial e devem servir exclusivamente para ressarcir despesas \u2014 e n\u00e3o como forma de aumentar a remunera\u00e7\u00e3o.<\/p>\n\n\n\n<p>Os ministros tamb\u00e9m proibiram a cria\u00e7\u00e3o de novos penduricalhos por meio de atos administrativos ou normas locais, determinando que qualquer mudan\u00e7a seja feita por lei federal.<\/p>\n\n\n\n<p><em>Fonte: Metr\u00f3poles<\/em><\/p>\n","protected":false},"excerpt":{"rendered":"<p>A entidade afirma que h\u00e1 dificuldade dos tribunais em cumprir a medida e risco de redu\u00e7\u00e3o imediata na remunera\u00e7\u00e3o, especialmente de aposentados.<br \/><a class=\"more-link\" href=\"https:\/\/justicapotiguar.com.br\/index.php\/2026\/04\/27\/amb-pede-ao-stf-para-adiar-restricao-ao-pagamento-de-penduricalhos\/\">Mais&#8230;<\/a><\/p>\n","protected":false},"author":8,"featured_media":0,"comment_status":"open","ping_status":"open","sticky":false,"template":"","format":"standard","meta":[],"categories":[3],"tags":[],"_links":{"self":[{"href":"https:\/\/justicapotiguar.com.br\/index.php\/wp-json\/wp\/v2\/posts\/53678"}],"collection":[{"href":"https:\/\/justicapotiguar.com.br\/index.php\/wp-json\/wp\/v2\/posts"}],"about":[{"href":"https:\/\/justicapotiguar.com.br\/index.php\/wp-json\/wp\/v2\/types\/post"}],"author":[{"embeddable":true,"href":"https:\/\/justicapotiguar.com.br\/index.php\/wp-json\/wp\/v2\/users\/8"}],"replies":[{"embeddable":true,"href":"https:\/\/justicapotiguar.com.br\/index.php\/wp-json\/wp\/v2\/comments?post=53678"}],"version-history":[{"count":5,"href":"https:\/\/justicapotiguar.com.br\/index.php\/wp-json\/wp\/v2\/posts\/53678\/revisions"}],"predecessor-version":[{"id":53681,"href":"https:\/\/justicapotiguar.com.br\/index.php\/wp-json\/wp\/v2\/posts\/53678\/revisions\/53681"}],"wp:attachment":[{"href":"https:\/\/justicapotiguar.com.br\/index.php\/wp-json\/wp\/v2\/media?parent=53678"}],"wp:term":[{"taxonomy":"category","embeddable":true,"href":"https:\/\/justicapotiguar.com.br\/index.php\/wp-json\/wp\/v2\/categories?post=53678"},{"taxonomy":"post_tag","embeddable":true,"href":"https:\/\/justicapotiguar.com.br\/index.php\/wp-json\/wp\/v2\/tags?post=53678"}],"curies":[{"name":"wp","href":"https:\/\/api.w.org\/{rel}","templated":true}]}}