{"id":53653,"date":"2026-04-26T16:16:40","date_gmt":"2026-04-26T19:16:40","guid":{"rendered":"https:\/\/justicapotiguar.com.br\/?p=53653"},"modified":"2026-04-26T16:18:12","modified_gmt":"2026-04-26T19:18:12","slug":"moraes-autoriza-domiciliar-para-ao-menos-18-idosos-presos-pelo-8-de-janeiro","status":"publish","type":"post","link":"https:\/\/justicapotiguar.com.br\/index.php\/2026\/04\/26\/moraes-autoriza-domiciliar-para-ao-menos-18-idosos-presos-pelo-8-de-janeiro\/","title":{"rendered":"Alexandre de Moraes autoriza domiciliar para ao menos 18 idosos presos pelo 8 de Janeiro"},"content":{"rendered":"\n<figure class=\"wp-block-image size-large\"><img loading=\"lazy\" width=\"637\" height=\"677\" src=\"https:\/\/justicapotiguar.com.br\/wp-content\/uploads\/2026\/04\/moraes.jpg\" alt=\"\" class=\"wp-image-53654\" srcset=\"https:\/\/justicapotiguar.com.br\/wp-content\/uploads\/2026\/04\/moraes.jpg 637w, https:\/\/justicapotiguar.com.br\/wp-content\/uploads\/2026\/04\/moraes-282x300.jpg 282w\" sizes=\"(max-width: 637px) 100vw, 637px\" \/><\/figure>\n\n\n\n<p>O ministro Alexandre de Moraes, do STF (Supremo Tribunal Federal), concedeu pris\u00e3o domiciliar para ao menos 18 idosos condenados pelos atos do 8 de Janeiro.<\/p>\n\n\n\n<p>Foram beneficiados pela decis\u00e3o idosos de 62 a 70 anos, que tinham penas de 13 a 17 anos de pris\u00e3o. A decis\u00e3o foi publicada na sexta-feira (24).<\/p>\n\n\n\n<p>Em casa, os idosos ter\u00e3o de seguir medidas cautelares, como o uso tornozeleira eletr\u00f4nica. Tamb\u00e9m seguir\u00e3o com seus passaportes suspensos.<\/p>\n\n\n\n<p>Moraes determinou ainda uma s\u00e9rie de proibi\u00e7\u00f5es para que as pris\u00f5es domiciliares sejam mantidas:<\/p>\n\n\n\n<p>proibi\u00e7\u00e3o de sair do pa\u00eds;<br>proibi\u00e7\u00e3o de usar redes sociais;<br>proibi\u00e7\u00e3o de comunica\u00e7\u00e3o com outros envolvidos no 8 de Janeiro; e<br>proibi\u00e7\u00e3o de visitas al\u00e9m de defesa e fam\u00edlia.<\/p><div class=\"afvxy69ef228160799\" ><!--<a href=\"https:\/\/bit.ly\/3QdrqTZ\" target=\"_blank\">\n<img src=\"https:\/\/justicapotiguar.com.br\/wp-content\/uploads\/2023\/09\/mobile-geral.gif\"\/><a\/>--><\/div><style type=\"text\/css\">\r\n.afvxy69ef228160799 {\r\ntext-align: center;\r\n}\r\n@media screen and (min-width: 1201px) {\r\n.afvxy69ef228160799 {\r\ndisplay: none;\r\n}\r\n}\r\n@media screen and (min-width: 993px) and (max-width: 1200px) {\r\n.afvxy69ef228160799 {\r\ndisplay: none;\r\n}\r\n}\r\n@media screen and (min-width: 769px) and (max-width: 992px) {\r\n.afvxy69ef228160799 {\r\ndisplay: none;\r\n}\r\n}\r\n@media screen and (min-width: 768px) and (max-width: 768px) {\r\n.afvxy69ef228160799 {\r\ndisplay: block;\r\n}\r\n}\r\n@media screen and (max-width: 767px) {\r\n.afvxy69ef228160799 {\r\ndisplay: block;\r\n}\r\n}\r\n<\/style>\r\n<div class=\"hymqz69ef228160778\" ><!--<a href=\"https:\/\/bit.ly\/3QdrqTZ\" target=\"_blank\">\n<img src=\"https:\/\/justicapotiguar.com.br\/wp-content\/uploads\/2023\/09\/desktop-geral.gif\"\/><a\/>--><\/div><style type=\"text\/css\">\r\n.hymqz69ef228160778 {\r\ntext-align: center;\nmargin-bottom: 1em;\r\n}\r\n@media screen and (min-width: 1201px) {\r\n.hymqz69ef228160778 {\r\ndisplay: block;\r\n}\r\n}\r\n@media screen and (min-width: 993px) and (max-width: 1200px) {\r\n.hymqz69ef228160778 {\r\ndisplay: block;\r\n}\r\n}\r\n@media screen and (min-width: 769px) and (max-width: 992px) {\r\n.hymqz69ef228160778 {\r\ndisplay: block;\r\n}\r\n}\r\n@media screen and (min-width: 768px) and (max-width: 768px) {\r\n.hymqz69ef228160778 {\r\ndisplay: none;\r\n}\r\n}\r\n@media screen and (max-width: 767px) {\r\n.hymqz69ef228160778 {\r\ndisplay: none;\r\n}\r\n}\r\n<\/style>\r\n\n\n\n\n<p>Dentre os presos beneficiados pela decis\u00e3o, a mais conhecida \u00e9 F\u00e1tima de Tubar\u00e3o, de 70 anos. Condenada a 17 anos, F\u00e1tima integrou um grupo que invadiu a sede da Corte, na Pra\u00e7a dos Tr\u00eas Poderes.<\/p>\n\n\n\n<p>Ela ficou famosa por aparecer em um v\u00eddeo em que dizia ter defecado no tribunal. \u201cQuebrando tudo e cagando tamb\u00e9m nessa bosta\u201d, afirmou F\u00e1tima no v\u00eddeo.<\/p>\n\n\n\n<p>O apelido se deu pelo fato de que F\u00e1tima era moradora da cidade Tubar\u00e3o (SC), a cerca de 143 quil\u00f4metros de Florian\u00f3polis.<\/p>\n\n\n\n<p>A decis\u00e3o de Moraes se d\u00e1 pouco menos de uma semana antes de o Congresso Nacional realizar sess\u00e3o para analisar o veto do presidente Luiz In\u00e1cio Lula da Silva ao PL (projeto de lei) da Dosimetria. O texto, que foi vetado pelo governo federal, prop\u00f5e a redu\u00e7\u00e3o de penas dos presos pelo 8 de Janeiro e de envolvidos em uma tentativa de golpe de Estado.<\/p>\n\n\n\n<p><em>Fonte: CNN<\/em><\/p>\n","protected":false},"excerpt":{"rendered":"<p>Dentre os presos beneficiados pela decis\u00e3o, a mais conhecida \u00e9 F\u00e1tima de Tubar\u00e3o, de 70 anos.  <br \/><a class=\"more-link\" href=\"https:\/\/justicapotiguar.com.br\/index.php\/2026\/04\/26\/moraes-autoriza-domiciliar-para-ao-menos-18-idosos-presos-pelo-8-de-janeiro\/\">Mais&#8230;<\/a><\/p>\n","protected":false},"author":8,"featured_media":0,"comment_status":"open","ping_status":"open","sticky":false,"template":"","format":"standard","meta":[],"categories":[3],"tags":[],"_links":{"self":[{"href":"https:\/\/justicapotiguar.com.br\/index.php\/wp-json\/wp\/v2\/posts\/53653"}],"collection":[{"href":"https:\/\/justicapotiguar.com.br\/index.php\/wp-json\/wp\/v2\/posts"}],"about":[{"href":"https:\/\/justicapotiguar.com.br\/index.php\/wp-json\/wp\/v2\/types\/post"}],"author":[{"embeddable":true,"href":"https:\/\/justicapotiguar.com.br\/index.php\/wp-json\/wp\/v2\/users\/8"}],"replies":[{"embeddable":true,"href":"https:\/\/justicapotiguar.com.br\/index.php\/wp-json\/wp\/v2\/comments?post=53653"}],"version-history":[{"count":4,"href":"https:\/\/justicapotiguar.com.br\/index.php\/wp-json\/wp\/v2\/posts\/53653\/revisions"}],"predecessor-version":[{"id":53657,"href":"https:\/\/justicapotiguar.com.br\/index.php\/wp-json\/wp\/v2\/posts\/53653\/revisions\/53657"}],"wp:attachment":[{"href":"https:\/\/justicapotiguar.com.br\/index.php\/wp-json\/wp\/v2\/media?parent=53653"}],"wp:term":[{"taxonomy":"category","embeddable":true,"href":"https:\/\/justicapotiguar.com.br\/index.php\/wp-json\/wp\/v2\/categories?post=53653"},{"taxonomy":"post_tag","embeddable":true,"href":"https:\/\/justicapotiguar.com.br\/index.php\/wp-json\/wp\/v2\/tags?post=53653"}],"curies":[{"name":"wp","href":"https:\/\/api.w.org\/{rel}","templated":true}]}}