{"id":53640,"date":"2026-04-26T12:43:03","date_gmt":"2026-04-26T15:43:03","guid":{"rendered":"https:\/\/justicapotiguar.com.br\/?p=53640"},"modified":"2026-04-26T12:49:13","modified_gmt":"2026-04-26T15:49:13","slug":"partidos-acionam-tse-contra-perfis-de-personagem-criada-por-inteligencia-artificial","status":"publish","type":"post","link":"https:\/\/justicapotiguar.com.br\/index.php\/2026\/04\/26\/partidos-acionam-tse-contra-perfis-de-personagem-criada-por-inteligencia-artificial\/","title":{"rendered":"Partidos acionam TSE contra perfis de personagem criada por intelig\u00eancia artificial"},"content":{"rendered":"\n<figure class=\"wp-block-image size-large\"><img loading=\"lazy\" width=\"607\" height=\"493\" src=\"https:\/\/justicapotiguar.com.br\/wp-content\/uploads\/2026\/04\/Dona_Maria.jpg\" alt=\"\" class=\"wp-image-53643\" srcset=\"https:\/\/justicapotiguar.com.br\/wp-content\/uploads\/2026\/04\/Dona_Maria.jpg 607w, https:\/\/justicapotiguar.com.br\/wp-content\/uploads\/2026\/04\/Dona_Maria-300x244.jpg 300w\" sizes=\"(max-width: 607px) 100vw, 607px\" \/><figcaption>Imagem: Reprodu\u00e7\u00e3o\/Instagram<\/figcaption><\/figure>\n\n\n\n<p>Os partidos PT, PV e PCdoB protocolaram no TSE uma representa\u00e7\u00e3o pedindo a suspens\u00e3o e indisponibiliza\u00e7\u00e3o de perfis nas redes sociais associados \u00e0 personagem \u201cDona Maria\u201d, criada por intelig\u00eancia artificial. Os perfis acumulam milh\u00f5es de visualiza\u00e7\u00f5es.<\/p>\n\n\n\n<p>Segundo a Federa\u00e7\u00e3o Brasil da Esperan\u00e7a \u2013 F\u00e9 Brasil, respons\u00e1vel pela a\u00e7\u00e3o, os perfis, presentes em plataformas como Instagram, TikTok e X, utilizam a imagem realista de uma mulher idosa e negra, o que, de acordo com os partidos, pode levar o p\u00fablico a acreditar que se trata de uma pessoa real.<\/p>\n\n\n\n<p>Na pe\u00e7a apresentada \u00e0 Justi\u00e7a Eleitoral, os partidos afirmam que o perfil tem vi\u00e9s pol\u00edtico e \u00e9 utilizado para atacar o presidente Lula, o PT e figuras da esquerda, al\u00e9m de fazer cr\u00edticas ao STF e elogios a advers\u00e1rios pol\u00edticos.<\/p>\n\n\n\n<p>Para a federa\u00e7\u00e3o, trata-se de \u201cclara ferramenta de propaganda pol\u00edtica\u201d, utilizada de forma an\u00f4nima para divulgar conte\u00fados que classificam como inver\u00eddicos, descontextualizados e potencialmente ofensivos \u00e0 honra de agentes p\u00fablicos.<\/p>\n\n\n\n<p>Os partidos tamb\u00e9m sustentam que h\u00e1 irregularidades no uso de intelig\u00eancia artificial, uma vez que, embora o primeiro v\u00eddeo mencione que a personagem n\u00e3o \u00e9 real, essa informa\u00e7\u00e3o n\u00e3o estaria clara nas publica\u00e7\u00f5es seguintes. Assim, argumentam que o conte\u00fado pode ser facilmente confundido com manifesta\u00e7\u00f5es de uma pessoa real.<\/p>\n\n\n\n<p>Outro ponto destacado na representa\u00e7\u00e3o diz respeito a poss\u00edveis aspectos econ\u00f4micos. De acordo com a federa\u00e7\u00e3o, o perfil indicaria interesse em monetiza\u00e7\u00e3o por meio de parcerias comerciais e divulga\u00e7\u00e3o de produtos e servi\u00e7os, o que, na avalia\u00e7\u00e3o dos partidos, refor\u00e7aria o car\u00e1ter pol\u00edtico e comercial da iniciativa.<\/p><div class=\"grpxc69ef4ddb61266\" ><!--<a href=\"https:\/\/bit.ly\/3QdrqTZ\" target=\"_blank\">\n<img src=\"https:\/\/justicapotiguar.com.br\/wp-content\/uploads\/2023\/09\/mobile-geral.gif\"\/><a\/>--><\/div><style type=\"text\/css\">\r\n.grpxc69ef4ddb61266 {\r\ntext-align: center;\r\n}\r\n@media screen and (min-width: 1201px) {\r\n.grpxc69ef4ddb61266 {\r\ndisplay: none;\r\n}\r\n}\r\n@media screen and (min-width: 993px) and (max-width: 1200px) {\r\n.grpxc69ef4ddb61266 {\r\ndisplay: none;\r\n}\r\n}\r\n@media screen and (min-width: 769px) and (max-width: 992px) {\r\n.grpxc69ef4ddb61266 {\r\ndisplay: none;\r\n}\r\n}\r\n@media screen and (min-width: 768px) and (max-width: 768px) {\r\n.grpxc69ef4ddb61266 {\r\ndisplay: block;\r\n}\r\n}\r\n@media screen and (max-width: 767px) {\r\n.grpxc69ef4ddb61266 {\r\ndisplay: block;\r\n}\r\n}\r\n<\/style>\r\n<div class=\"jsfps69ef4ddb61250\" ><!--<a href=\"https:\/\/bit.ly\/3QdrqTZ\" target=\"_blank\">\n<img src=\"https:\/\/justicapotiguar.com.br\/wp-content\/uploads\/2023\/09\/desktop-geral.gif\"\/><a\/>--><\/div><style type=\"text\/css\">\r\n.jsfps69ef4ddb61250 {\r\ntext-align: center;\nmargin-bottom: 1em;\r\n}\r\n@media screen and (min-width: 1201px) {\r\n.jsfps69ef4ddb61250 {\r\ndisplay: block;\r\n}\r\n}\r\n@media screen and (min-width: 993px) and (max-width: 1200px) {\r\n.jsfps69ef4ddb61250 {\r\ndisplay: block;\r\n}\r\n}\r\n@media screen and (min-width: 769px) and (max-width: 992px) {\r\n.jsfps69ef4ddb61250 {\r\ndisplay: block;\r\n}\r\n}\r\n@media screen and (min-width: 768px) and (max-width: 768px) {\r\n.jsfps69ef4ddb61250 {\r\ndisplay: none;\r\n}\r\n}\r\n@media screen and (max-width: 767px) {\r\n.jsfps69ef4ddb61250 {\r\ndisplay: none;\r\n}\r\n}\r\n<\/style>\r\n\n\n\n\n<p>As siglas pedem ao TSE a suspens\u00e3o imediata dos perfis, a ado\u00e7\u00e3o de medidas para impedir a replica\u00e7\u00e3o dos conte\u00fados e a identifica\u00e7\u00e3o dos respons\u00e1veis pela cria\u00e7\u00e3o e monetiza\u00e7\u00e3o das p\u00e1ginas.<\/p>\n\n\n\n<p>Al\u00e9m disso, solicitam que os conte\u00fados sejam declarados il\u00edcitos, sob alega\u00e7\u00e3o de uso irregular de intelig\u00eancia artificial sem a devida identifica\u00e7\u00e3o, dissemina\u00e7\u00e3o de desinforma\u00e7\u00e3o, utiliza\u00e7\u00e3o de perfil an\u00f4nimo para propaganda pol\u00edtica e poss\u00edvel pr\u00e1tica de il\u00edcitos eleitorais e crimes contra a honra.<br><br>O dono do perfil foi identificado como Daniel Cristiano dos Santos, motorista de aplicativo. Ao jornal O Globo, ele disse que n\u00e3o se considera bolsonarista, mas que apoiou Bolsonaro em 2018, mas houve momentos em que n\u00e3o concordou com suas atitudes. Ele tamb\u00e9m teria dito \u00e0 BBC que faria propaganda pol\u00edtica para Fl\u00e1vio Bolsonaro de gra\u00e7a.<\/p>\n\n\n\n<p>Santos disse monetizar o perfil, mas frisa ganhar pouco dinheiro. Segundo ele, todos os valores somados chegam a uma m\u00e9dia de R$ 1.500 por m\u00eas. Um dos v\u00eddeos teve 22 milh\u00f5es de exibi\u00e7\u00f5es at\u00e9 ser derrubado do Instagram por excesso de palavr\u00f5es.<\/p>\n\n\n\n<p><strong>Processo: 0600707-02.2026.6.00.0000<\/strong><\/p>\n\n\n\n<p><em>Fonte: Migalhas<\/em><\/p>\n","protected":false},"excerpt":{"rendered":"<p>Na pe\u00e7a apresentada \u00e0 Justi\u00e7a Eleitoral, os partidos afirmam que o perfil tem vi\u00e9s pol\u00edtico e \u00e9 utilizado para atacar o presidente Lula, o PT e figuras da esquerda.<br \/><a class=\"more-link\" href=\"https:\/\/justicapotiguar.com.br\/index.php\/2026\/04\/26\/partidos-acionam-tse-contra-perfis-de-personagem-criada-por-inteligencia-artificial\/\">Mais&#8230;<\/a><\/p>\n","protected":false},"author":8,"featured_media":0,"comment_status":"open","ping_status":"open","sticky":false,"template":"","format":"standard","meta":[],"categories":[3],"tags":[],"_links":{"self":[{"href":"https:\/\/justicapotiguar.com.br\/index.php\/wp-json\/wp\/v2\/posts\/53640"}],"collection":[{"href":"https:\/\/justicapotiguar.com.br\/index.php\/wp-json\/wp\/v2\/posts"}],"about":[{"href":"https:\/\/justicapotiguar.com.br\/index.php\/wp-json\/wp\/v2\/types\/post"}],"author":[{"embeddable":true,"href":"https:\/\/justicapotiguar.com.br\/index.php\/wp-json\/wp\/v2\/users\/8"}],"replies":[{"embeddable":true,"href":"https:\/\/justicapotiguar.com.br\/index.php\/wp-json\/wp\/v2\/comments?post=53640"}],"version-history":[{"count":4,"href":"https:\/\/justicapotiguar.com.br\/index.php\/wp-json\/wp\/v2\/posts\/53640\/revisions"}],"predecessor-version":[{"id":53646,"href":"https:\/\/justicapotiguar.com.br\/index.php\/wp-json\/wp\/v2\/posts\/53640\/revisions\/53646"}],"wp:attachment":[{"href":"https:\/\/justicapotiguar.com.br\/index.php\/wp-json\/wp\/v2\/media?parent=53640"}],"wp:term":[{"taxonomy":"category","embeddable":true,"href":"https:\/\/justicapotiguar.com.br\/index.php\/wp-json\/wp\/v2\/categories?post=53640"},{"taxonomy":"post_tag","embeddable":true,"href":"https:\/\/justicapotiguar.com.br\/index.php\/wp-json\/wp\/v2\/tags?post=53640"}],"curies":[{"name":"wp","href":"https:\/\/api.w.org\/{rel}","templated":true}]}}