{"id":53637,"date":"2026-04-25T19:07:14","date_gmt":"2026-04-25T22:07:14","guid":{"rendered":"https:\/\/justicapotiguar.com.br\/?p=53637"},"modified":"2026-04-25T19:07:14","modified_gmt":"2026-04-25T22:07:14","slug":"seguradora-e-condenada-a-pagar-r-696-mil-por-falhas-estruturais-em-imovel","status":"publish","type":"post","link":"https:\/\/justicapotiguar.com.br\/index.php\/2026\/04\/25\/seguradora-e-condenada-a-pagar-r-696-mil-por-falhas-estruturais-em-imovel\/","title":{"rendered":"Seguradora \u00e9 condenada a pagar R$ 696 mil por falhas estruturais em im\u00f3vel"},"content":{"rendered":"\n<figure class=\"wp-block-image size-large\"><img loading=\"lazy\" width=\"1024\" height=\"640\" src=\"https:\/\/justicapotiguar.com.br\/wp-content\/uploads\/2026\/04\/546a546c-7ccf-44d5-a56c-8d1056a41ed9.jpg\" alt=\"\" class=\"wp-image-53638\" srcset=\"https:\/\/justicapotiguar.com.br\/wp-content\/uploads\/2026\/04\/546a546c-7ccf-44d5-a56c-8d1056a41ed9.jpg 1024w, https:\/\/justicapotiguar.com.br\/wp-content\/uploads\/2026\/04\/546a546c-7ccf-44d5-a56c-8d1056a41ed9-300x188.jpg 300w, https:\/\/justicapotiguar.com.br\/wp-content\/uploads\/2026\/04\/546a546c-7ccf-44d5-a56c-8d1056a41ed9-768x480.jpg 768w\" sizes=\"(max-width: 1024px) 100vw, 1024px\" \/><figcaption>Foto: Reprodu\u00e7\u00e3o<\/figcaption><\/figure>\n\n\n\n<p>A 1\u00aa C\u00e2mara de Direito Privado do Tribunal de Justi\u00e7a de S\u00e3o Paulo manteve, em parte, decis\u00e3o da 7\u00aa Vara C\u00edvel do Foro Regional de Santana que determinou que seguradora indenize propriet\u00e1rios de im\u00f3vel interditado pela Defesa Civil. O colegiado manteve o valor da repara\u00e7\u00e3o pelos danos materiais, fixado em R$ 696 mil, e redimensionou a indeniza\u00e7\u00e3o por dano moral para R$ 15 mil a cada autor.<\/p>\n\n\n\n<p>De acordo com o processo, o im\u00f3vel, que estava coberto por seguro habitacional, apresentou graves falhas estruturais, como fissuras e trincas, e foi interditado. A seguradora alegou que as falhas s\u00e3o de origem end\u00f3gena, ou seja, por v\u00edcios de projeto ou falta de manuten\u00e7\u00e3o, hip\u00f3tese n\u00e3o coberta pela ap\u00f3lice.<\/p><div class=\"ocwkn69edce6d63a22\" ><!--<a href=\"https:\/\/bit.ly\/3QdrqTZ\" target=\"_blank\">\n<img src=\"https:\/\/justicapotiguar.com.br\/wp-content\/uploads\/2023\/09\/mobile-geral.gif\"\/><a\/>--><\/div><style type=\"text\/css\">\r\n.ocwkn69edce6d63a22 {\r\ntext-align: center;\r\n}\r\n@media screen and (min-width: 1201px) {\r\n.ocwkn69edce6d63a22 {\r\ndisplay: none;\r\n}\r\n}\r\n@media screen and (min-width: 993px) and (max-width: 1200px) {\r\n.ocwkn69edce6d63a22 {\r\ndisplay: none;\r\n}\r\n}\r\n@media screen and (min-width: 769px) and (max-width: 992px) {\r\n.ocwkn69edce6d63a22 {\r\ndisplay: none;\r\n}\r\n}\r\n@media screen and (min-width: 768px) and (max-width: 768px) {\r\n.ocwkn69edce6d63a22 {\r\ndisplay: block;\r\n}\r\n}\r\n@media screen and (max-width: 767px) {\r\n.ocwkn69edce6d63a22 {\r\ndisplay: block;\r\n}\r\n}\r\n<\/style>\r\n<div class=\"ohxys69edce6d63a0e\" ><!--<a href=\"https:\/\/bit.ly\/3QdrqTZ\" target=\"_blank\">\n<img src=\"https:\/\/justicapotiguar.com.br\/wp-content\/uploads\/2023\/09\/desktop-geral.gif\"\/><a\/>--><\/div><style type=\"text\/css\">\r\n.ohxys69edce6d63a0e {\r\ntext-align: center;\nmargin-bottom: 1em;\r\n}\r\n@media screen and (min-width: 1201px) {\r\n.ohxys69edce6d63a0e {\r\ndisplay: block;\r\n}\r\n}\r\n@media screen and (min-width: 993px) and (max-width: 1200px) {\r\n.ohxys69edce6d63a0e {\r\ndisplay: block;\r\n}\r\n}\r\n@media screen and (min-width: 769px) and (max-width: 992px) {\r\n.ohxys69edce6d63a0e {\r\ndisplay: block;\r\n}\r\n}\r\n@media screen and (min-width: 768px) and (max-width: 768px) {\r\n.ohxys69edce6d63a0e {\r\ndisplay: none;\r\n}\r\n}\r\n@media screen and (max-width: 767px) {\r\n.ohxys69edce6d63a0e {\r\ndisplay: none;\r\n}\r\n}\r\n<\/style>\r\n\n\n\n\n<p>Por\u00e9m, para o relator do recurso, desembargador En\u00e9as Costa Garcia, o laudo pericial apontou que a situa\u00e7\u00e3o verificada caracteriza hip\u00f3tese de amea\u00e7a de desmoronamento associada \u00e0 ocorr\u00eancia de fatores externos, situa\u00e7\u00e3o coberta pelo contrato.<br><br>\u201cCorreta a senten\u00e7a ao reconhecer o dever de indenizar, em conson\u00e2ncia com a orienta\u00e7\u00e3o do Superior Tribunal de Justi\u00e7a no sentido de que, no \u00e2mbito do seguro habitacional, as cl\u00e1usulas restritivas devem ser interpretadas restritivamente e em conformidade com a boa-f\u00e9 objetiva e a fun\u00e7\u00e3o social do contrato, sendo abusiva a exclus\u00e3o de cobertura para v\u00edcios estruturais que comprometam a habitabilidade do im\u00f3vel financiado\u201d, escreveu, acrescentando que valor da repara\u00e7\u00e3o por dano material corresponde ao custo necess\u00e1rio \u00e0 recomposi\u00e7\u00e3o das condi\u00e7\u00f5es de seguran\u00e7a e habitabilidade do im\u00f3vel, conforme apurado na per\u00edcia, n\u00e3o havendo impugna\u00e7\u00e3o t\u00e9cnica espec\u00edfica apta a alterar o montante.<\/p>\n\n\n\n<p><strong>Apela\u00e7\u00e3o n\u00ba 1031263-64.2022.8.26.0001<\/strong><br><br><em>Fonte: TJSP<\/em><\/p>\n","protected":false},"excerpt":{"rendered":"<p>De acordo com o processo, o im\u00f3vel, que estava coberto por seguro habitacional, apresentou graves falhas estruturais, como fissuras e trincas, e foi interditado.<br \/><a class=\"more-link\" href=\"https:\/\/justicapotiguar.com.br\/index.php\/2026\/04\/25\/seguradora-e-condenada-a-pagar-r-696-mil-por-falhas-estruturais-em-imovel\/\">Mais&#8230;<\/a><\/p>\n","protected":false},"author":8,"featured_media":0,"comment_status":"open","ping_status":"open","sticky":false,"template":"","format":"standard","meta":[],"categories":[3],"tags":[],"_links":{"self":[{"href":"https:\/\/justicapotiguar.com.br\/index.php\/wp-json\/wp\/v2\/posts\/53637"}],"collection":[{"href":"https:\/\/justicapotiguar.com.br\/index.php\/wp-json\/wp\/v2\/posts"}],"about":[{"href":"https:\/\/justicapotiguar.com.br\/index.php\/wp-json\/wp\/v2\/types\/post"}],"author":[{"embeddable":true,"href":"https:\/\/justicapotiguar.com.br\/index.php\/wp-json\/wp\/v2\/users\/8"}],"replies":[{"embeddable":true,"href":"https:\/\/justicapotiguar.com.br\/index.php\/wp-json\/wp\/v2\/comments?post=53637"}],"version-history":[{"count":1,"href":"https:\/\/justicapotiguar.com.br\/index.php\/wp-json\/wp\/v2\/posts\/53637\/revisions"}],"predecessor-version":[{"id":53639,"href":"https:\/\/justicapotiguar.com.br\/index.php\/wp-json\/wp\/v2\/posts\/53637\/revisions\/53639"}],"wp:attachment":[{"href":"https:\/\/justicapotiguar.com.br\/index.php\/wp-json\/wp\/v2\/media?parent=53637"}],"wp:term":[{"taxonomy":"category","embeddable":true,"href":"https:\/\/justicapotiguar.com.br\/index.php\/wp-json\/wp\/v2\/categories?post=53637"},{"taxonomy":"post_tag","embeddable":true,"href":"https:\/\/justicapotiguar.com.br\/index.php\/wp-json\/wp\/v2\/tags?post=53637"}],"curies":[{"name":"wp","href":"https:\/\/api.w.org\/{rel}","templated":true}]}}