{"id":53617,"date":"2026-04-24T20:33:47","date_gmt":"2026-04-24T23:33:47","guid":{"rendered":"https:\/\/justicapotiguar.com.br\/?p=53617"},"modified":"2026-04-24T20:36:07","modified_gmt":"2026-04-24T23:36:07","slug":"corte-especial-do-stj-reafirma-que-citacao-por-whatsapp-e-invalida-em-acoes-de-estado","status":"publish","type":"post","link":"https:\/\/justicapotiguar.com.br\/index.php\/2026\/04\/24\/corte-especial-do-stj-reafirma-que-citacao-por-whatsapp-e-invalida-em-acoes-de-estado\/","title":{"rendered":"Corte Especial do STJ reafirma que cita\u00e7\u00e3o por WhatsApp \u00e9 inv\u00e1lida em a\u00e7\u00f5es de estado"},"content":{"rendered":"\n<figure class=\"wp-block-image size-large\"><img loading=\"lazy\" width=\"860\" height=\"484\" src=\"https:\/\/justicapotiguar.com.br\/wp-content\/uploads\/2026\/04\/WhatsAPP.jpg\" alt=\"\" class=\"wp-image-53619\" srcset=\"https:\/\/justicapotiguar.com.br\/wp-content\/uploads\/2026\/04\/WhatsAPP.jpg 860w, https:\/\/justicapotiguar.com.br\/wp-content\/uploads\/2026\/04\/WhatsAPP-300x169.jpg 300w, https:\/\/justicapotiguar.com.br\/wp-content\/uploads\/2026\/04\/WhatsAPP-768x432.jpg 768w\" sizes=\"(max-width: 860px) 100vw, 860px\" \/><figcaption>Imagem: Getty Images<\/figcaption><\/figure>\n\n\n\n<p>A Corte Especial do Superior Tribunal de Justi\u00e7a (STJ) reafirmou que \u00e9 inv\u00e1lida a cita\u00e7\u00e3o do r\u00e9u por meio do aplicativo WhatsApp em a\u00e7\u00f5es de estado \u2013 como aquelas que envolvem o estado civil ou familiar dos envolvidos. O colegiado considerou que, nesses casos, a legisla\u00e7\u00e3o exige a cita\u00e7\u00e3o pessoal, conforme previsto no artigo 247, inciso I, do C\u00f3digo de Processo Civil (CPC).<\/p>\n\n\n\n<p>Com esse entendimento, a corte afastou a possibilidade de homologa\u00e7\u00e3o de senten\u00e7a estrangeira de div\u00f3rcio, ressaltando que a regularidade do ato citat\u00f3rio \u00e9 requisito indispens\u00e1vel para assegurar o cumprimento de obriga\u00e7\u00f5es decorrentes, como em eventual execu\u00e7\u00e3o de alimentos.<\/p>\n\n\n\n<p>No recurso submetido \u00e0 Corte Especial, o recorrente alegou que a certid\u00e3o juntada aos autos seria v\u00e1lida para efeito de cita\u00e7\u00e3o, j\u00e1 que o oficial de justi\u00e7a teria conversado com o requerido por chamada de voz realizada pelo WhatsApp. Apontou, ainda, que seria necess\u00e1rio abrandar o formalismo do ato citat\u00f3rio, tendo em vista que o objetivo principal \u00e9 que o interessado tenha ci\u00eancia da demanda, o que teria sido alcan\u00e7ado no caso dos autos.<\/p><div class=\"qsbeb69ec4671d2889\" ><!--<a href=\"https:\/\/bit.ly\/3QdrqTZ\" target=\"_blank\">\n<img src=\"https:\/\/justicapotiguar.com.br\/wp-content\/uploads\/2023\/09\/mobile-geral.gif\"\/><a\/>--><\/div><style type=\"text\/css\">\r\n.qsbeb69ec4671d2889 {\r\ntext-align: center;\r\n}\r\n@media screen and (min-width: 1201px) {\r\n.qsbeb69ec4671d2889 {\r\ndisplay: none;\r\n}\r\n}\r\n@media screen and (min-width: 993px) and (max-width: 1200px) {\r\n.qsbeb69ec4671d2889 {\r\ndisplay: none;\r\n}\r\n}\r\n@media screen and (min-width: 769px) and (max-width: 992px) {\r\n.qsbeb69ec4671d2889 {\r\ndisplay: none;\r\n}\r\n}\r\n@media screen and (min-width: 768px) and (max-width: 768px) {\r\n.qsbeb69ec4671d2889 {\r\ndisplay: block;\r\n}\r\n}\r\n@media screen and (max-width: 767px) {\r\n.qsbeb69ec4671d2889 {\r\ndisplay: block;\r\n}\r\n}\r\n<\/style>\r\n<div class=\"seuox69ec4671d2874\" ><!--<a href=\"https:\/\/bit.ly\/3QdrqTZ\" target=\"_blank\">\n<img src=\"https:\/\/justicapotiguar.com.br\/wp-content\/uploads\/2023\/09\/desktop-geral.gif\"\/><a\/>--><\/div><style type=\"text\/css\">\r\n.seuox69ec4671d2874 {\r\ntext-align: center;\nmargin-bottom: 1em;\r\n}\r\n@media screen and (min-width: 1201px) {\r\n.seuox69ec4671d2874 {\r\ndisplay: block;\r\n}\r\n}\r\n@media screen and (min-width: 993px) and (max-width: 1200px) {\r\n.seuox69ec4671d2874 {\r\ndisplay: block;\r\n}\r\n}\r\n@media screen and (min-width: 769px) and (max-width: 992px) {\r\n.seuox69ec4671d2874 {\r\ndisplay: block;\r\n}\r\n}\r\n@media screen and (min-width: 768px) and (max-width: 768px) {\r\n.seuox69ec4671d2874 {\r\ndisplay: none;\r\n}\r\n}\r\n@media screen and (max-width: 767px) {\r\n.seuox69ec4671d2874 {\r\ndisplay: none;\r\n}\r\n}\r\n<\/style>\r\n\n\n\n\n<p>Em seu voto, o presidente do STJ, ministro Herman Benjamin \u2013 relator do processo \u2013, afirmou que a suposta conversa pelo aplicativo n\u00e3o configura cita\u00e7\u00e3o pessoal v\u00e1lida, nos termos do CPC. &#8220;Pelo mesmo motivo, invi\u00e1vel acatar pedido para que a cita\u00e7\u00e3o se d\u00ea atrav\u00e9s de mensagem de texto pelo mesmo aplicativo&#8221;, completou.<\/p>\n\n\n\n<p>O ministro destacou, ainda, precedentes em que a corte adotou posicionamento rigoroso quanto aos requisitos para homologa\u00e7\u00e3o de decis\u00f5es estrangeiras no Brasil. Entre eles, previstos na Lei de Introdu\u00e7\u00e3o \u00e0s Normas do Direito Brasileiro (LINDB), no CPC e no Regimento Interno do STJ, est\u00e1 a obrigatoriedade de cita\u00e7\u00e3o regular, mesmo nos casos em que o r\u00e9u n\u00e3o apresenta defesa.<\/p>\n\n\n\n<p><em>Fonte: STJ<\/em><\/p>\n","protected":false},"excerpt":{"rendered":"<p>O colegiado considerou que, nesses casos, a legisla\u00e7\u00e3o exige a cita\u00e7\u00e3o pessoal, conforme previsto no artigo 247, inciso I, do C\u00f3digo de Processo Civil (CPC).<br \/><a class=\"more-link\" href=\"https:\/\/justicapotiguar.com.br\/index.php\/2026\/04\/24\/corte-especial-do-stj-reafirma-que-citacao-por-whatsapp-e-invalida-em-acoes-de-estado\/\">Mais&#8230;<\/a><\/p>\n","protected":false},"author":8,"featured_media":0,"comment_status":"open","ping_status":"open","sticky":false,"template":"","format":"standard","meta":[],"categories":[3],"tags":[],"_links":{"self":[{"href":"https:\/\/justicapotiguar.com.br\/index.php\/wp-json\/wp\/v2\/posts\/53617"}],"collection":[{"href":"https:\/\/justicapotiguar.com.br\/index.php\/wp-json\/wp\/v2\/posts"}],"about":[{"href":"https:\/\/justicapotiguar.com.br\/index.php\/wp-json\/wp\/v2\/types\/post"}],"author":[{"embeddable":true,"href":"https:\/\/justicapotiguar.com.br\/index.php\/wp-json\/wp\/v2\/users\/8"}],"replies":[{"embeddable":true,"href":"https:\/\/justicapotiguar.com.br\/index.php\/wp-json\/wp\/v2\/comments?post=53617"}],"version-history":[{"count":2,"href":"https:\/\/justicapotiguar.com.br\/index.php\/wp-json\/wp\/v2\/posts\/53617\/revisions"}],"predecessor-version":[{"id":53621,"href":"https:\/\/justicapotiguar.com.br\/index.php\/wp-json\/wp\/v2\/posts\/53617\/revisions\/53621"}],"wp:attachment":[{"href":"https:\/\/justicapotiguar.com.br\/index.php\/wp-json\/wp\/v2\/media?parent=53617"}],"wp:term":[{"taxonomy":"category","embeddable":true,"href":"https:\/\/justicapotiguar.com.br\/index.php\/wp-json\/wp\/v2\/categories?post=53617"},{"taxonomy":"post_tag","embeddable":true,"href":"https:\/\/justicapotiguar.com.br\/index.php\/wp-json\/wp\/v2\/tags?post=53617"}],"curies":[{"name":"wp","href":"https:\/\/api.w.org\/{rel}","templated":true}]}}