{"id":53610,"date":"2026-04-24T17:57:11","date_gmt":"2026-04-24T20:57:11","guid":{"rendered":"https:\/\/justicapotiguar.com.br\/?p=53610"},"modified":"2026-04-24T18:25:15","modified_gmt":"2026-04-24T21:25:15","slug":"stf-contrata-monitoramento-para-saber-quem-sao-seus-criticos-nas-redes-sociais","status":"publish","type":"post","link":"https:\/\/justicapotiguar.com.br\/index.php\/2026\/04\/24\/stf-contrata-monitoramento-para-saber-quem-sao-seus-criticos-nas-redes-sociais\/","title":{"rendered":"STF contrata monitoramento para saber quem s\u00e3o seus cr\u00edticos nas redes sociais"},"content":{"rendered":"\n<figure class=\"wp-block-image size-large\"><img loading=\"lazy\" width=\"800\" height=\"534\" src=\"https:\/\/justicapotiguar.com.br\/wp-content\/uploads\/2026\/04\/STF-4.jpg\" alt=\"\" class=\"wp-image-53612\" srcset=\"https:\/\/justicapotiguar.com.br\/wp-content\/uploads\/2026\/04\/STF-4.jpg 800w, https:\/\/justicapotiguar.com.br\/wp-content\/uploads\/2026\/04\/STF-4-300x200.jpg 300w, https:\/\/justicapotiguar.com.br\/wp-content\/uploads\/2026\/04\/STF-4-768x513.jpg 768w\" sizes=\"(max-width: 800px) 100vw, 800px\" \/><figcaption>Foto: Antonio Augusto\/STF<\/figcaption><\/figure>\n\n\n\n<p>O Supremo Tribunal Federal (STF) contratar\u00e1 uma empresa especializada para fazer o \u201cacompanhamento e an\u00e1lise da presen\u00e7a digital\u201d da Corte nas redes sociais. O preg\u00e3o eletr\u00f4nico est\u00e1 marcado para o dia 11 de maio deste ano, e o valor m\u00e1ximo que a Corte pretende pagar \u00e9 de R$ 249 mil.<\/p>\n\n\n\n<p>No edital, a Corte explicita o objetivo de saber se as men\u00e7\u00f5es ao STF nas redes sociais est\u00e3o sendo positivas, neutras ou negativas.<\/p>\n\n\n\n<p>O edital prev\u00ea a entrega de relat\u00f3rios di\u00e1rios \u2014 entre 30 e 300 \u2014 e mensais. Esses alertas di\u00e1rios s\u00e3o avisos sobre men\u00e7\u00f5es a \u201ctemas diretamente relacionados ao universo do Supremo Tribunal Federal \u2014 incluindo seus julgamentos e ministros \u2014, expressamente citados, com potencial de repercuss\u00e3o\u201d.<\/p><div class=\"ljghi69ec5dbc2f469\" ><!--<a href=\"https:\/\/bit.ly\/3QdrqTZ\" target=\"_blank\">\n<img src=\"https:\/\/justicapotiguar.com.br\/wp-content\/uploads\/2023\/09\/mobile-geral.gif\"\/><a\/>--><\/div><style type=\"text\/css\">\r\n.ljghi69ec5dbc2f469 {\r\ntext-align: center;\r\n}\r\n@media screen and (min-width: 1201px) {\r\n.ljghi69ec5dbc2f469 {\r\ndisplay: none;\r\n}\r\n}\r\n@media screen and (min-width: 993px) and (max-width: 1200px) {\r\n.ljghi69ec5dbc2f469 {\r\ndisplay: none;\r\n}\r\n}\r\n@media screen and (min-width: 769px) and (max-width: 992px) {\r\n.ljghi69ec5dbc2f469 {\r\ndisplay: none;\r\n}\r\n}\r\n@media screen and (min-width: 768px) and (max-width: 768px) {\r\n.ljghi69ec5dbc2f469 {\r\ndisplay: block;\r\n}\r\n}\r\n@media screen and (max-width: 767px) {\r\n.ljghi69ec5dbc2f469 {\r\ndisplay: block;\r\n}\r\n}\r\n<\/style>\r\n<div class=\"djtte69ec5dbc2f455\" ><!--<a href=\"https:\/\/bit.ly\/3QdrqTZ\" target=\"_blank\">\n<img src=\"https:\/\/justicapotiguar.com.br\/wp-content\/uploads\/2023\/09\/desktop-geral.gif\"\/><a\/>--><\/div><style type=\"text\/css\">\r\n.djtte69ec5dbc2f455 {\r\ntext-align: center;\nmargin-bottom: 1em;\r\n}\r\n@media screen and (min-width: 1201px) {\r\n.djtte69ec5dbc2f455 {\r\ndisplay: block;\r\n}\r\n}\r\n@media screen and (min-width: 993px) and (max-width: 1200px) {\r\n.djtte69ec5dbc2f455 {\r\ndisplay: block;\r\n}\r\n}\r\n@media screen and (min-width: 769px) and (max-width: 992px) {\r\n.djtte69ec5dbc2f455 {\r\ndisplay: block;\r\n}\r\n}\r\n@media screen and (min-width: 768px) and (max-width: 768px) {\r\n.djtte69ec5dbc2f455 {\r\ndisplay: none;\r\n}\r\n}\r\n@media screen and (max-width: 767px) {\r\n.djtte69ec5dbc2f455 {\r\ndisplay: none;\r\n}\r\n}\r\n<\/style>\r\n\n\n\n\n<p>Com os relat\u00f3rios mensais, o STF quer saber os impactos de suas postagens; o sentimento do p\u00fablico nas publica\u00e7\u00f5es envolvendo a Corte e at\u00e9 quem s\u00e3o os \u201cprincipais formadores de opini\u00e3o nas redes sociais que debatem sobre assuntos afetos ao STF, com an\u00e1lise de posicionamento e influ\u00eancia\/capacidade de repercuss\u00e3o\u201d.<\/p>\n\n\n\n<p><em>Fonte: Coluna da Andreza Matais (Metr\u00f3poles)<\/em><\/p>\n","protected":false},"excerpt":{"rendered":"<p>No edital, a Corte explicita o objetivo de saber se as men\u00e7\u00f5es ao STF nas redes sociais est\u00e3o sendo positivas, neutras ou negativas.<br \/><a class=\"more-link\" href=\"https:\/\/justicapotiguar.com.br\/index.php\/2026\/04\/24\/stf-contrata-monitoramento-para-saber-quem-sao-seus-criticos-nas-redes-sociais\/\">Mais&#8230;<\/a><\/p>\n","protected":false},"author":8,"featured_media":0,"comment_status":"open","ping_status":"open","sticky":false,"template":"","format":"standard","meta":[],"categories":[3],"tags":[],"_links":{"self":[{"href":"https:\/\/justicapotiguar.com.br\/index.php\/wp-json\/wp\/v2\/posts\/53610"}],"collection":[{"href":"https:\/\/justicapotiguar.com.br\/index.php\/wp-json\/wp\/v2\/posts"}],"about":[{"href":"https:\/\/justicapotiguar.com.br\/index.php\/wp-json\/wp\/v2\/types\/post"}],"author":[{"embeddable":true,"href":"https:\/\/justicapotiguar.com.br\/index.php\/wp-json\/wp\/v2\/users\/8"}],"replies":[{"embeddable":true,"href":"https:\/\/justicapotiguar.com.br\/index.php\/wp-json\/wp\/v2\/comments?post=53610"}],"version-history":[{"count":5,"href":"https:\/\/justicapotiguar.com.br\/index.php\/wp-json\/wp\/v2\/posts\/53610\/revisions"}],"predecessor-version":[{"id":53616,"href":"https:\/\/justicapotiguar.com.br\/index.php\/wp-json\/wp\/v2\/posts\/53610\/revisions\/53616"}],"wp:attachment":[{"href":"https:\/\/justicapotiguar.com.br\/index.php\/wp-json\/wp\/v2\/media?parent=53610"}],"wp:term":[{"taxonomy":"category","embeddable":true,"href":"https:\/\/justicapotiguar.com.br\/index.php\/wp-json\/wp\/v2\/categories?post=53610"},{"taxonomy":"post_tag","embeddable":true,"href":"https:\/\/justicapotiguar.com.br\/index.php\/wp-json\/wp\/v2\/tags?post=53610"}],"curies":[{"name":"wp","href":"https:\/\/api.w.org\/{rel}","templated":true}]}}