{"id":53601,"date":"2026-04-24T17:12:38","date_gmt":"2026-04-24T20:12:38","guid":{"rendered":"https:\/\/justicapotiguar.com.br\/?p=53601"},"modified":"2026-04-24T17:34:14","modified_gmt":"2026-04-24T20:34:14","slug":"estados-unidos-voltara-a-aplicar-injecao-letal-e-fuzilamento-para-penas-de-morte","status":"publish","type":"post","link":"https:\/\/justicapotiguar.com.br\/index.php\/2026\/04\/24\/estados-unidos-voltara-a-aplicar-injecao-letal-e-fuzilamento-para-penas-de-morte\/","title":{"rendered":"Governo Trump aprova execu\u00e7\u00f5es por pelot\u00e3o de fuzilamento como m\u00e9todo para pena de morte"},"content":{"rendered":"\n<figure class=\"wp-block-image size-large\"><img loading=\"lazy\" width=\"900\" height=\"600\" src=\"https:\/\/justicapotiguar.com.br\/wp-content\/uploads\/2026\/04\/DT.jpg\" alt=\"\" class=\"wp-image-53603\" srcset=\"https:\/\/justicapotiguar.com.br\/wp-content\/uploads\/2026\/04\/DT.jpg 900w, https:\/\/justicapotiguar.com.br\/wp-content\/uploads\/2026\/04\/DT-300x200.jpg 300w, https:\/\/justicapotiguar.com.br\/wp-content\/uploads\/2026\/04\/DT-768x512.jpg 768w\" sizes=\"(max-width: 900px) 100vw, 900px\" \/><figcaption>Foto: White House\/ reprodu\u00e7\u00e3o<\/figcaption><\/figure>\n\n\n\n<p>O governo dos Estados Unidos (EUA) anunciou, nesta sexta-feira (24\/4), a retomada do uso de inje\u00e7\u00f5es letais em execu\u00e7\u00f5es federais e informou que tamb\u00e9m passar\u00e1 a adotar o fuzilamento como m\u00e9todo para condenados \u00e0 pena de morte.<\/p>\n\n\n\n<p>A medida foi divulgada pelo Departamento de Justi\u00e7a, que afirmou cumprir uma determina\u00e7\u00e3o do presidente Donald Trump para acelerar e ampliar a aplica\u00e7\u00e3o desse tipo de puni\u00e7\u00e3o.<\/p>\n\n\n\n<p>Em 2024, o pa\u00eds chegou a utilizar, de forma in\u00e9dita, a morte por asfixia como alternativa. Esse m\u00e9todo, por\u00e9m, foi alvo de cr\u00edticas e den\u00fancias por causar sofrimento intenso, comparado a tortura por \u00f3rg\u00e3os como a ONU.<\/p>\n\n\n\n<p>No comunicado, o Departamento de Justi\u00e7a classificou a an\u00e1lise feita durante o governo anterior, de Joe Biden, como \u201cprofundamente falha\u201d.<\/p>\n\n\n\n<p>\u201cO governo anterior falhou em seu dever de proteger o povo americano, ao se recusar a buscar e aplicar a puni\u00e7\u00e3o m\u00e1xima contra os criminosos mais perigosos, incluindo terroristas, assassinos de crian\u00e7as e assassinos de policiais\u201d, disse o procurador-geral interino, Todd Blanche.<\/p><div class=\"hlzuv69ec72414aebb\" ><!--<a href=\"https:\/\/bit.ly\/3QdrqTZ\" target=\"_blank\">\n<img src=\"https:\/\/justicapotiguar.com.br\/wp-content\/uploads\/2023\/09\/mobile-geral.gif\"\/><a\/>--><\/div><style type=\"text\/css\">\r\n.hlzuv69ec72414aebb {\r\ntext-align: center;\r\n}\r\n@media screen and (min-width: 1201px) {\r\n.hlzuv69ec72414aebb {\r\ndisplay: none;\r\n}\r\n}\r\n@media screen and (min-width: 993px) and (max-width: 1200px) {\r\n.hlzuv69ec72414aebb {\r\ndisplay: none;\r\n}\r\n}\r\n@media screen and (min-width: 769px) and (max-width: 992px) {\r\n.hlzuv69ec72414aebb {\r\ndisplay: none;\r\n}\r\n}\r\n@media screen and (min-width: 768px) and (max-width: 768px) {\r\n.hlzuv69ec72414aebb {\r\ndisplay: block;\r\n}\r\n}\r\n@media screen and (max-width: 767px) {\r\n.hlzuv69ec72414aebb {\r\ndisplay: block;\r\n}\r\n}\r\n<\/style>\r\n<div class=\"ooaca69ec72414aea4\" ><!--<a href=\"https:\/\/bit.ly\/3QdrqTZ\" target=\"_blank\">\n<img src=\"https:\/\/justicapotiguar.com.br\/wp-content\/uploads\/2023\/09\/desktop-geral.gif\"\/><a\/>--><\/div><style type=\"text\/css\">\r\n.ooaca69ec72414aea4 {\r\ntext-align: center;\nmargin-bottom: 1em;\r\n}\r\n@media screen and (min-width: 1201px) {\r\n.ooaca69ec72414aea4 {\r\ndisplay: block;\r\n}\r\n}\r\n@media screen and (min-width: 993px) and (max-width: 1200px) {\r\n.ooaca69ec72414aea4 {\r\ndisplay: block;\r\n}\r\n}\r\n@media screen and (min-width: 769px) and (max-width: 992px) {\r\n.ooaca69ec72414aea4 {\r\ndisplay: block;\r\n}\r\n}\r\n@media screen and (min-width: 768px) and (max-width: 768px) {\r\n.ooaca69ec72414aea4 {\r\ndisplay: none;\r\n}\r\n}\r\n@media screen and (max-width: 767px) {\r\n.ooaca69ec72414aea4 {\r\ndisplay: none;\r\n}\r\n}\r\n<\/style>\r\n\n\n\n\n<p>Na pr\u00e1tica, a nova diretriz federal deve servir como refer\u00eancia, j\u00e1 que a pena de morte nos Estados Unidos \u00e9 aplicada de forma descentralizada, com regras que variam por estado. Em 2025, por exemplo, um condenado foi executado por fuzilamento na Carolina do Sul devido \u00e0 falta de medicamentos necess\u00e1rios para a inje\u00e7\u00e3o letal.<\/p>\n\n\n\n<p>A execu\u00e7\u00e3o por inje\u00e7\u00e3o letal \u00e9 um dos m\u00e9todos previstos na legisla\u00e7\u00e3o penal dos Estados Unidos para cumprir a pena de morte, pr\u00e1tica adotada por dezenas de pa\u00edses ao redor do mundo.<\/p>\n\n\n\n<p>Apesar disso, diversos estados norte-americanos haviam suspendido temporariamente o uso desse procedimento. A interrup\u00e7\u00e3o ocorreu tanto por disputas judiciais quanto por uma morat\u00f3ria estabelecida durante o governo Biden.<\/p>\n\n\n\n<p>A decis\u00e3o foi baseada em estudos que indicavam que o m\u00e9todo poderia causar dor intensa e sofrimento desnecess\u00e1rio aos condenados, levantando questionamentos sobre a aplica\u00e7\u00e3o, do ponto de vista humanit\u00e1rio e legal.<br><br><em>Fonte: Metr\u00f3poles<\/em><\/p>\n","protected":false},"excerpt":{"rendered":"<p>No comunicado, o Departamento de Justi\u00e7a classificou a an\u00e1lise feita durante o governo anterior, de Joe Biden, como \u201cprofundamente falha\u201d.<br \/><a class=\"more-link\" href=\"https:\/\/justicapotiguar.com.br\/index.php\/2026\/04\/24\/estados-unidos-voltara-a-aplicar-injecao-letal-e-fuzilamento-para-penas-de-morte\/\">Mais&#8230;<\/a><\/p>\n","protected":false},"author":8,"featured_media":0,"comment_status":"open","ping_status":"open","sticky":false,"template":"","format":"standard","meta":[],"categories":[3],"tags":[],"_links":{"self":[{"href":"https:\/\/justicapotiguar.com.br\/index.php\/wp-json\/wp\/v2\/posts\/53601"}],"collection":[{"href":"https:\/\/justicapotiguar.com.br\/index.php\/wp-json\/wp\/v2\/posts"}],"about":[{"href":"https:\/\/justicapotiguar.com.br\/index.php\/wp-json\/wp\/v2\/types\/post"}],"author":[{"embeddable":true,"href":"https:\/\/justicapotiguar.com.br\/index.php\/wp-json\/wp\/v2\/users\/8"}],"replies":[{"embeddable":true,"href":"https:\/\/justicapotiguar.com.br\/index.php\/wp-json\/wp\/v2\/comments?post=53601"}],"version-history":[{"count":6,"href":"https:\/\/justicapotiguar.com.br\/index.php\/wp-json\/wp\/v2\/posts\/53601\/revisions"}],"predecessor-version":[{"id":53608,"href":"https:\/\/justicapotiguar.com.br\/index.php\/wp-json\/wp\/v2\/posts\/53601\/revisions\/53608"}],"wp:attachment":[{"href":"https:\/\/justicapotiguar.com.br\/index.php\/wp-json\/wp\/v2\/media?parent=53601"}],"wp:term":[{"taxonomy":"category","embeddable":true,"href":"https:\/\/justicapotiguar.com.br\/index.php\/wp-json\/wp\/v2\/categories?post=53601"},{"taxonomy":"post_tag","embeddable":true,"href":"https:\/\/justicapotiguar.com.br\/index.php\/wp-json\/wp\/v2\/tags?post=53601"}],"curies":[{"name":"wp","href":"https:\/\/api.w.org\/{rel}","templated":true}]}}