{"id":53595,"date":"2026-04-24T16:04:07","date_gmt":"2026-04-24T19:04:07","guid":{"rendered":"https:\/\/justicapotiguar.com.br\/?p=53595"},"modified":"2026-04-24T16:09:07","modified_gmt":"2026-04-24T19:09:07","slug":"exposicao-de-corpo-de-falecida-em-redes-sociais-gera-indenizacao","status":"publish","type":"post","link":"https:\/\/justicapotiguar.com.br\/index.php\/2026\/04\/24\/exposicao-de-corpo-de-falecida-em-redes-sociais-gera-indenizacao\/","title":{"rendered":"Exposi\u00e7\u00e3o de corpo de falecida em redes sociais gera indeniza\u00e7\u00e3o ao filho"},"content":{"rendered":"\n<figure class=\"wp-block-image size-large\"><img loading=\"lazy\" width=\"968\" height=\"506\" src=\"https:\/\/justicapotiguar.com.br\/wp-content\/uploads\/2026\/04\/IML.jpg\" alt=\"\" class=\"wp-image-53599\" srcset=\"https:\/\/justicapotiguar.com.br\/wp-content\/uploads\/2026\/04\/IML.jpg 968w, https:\/\/justicapotiguar.com.br\/wp-content\/uploads\/2026\/04\/IML-300x157.jpg 300w, https:\/\/justicapotiguar.com.br\/wp-content\/uploads\/2026\/04\/IML-768x401.jpg 768w\" sizes=\"(max-width: 968px) 100vw, 968px\" \/><figcaption>Foto: Reprodu\u00e7\u00e3o<\/figcaption><\/figure>\n\n\n\n<p>A 12\u00aa C\u00e2mara de Direito P\u00fablico do Tribunal de Justi\u00e7a de S\u00e3o Paulo condenou o governo estadual a indenizar um homem por ter publicado nas redes sociais um v\u00eddeo do corpo de sua m\u00e3e que estava no Instituto M\u00e9dico Legal. A decis\u00e3o, por maioria de votos, fixou repara\u00e7\u00e3o por danos morais em R$ 50 mil.<br><br>Na primeira inst\u00e2ncia, a a\u00e7\u00e3o foi julgada improcedente. O ju\u00edzo entendeu que n\u00e3o houve comprova\u00e7\u00e3o de que o v\u00eddeo tenha sido gravado no IML. No entanto, o relator designado, desembargador Edson Ferreira da Silva, destacou que as testemunhas confirmaram o local da filmagem, evidenciando falha no dever de vigil\u00e2ncia do Estado, respons\u00e1vel pela cust\u00f3dia do corpo. Ele refor\u00e7ou que a divulga\u00e7\u00e3o configura ofensa \u00e0 imagem e \u00e0 intimidade e \u00e9 pass\u00edvel de indeniza\u00e7\u00e3o pelo abalo moral causado ao requerente, tanto pela visualiza\u00e7\u00e3o do corpo naquelas condi\u00e7\u00f5es quanto pela propaga\u00e7\u00e3o nas redes sociais.<br><br>\u201cAn\u00e1lise do v\u00eddeo demonstra que n\u00e3o se trata de uma grava\u00e7\u00e3o clandestina, feita \u00e0 dist\u00e2ncia ou de modo escondido, mas imagens detalhadas, circundando o corpo da v\u00edtima e destacando as partes mais machucadas, com manuseio direto do cad\u00e1ver, inclusive virando a cabe\u00e7a do corpo inerte para mostrar min\u00facias da necropsia, o que n\u00e3o poderia ter sido feito sem autoriza\u00e7\u00e3o ou se houvesse um m\u00ednimo de vigil\u00e2ncia\u201d, salientou o relator.<br><br><em>Fonte: Conjur<\/em><\/p>\n","protected":false},"excerpt":{"rendered":"<p>Na primeira inst\u00e2ncia, a a\u00e7\u00e3o foi julgada improcedente. O ju\u00edzo entendeu que n\u00e3o houve comprova\u00e7\u00e3o de que o v\u00eddeo tenha sido gravado no IML. <br \/><a class=\"more-link\" href=\"https:\/\/justicapotiguar.com.br\/index.php\/2026\/04\/24\/exposicao-de-corpo-de-falecida-em-redes-sociais-gera-indenizacao\/\">Mais&#8230;<\/a><\/p>\n","protected":false},"author":8,"featured_media":0,"comment_status":"open","ping_status":"open","sticky":false,"template":"","format":"standard","meta":[],"categories":[3],"tags":[],"_links":{"self":[{"href":"https:\/\/justicapotiguar.com.br\/index.php\/wp-json\/wp\/v2\/posts\/53595"}],"collection":[{"href":"https:\/\/justicapotiguar.com.br\/index.php\/wp-json\/wp\/v2\/posts"}],"about":[{"href":"https:\/\/justicapotiguar.com.br\/index.php\/wp-json\/wp\/v2\/types\/post"}],"author":[{"embeddable":true,"href":"https:\/\/justicapotiguar.com.br\/index.php\/wp-json\/wp\/v2\/users\/8"}],"replies":[{"embeddable":true,"href":"https:\/\/justicapotiguar.com.br\/index.php\/wp-json\/wp\/v2\/comments?post=53595"}],"version-history":[{"count":3,"href":"https:\/\/justicapotiguar.com.br\/index.php\/wp-json\/wp\/v2\/posts\/53595\/revisions"}],"predecessor-version":[{"id":53600,"href":"https:\/\/justicapotiguar.com.br\/index.php\/wp-json\/wp\/v2\/posts\/53595\/revisions\/53600"}],"wp:attachment":[{"href":"https:\/\/justicapotiguar.com.br\/index.php\/wp-json\/wp\/v2\/media?parent=53595"}],"wp:term":[{"taxonomy":"category","embeddable":true,"href":"https:\/\/justicapotiguar.com.br\/index.php\/wp-json\/wp\/v2\/categories?post=53595"},{"taxonomy":"post_tag","embeddable":true,"href":"https:\/\/justicapotiguar.com.br\/index.php\/wp-json\/wp\/v2\/tags?post=53595"}],"curies":[{"name":"wp","href":"https:\/\/api.w.org\/{rel}","templated":true}]}}