{"id":5336,"date":"2020-01-09T18:20:01","date_gmt":"2020-01-09T21:20:01","guid":{"rendered":"https:\/\/justicapotiguar.com.br\/?p=5336"},"modified":"2020-01-09T18:20:17","modified_gmt":"2020-01-09T21:20:17","slug":"netflix-recorre-ao-stf-para-anular-decisao-que-tira-do-ar-especial-do-porta-dos-fundos","status":"publish","type":"post","link":"https:\/\/justicapotiguar.com.br\/index.php\/2020\/01\/09\/netflix-recorre-ao-stf-para-anular-decisao-que-tira-do-ar-especial-do-porta-dos-fundos\/","title":{"rendered":"Netflix recorre ao STF para anular decis\u00e3o que tira do ar especial do Porta dos Fundos"},"content":{"rendered":"\n<figure class=\"wp-block-image\"><img loading=\"lazy\" width=\"652\" height=\"408\" src=\"https:\/\/justicapotiguar.com.br\/wp-content\/uploads\/2019\/12\/8y060okkd87be8kbc3f60u7hl.jpg\" alt=\"\" class=\"wp-image-4831\" srcset=\"https:\/\/justicapotiguar.com.br\/wp-content\/uploads\/2019\/12\/8y060okkd87be8kbc3f60u7hl.jpg 652w, https:\/\/justicapotiguar.com.br\/wp-content\/uploads\/2019\/12\/8y060okkd87be8kbc3f60u7hl-300x188.jpg 300w\" sizes=\"(max-width: 652px) 100vw, 652px\" \/><figcaption>ilustrativa<\/figcaption><\/figure>\n\n\n\n<p>Ap\u00f3s a decis\u00e3o do desembargador que\u00a0retirou do ar\u00a0o especial de Natal da produtora Porta dos Fundos, feita nesta quarta-feira (8), a Netflix recorreu ao Supremo Tribunal Federal (STF) para reverter a situa\u00e7\u00e3o. A informa\u00e7\u00e3o \u00e9 do portal G1.<\/p>\n\n\n\n<p>Atendendo ao pedido de uma associa\u00e7\u00e3o de cat\u00f3licos, Benedicto Abicair, da 6\u00aa C\u00e2mara C\u00edvel do Tribunal de Justi\u00e7a do Rio de Janeiro, determinou a suspens\u00e3o do v\u00eddeo &#8220;A Primeira Tenta\u00e7\u00e3o de Cristo&#8221;, buscando, em suas palavras, &#8220;acalmar \u00e2nimos&#8221;.<\/p>\n\n\n\n<p>A plataforma de streaming que colocou o especial no ar, a Netflix, chama a decis\u00e3o de uma tentativa de censura. Segundo a empresa, &#8220;a decis\u00e3o proferida pelo TJ-RJ tem efeito equivalente ao da bomba utilizada no atentado terrorista \u00e0 sede do Porta dos Fundos: silencia por meio do medo e da intimida\u00e7\u00e3o&#8221;.<\/p>\n\n\n\n<p>Na a\u00e7\u00e3o movida pela Netflix ao STF, o streaming questiona a constitucionalidade da decis\u00e3o de Abicair. &#8220;Tal inger\u00eancia judicial sobre o conte\u00fado cinematogr\u00e1fico equivale, ainda, a verdadeira censura ampla e geral&#8221;, diz a empresa, que afirma que a suspens\u00e3o do especial n\u00e3o possui &#8220;qualquer previs\u00e3o constitucional, em subvers\u00e3o ao regime de liberdade de express\u00e3o e manifesta\u00e7\u00e3o art\u00edstica&#8221;.<\/p><div class=\"idmzk69eed501b9914\" ><!--<a href=\"https:\/\/bit.ly\/3QdrqTZ\" target=\"_blank\">\n<img src=\"https:\/\/justicapotiguar.com.br\/wp-content\/uploads\/2023\/09\/mobile-geral.gif\"\/><a\/>--><\/div><style type=\"text\/css\">\r\n.idmzk69eed501b9914 {\r\ntext-align: center;\r\n}\r\n@media screen and (min-width: 1201px) {\r\n.idmzk69eed501b9914 {\r\ndisplay: none;\r\n}\r\n}\r\n@media screen and (min-width: 993px) and (max-width: 1200px) {\r\n.idmzk69eed501b9914 {\r\ndisplay: none;\r\n}\r\n}\r\n@media screen and (min-width: 769px) and (max-width: 992px) {\r\n.idmzk69eed501b9914 {\r\ndisplay: none;\r\n}\r\n}\r\n@media screen and (min-width: 768px) and (max-width: 768px) {\r\n.idmzk69eed501b9914 {\r\ndisplay: block;\r\n}\r\n}\r\n@media screen and (max-width: 767px) {\r\n.idmzk69eed501b9914 {\r\ndisplay: block;\r\n}\r\n}\r\n<\/style>\r\n<div class=\"irvom69eed501b98f9\" ><!--<a href=\"https:\/\/bit.ly\/3QdrqTZ\" target=\"_blank\">\n<img src=\"https:\/\/justicapotiguar.com.br\/wp-content\/uploads\/2023\/09\/desktop-geral.gif\"\/><a\/>--><\/div><style type=\"text\/css\">\r\n.irvom69eed501b98f9 {\r\ntext-align: center;\nmargin-bottom: 1em;\r\n}\r\n@media screen and (min-width: 1201px) {\r\n.irvom69eed501b98f9 {\r\ndisplay: block;\r\n}\r\n}\r\n@media screen and (min-width: 993px) and (max-width: 1200px) {\r\n.irvom69eed501b98f9 {\r\ndisplay: block;\r\n}\r\n}\r\n@media screen and (min-width: 769px) and (max-width: 992px) {\r\n.irvom69eed501b98f9 {\r\ndisplay: block;\r\n}\r\n}\r\n@media screen and (min-width: 768px) and (max-width: 768px) {\r\n.irvom69eed501b98f9 {\r\ndisplay: none;\r\n}\r\n}\r\n@media screen and (max-width: 767px) {\r\n.irvom69eed501b98f9 {\r\ndisplay: none;\r\n}\r\n}\r\n<\/style>\r\n\n\n\n\n<p>A retirada do v\u00eddeo havia sido negada por um desembargador em primeira inst\u00e2ncia. Em 24 de dezembro, a sede da produtora foi atacada por um grupo que carregava coquet\u00e9is molotov.<\/p>\n\n\n\n<p>O atentado n\u00e3o deixou feridos. Na noite do incidente, apenas um porteiro estava presente no pr\u00e9dio.<\/p>\n\n\n\n<p>O \u00fanico acusado at\u00e9 o momento,\u00a0<a href=\"https:\/\/www.metrojornal.com.br\/foco\/2020\/01\/06\/porta-dos-fundos-acusado-expulso-psl.html\">Eduardo Fauzi<\/a>,\u00a0<a href=\"https:\/\/www.metrojornal.com.br\/foco\/2020\/01\/08\/porta-dos-fundos-acusado-lista-interpol.html\">est\u00e1 foragido<\/a>.<\/p>\n\n\n\n<p>Metro<\/p>\n","protected":false},"excerpt":{"rendered":"<p>A plataforma de streaming que colocou o especial no ar, a Netflix, chama a decis\u00e3o de uma tentativa de censura<br \/><a class=\"more-link\" href=\"https:\/\/justicapotiguar.com.br\/index.php\/2020\/01\/09\/netflix-recorre-ao-stf-para-anular-decisao-que-tira-do-ar-especial-do-porta-dos-fundos\/\">Mais&#8230;<\/a><\/p>\n","protected":false},"author":5,"featured_media":4831,"comment_status":"open","ping_status":"open","sticky":false,"template":"","format":"standard","meta":[],"categories":[3],"tags":[],"_links":{"self":[{"href":"https:\/\/justicapotiguar.com.br\/index.php\/wp-json\/wp\/v2\/posts\/5336"}],"collection":[{"href":"https:\/\/justicapotiguar.com.br\/index.php\/wp-json\/wp\/v2\/posts"}],"about":[{"href":"https:\/\/justicapotiguar.com.br\/index.php\/wp-json\/wp\/v2\/types\/post"}],"author":[{"embeddable":true,"href":"https:\/\/justicapotiguar.com.br\/index.php\/wp-json\/wp\/v2\/users\/5"}],"replies":[{"embeddable":true,"href":"https:\/\/justicapotiguar.com.br\/index.php\/wp-json\/wp\/v2\/comments?post=5336"}],"version-history":[{"count":1,"href":"https:\/\/justicapotiguar.com.br\/index.php\/wp-json\/wp\/v2\/posts\/5336\/revisions"}],"predecessor-version":[{"id":5337,"href":"https:\/\/justicapotiguar.com.br\/index.php\/wp-json\/wp\/v2\/posts\/5336\/revisions\/5337"}],"wp:featuredmedia":[{"embeddable":true,"href":"https:\/\/justicapotiguar.com.br\/index.php\/wp-json\/wp\/v2\/media\/4831"}],"wp:attachment":[{"href":"https:\/\/justicapotiguar.com.br\/index.php\/wp-json\/wp\/v2\/media?parent=5336"}],"wp:term":[{"taxonomy":"category","embeddable":true,"href":"https:\/\/justicapotiguar.com.br\/index.php\/wp-json\/wp\/v2\/categories?post=5336"},{"taxonomy":"post_tag","embeddable":true,"href":"https:\/\/justicapotiguar.com.br\/index.php\/wp-json\/wp\/v2\/tags?post=5336"}],"curies":[{"name":"wp","href":"https:\/\/api.w.org\/{rel}","templated":true}]}}