{"id":52876,"date":"2026-04-02T07:27:57","date_gmt":"2026-04-02T10:27:57","guid":{"rendered":"https:\/\/justicapotiguar.com.br\/?p=52876"},"modified":"2026-04-02T07:28:09","modified_gmt":"2026-04-02T10:28:09","slug":"desembargador-do-trt-rn-e-eleito-para-diretoria-da-academia-brasileira-de-direito-do-trabalho","status":"publish","type":"post","link":"https:\/\/justicapotiguar.com.br\/index.php\/2026\/04\/02\/desembargador-do-trt-rn-e-eleito-para-diretoria-da-academia-brasileira-de-direito-do-trabalho\/","title":{"rendered":"Desembargador do TRT-RN \u00e9 eleito para diretoria da Academia Brasileira de Direito do Trabalho"},"content":{"rendered":"\n<p>O desembargador e ouvidor do Tribunal Regional do Trabalho da 21\u00aa Regi\u00e3o (RN), Bento Herculano Duarte Neto, foi eleito diretor de Rela\u00e7\u00f5es Institucionais da Academia Brasileira de Direito do Trabalho (ABDT), entidade que re\u00fane alguns dos principais estudiosos do Direito e do Processo do Trabalho no pa\u00eds.<\/p>\n\n\n\n<p>O resultado da elei\u00e7\u00e3o da nova diretoria da ABDT foi divulgado no \u00faltimo dia 27 de mar\u00e7o. Para a presid\u00eancia da institui\u00e7\u00e3o, foi eleito o desembargador S\u00e9rgio Torres Teixeira, do TRT da 6\u00aa Regi\u00e3o. A vice-presid\u00eancia ser\u00e1 ocupada pelos ministros do Tribunal Superior do Trabalho (TST), Douglas Alencar Rodrigues e Cl\u00e1udio Brand\u00e3o.<\/p><div class=\"srdqx69ee898894ae3\" ><!--<a href=\"https:\/\/bit.ly\/3QdrqTZ\" target=\"_blank\">\n<img src=\"https:\/\/justicapotiguar.com.br\/wp-content\/uploads\/2023\/09\/mobile-geral.gif\"\/><a\/>--><\/div><style type=\"text\/css\">\r\n.srdqx69ee898894ae3 {\r\ntext-align: center;\r\n}\r\n@media screen and (min-width: 1201px) {\r\n.srdqx69ee898894ae3 {\r\ndisplay: none;\r\n}\r\n}\r\n@media screen and (min-width: 993px) and (max-width: 1200px) {\r\n.srdqx69ee898894ae3 {\r\ndisplay: none;\r\n}\r\n}\r\n@media screen and (min-width: 769px) and (max-width: 992px) {\r\n.srdqx69ee898894ae3 {\r\ndisplay: none;\r\n}\r\n}\r\n@media screen and (min-width: 768px) and (max-width: 768px) {\r\n.srdqx69ee898894ae3 {\r\ndisplay: block;\r\n}\r\n}\r\n@media screen and (max-width: 767px) {\r\n.srdqx69ee898894ae3 {\r\ndisplay: block;\r\n}\r\n}\r\n<\/style>\r\n<div class=\"ubgxb69ee898894ad0\" ><!--<a href=\"https:\/\/bit.ly\/3QdrqTZ\" target=\"_blank\">\n<img src=\"https:\/\/justicapotiguar.com.br\/wp-content\/uploads\/2023\/09\/desktop-geral.gif\"\/><a\/>--><\/div><style type=\"text\/css\">\r\n.ubgxb69ee898894ad0 {\r\ntext-align: center;\nmargin-bottom: 1em;\r\n}\r\n@media screen and (min-width: 1201px) {\r\n.ubgxb69ee898894ad0 {\r\ndisplay: block;\r\n}\r\n}\r\n@media screen and (min-width: 993px) and (max-width: 1200px) {\r\n.ubgxb69ee898894ad0 {\r\ndisplay: block;\r\n}\r\n}\r\n@media screen and (min-width: 769px) and (max-width: 992px) {\r\n.ubgxb69ee898894ad0 {\r\ndisplay: block;\r\n}\r\n}\r\n@media screen and (min-width: 768px) and (max-width: 768px) {\r\n.ubgxb69ee898894ad0 {\r\ndisplay: none;\r\n}\r\n}\r\n@media screen and (max-width: 767px) {\r\n.ubgxb69ee898894ad0 {\r\ndisplay: none;\r\n}\r\n}\r\n<\/style>\r\n\n\n\n\n<p>Fundada em 1978, a ABDT tem como objetivo fomentar o estudo e o desenvolvimento do Direito do Trabalho no Brasil, reunindo magistrados, advogados e acad\u00eamicos de destaque na \u00e1rea.<\/p>\n\n\n\n<p>A posse da nova diretoria est\u00e1 marcada para o dia 28 de maio, \u00e0s 17h, no Recife Expo Center, em solenidade aberta ao p\u00fablico.<br><br><em>Fonte: TRT21<\/em><\/p>\n","protected":false},"excerpt":{"rendered":"<p>A ABDT tem como objetivo fomentar o estudo e o desenvolvimento do Direito do Trabalho no Brasil, reunindo magistrados, advogados e acad\u00eamicos de destaque na \u00e1rea.<br \/><a class=\"more-link\" href=\"https:\/\/justicapotiguar.com.br\/index.php\/2026\/04\/02\/desembargador-do-trt-rn-e-eleito-para-diretoria-da-academia-brasileira-de-direito-do-trabalho\/\">Mais&#8230;<\/a><\/p>\n","protected":false},"author":8,"featured_media":0,"comment_status":"open","ping_status":"open","sticky":false,"template":"","format":"standard","meta":[],"categories":[3],"tags":[],"_links":{"self":[{"href":"https:\/\/justicapotiguar.com.br\/index.php\/wp-json\/wp\/v2\/posts\/52876"}],"collection":[{"href":"https:\/\/justicapotiguar.com.br\/index.php\/wp-json\/wp\/v2\/posts"}],"about":[{"href":"https:\/\/justicapotiguar.com.br\/index.php\/wp-json\/wp\/v2\/types\/post"}],"author":[{"embeddable":true,"href":"https:\/\/justicapotiguar.com.br\/index.php\/wp-json\/wp\/v2\/users\/8"}],"replies":[{"embeddable":true,"href":"https:\/\/justicapotiguar.com.br\/index.php\/wp-json\/wp\/v2\/comments?post=52876"}],"version-history":[{"count":1,"href":"https:\/\/justicapotiguar.com.br\/index.php\/wp-json\/wp\/v2\/posts\/52876\/revisions"}],"predecessor-version":[{"id":52877,"href":"https:\/\/justicapotiguar.com.br\/index.php\/wp-json\/wp\/v2\/posts\/52876\/revisions\/52877"}],"wp:attachment":[{"href":"https:\/\/justicapotiguar.com.br\/index.php\/wp-json\/wp\/v2\/media?parent=52876"}],"wp:term":[{"taxonomy":"category","embeddable":true,"href":"https:\/\/justicapotiguar.com.br\/index.php\/wp-json\/wp\/v2\/categories?post=52876"},{"taxonomy":"post_tag","embeddable":true,"href":"https:\/\/justicapotiguar.com.br\/index.php\/wp-json\/wp\/v2\/tags?post=52876"}],"curies":[{"name":"wp","href":"https:\/\/api.w.org\/{rel}","templated":true}]}}