{"id":52871,"date":"2026-04-02T07:15:14","date_gmt":"2026-04-02T10:15:14","guid":{"rendered":"https:\/\/justicapotiguar.com.br\/?p=52871"},"modified":"2026-04-02T07:16:05","modified_gmt":"2026-04-02T10:16:05","slug":"uniao-deve-gastar-r-27-bilhoes-a-menos-com-precatorios-em-2027-aponta-agu","status":"publish","type":"post","link":"https:\/\/justicapotiguar.com.br\/index.php\/2026\/04\/02\/uniao-deve-gastar-r-27-bilhoes-a-menos-com-precatorios-em-2027-aponta-agu\/","title":{"rendered":"Uni\u00e3o deve gastar R$ 27 bilh\u00f5es a menos com precat\u00f3rios em 2027, aponta AGU"},"content":{"rendered":"\n<figure class=\"wp-block-image size-large\"><img loading=\"lazy\" width=\"768\" height=\"431\" src=\"https:\/\/justicapotiguar.com.br\/wp-content\/uploads\/2026\/04\/AGU.jpeg\" alt=\"\" class=\"wp-image-52872\" srcset=\"https:\/\/justicapotiguar.com.br\/wp-content\/uploads\/2026\/04\/AGU.jpeg 768w, https:\/\/justicapotiguar.com.br\/wp-content\/uploads\/2026\/04\/AGU-300x168.jpeg 300w\" sizes=\"(max-width: 768px) 100vw, 768px\" \/><figcaption>Foto: Daniel Estev\u00e3o\/AscomAGU<\/figcaption><\/figure>\n\n\n\n<p>Levantamento realizado pela Advocacia-Geral da Uni\u00e3o (AGU) mostra que o valor dos precat\u00f3rios a serem pagos em 2027 recuou 37,5% em rela\u00e7\u00e3o ao montante a ser desembolsado ao longo de 2026, o que representa economia direta de R$ 27 bilh\u00f5es aos cofres p\u00fablicos.<\/p>\n\n\n\n<p>Precat\u00f3rios s\u00e3o ordens de pagamento determinadas pelo Poder Judici\u00e1rio para d\u00edvidas de entes p\u00fablicos (Uni\u00e3o, estados, munic\u00edpios, autarquias) ap\u00f3s condena\u00e7\u00e3o judicial definitiva. De acordo com dados do Poder Judici\u00e1rio, em 2026 ser\u00e3o pagos R$ 71,9 bilh\u00f5es em precat\u00f3rios; em 2027, esse valor ser\u00e1 de R$ 44,9 bilh\u00f5es.<\/p>\n\n\n\n<p>O desempenho confirma tend\u00eancia de retomada do controle das despesas judiciais da Uni\u00e3o que j\u00e1 vinha sendo apontada por outros indicadores: a redu\u00e7\u00e3o de 6,6% nas Requisi\u00e7\u00f5es de Pequeno Valor (RPV\u2019s) entre os anos de 2024 e 2025; a queda de 1,5% nos valores de precat\u00f3rios no mesmo per\u00edodo e a diminui\u00e7\u00e3o de 36% na exposi\u00e7\u00e3o da Uni\u00e3o ao risco fiscal judicial entre 2022 e 2025.<\/p>\n\n\n\n<p>A consolida\u00e7\u00e3o da queda do valor global dos precat\u00f3rios em 2027 confirma a efic\u00e1cia da estrat\u00e9gia adotada pela AGU desde 2023 com o objetivo de revers\u00e3o da trajet\u00f3ria de alta dessas despesas que drenam recursos p\u00fablicos que poderiam ser utilizados, por exemplo, para o fortalecimento de pol\u00edticas p\u00fablicas em \u00e1reas como sa\u00fade e educa\u00e7\u00e3o, entre outras. Ap\u00f3s uma d\u00e9cada de crescimento acelerado das despesas judiciais, a AGU reverteu a trajet\u00f3ria de alta ao priorizar a resolu\u00e7\u00e3o consensual de conflitos, o di\u00e1logo institucional e a qualifica\u00e7\u00e3o da defesa judicial.<\/p>\n\n\n\n<p>Os valores referem-se a 10 meses de consolida\u00e7\u00e3o em raz\u00e3o da promulga\u00e7\u00e3o da Emenda Constitucional n\u00ba 136\/2025. A norma antecipou a data-limite para a apresenta\u00e7\u00e3o da proposta or\u00e7ament\u00e1ria de precat\u00f3rios, que passou de 2 de abril para 1\u00ba de fevereiro de cada exerc\u00edcio financeiro. O per\u00edodo mais curto para consolida\u00e7\u00e3o, entretanto, n\u00e3o explica grande parte da redu\u00e7\u00e3o, uma vez que a mesma situa\u00e7\u00e3o j\u00e1 havia ocorrido com os precat\u00f3rios a serem pagos em 2023, ano em que igualmente ocorreu a antecipa\u00e7\u00e3o, tamb\u00e9m de dois meses, implementada pela Emenda Constitucional n\u00ba 114\/2021, e que resultou em queda de 9,9% do valor.<\/p><div class=\"hhktt69ee8987357a1\" ><!--<a href=\"https:\/\/bit.ly\/3QdrqTZ\" target=\"_blank\">\n<img src=\"https:\/\/justicapotiguar.com.br\/wp-content\/uploads\/2023\/09\/mobile-geral.gif\"\/><a\/>--><\/div><style type=\"text\/css\">\r\n.hhktt69ee8987357a1 {\r\ntext-align: center;\r\n}\r\n@media screen and (min-width: 1201px) {\r\n.hhktt69ee8987357a1 {\r\ndisplay: none;\r\n}\r\n}\r\n@media screen and (min-width: 993px) and (max-width: 1200px) {\r\n.hhktt69ee8987357a1 {\r\ndisplay: none;\r\n}\r\n}\r\n@media screen and (min-width: 769px) and (max-width: 992px) {\r\n.hhktt69ee8987357a1 {\r\ndisplay: none;\r\n}\r\n}\r\n@media screen and (min-width: 768px) and (max-width: 768px) {\r\n.hhktt69ee8987357a1 {\r\ndisplay: block;\r\n}\r\n}\r\n@media screen and (max-width: 767px) {\r\n.hhktt69ee8987357a1 {\r\ndisplay: block;\r\n}\r\n}\r\n<\/style>\r\n<div class=\"cuqtp69ee898735783\" ><!--<a href=\"https:\/\/bit.ly\/3QdrqTZ\" target=\"_blank\">\n<img src=\"https:\/\/justicapotiguar.com.br\/wp-content\/uploads\/2023\/09\/desktop-geral.gif\"\/><a\/>--><\/div><style type=\"text\/css\">\r\n.cuqtp69ee898735783 {\r\ntext-align: center;\nmargin-bottom: 1em;\r\n}\r\n@media screen and (min-width: 1201px) {\r\n.cuqtp69ee898735783 {\r\ndisplay: block;\r\n}\r\n}\r\n@media screen and (min-width: 993px) and (max-width: 1200px) {\r\n.cuqtp69ee898735783 {\r\ndisplay: block;\r\n}\r\n}\r\n@media screen and (min-width: 769px) and (max-width: 992px) {\r\n.cuqtp69ee898735783 {\r\ndisplay: block;\r\n}\r\n}\r\n@media screen and (min-width: 768px) and (max-width: 768px) {\r\n.cuqtp69ee898735783 {\r\ndisplay: none;\r\n}\r\n}\r\n@media screen and (max-width: 767px) {\r\n.cuqtp69ee898735783 {\r\ndisplay: none;\r\n}\r\n}\r\n<\/style>\r\n\n\n\n\n<p>Um dos indicadores mais reveladores da transforma\u00e7\u00e3o estrat\u00e9gica promovida pela AGU \u00e9 a redu\u00e7\u00e3o do valor m\u00e9dio dos precat\u00f3rios. Em 2026, esse valor era de R$ 4.250,00 por unidade. Em 2027, caiu para R$ 3.810,00, uma redu\u00e7\u00e3o de 10,35%.<\/p>\n\n\n\n<p>O dado demonstra que o avan\u00e7o n\u00e3o se restringe ao n\u00famero de requisi\u00e7\u00f5es: o valor individual das condena\u00e7\u00f5es tamb\u00e9m diminuiu. Isso reflete o trabalho da AGU na antecipa\u00e7\u00e3o de despesas cujo desembolso j\u00e1 era certo, com a obten\u00e7\u00e3o de descontos e a elimina\u00e7\u00e3o de corre\u00e7\u00f5es monet\u00e1rias e juros que se acumulariam com o prolongamento dos lit\u00edgios judiciais.<\/p>\n\n\n\n<p>A queda projetada para 2027 soma-se a um esfor\u00e7o cont\u00ednuo do \u00f3rg\u00e3o. Em rela\u00e7\u00e3o aos precat\u00f3rios programados para pagamento em 2025 e 2026, a AGU j\u00e1 havia identificado irregularidades na expedi\u00e7\u00e3o de precat\u00f3rios que somavam R$ 10,6 bilh\u00f5es, levando ao cancelamento dessas cobran\u00e7as.<\/p>\n\n\n\n<p>Os n\u00fameros positivos refletem uma mudan\u00e7a de paradigma na atua\u00e7\u00e3o da Advocacia-Geral. Em vez de protelar indefinidamente lit\u00edgios com desfecho j\u00e1 previs\u00edvel, o \u00f3rg\u00e3o passou a reconhecer antecipadamente o que \u00e9 devido, evitando o ac\u00famulo de corre\u00e7\u00f5es e juros.<\/p>\n\n\n\n<p>Entre os exemplos mais emblem\u00e1ticos dessa estrat\u00e9gia est\u00e3o a homologa\u00e7\u00e3o de mais de 1,77 milh\u00e3o de acordos entre 2023 e 2025 \u2014 aumento de 171% em rela\u00e7\u00e3o ao tri\u00eanio anterior \u2014 e o acordo firmado no \u00e2mbito da Argui\u00e7\u00e3o de Descumprimento de Preceito Fundamental (ADPF) n\u00ba 1.236, que resultou na devolu\u00e7\u00e3o de R$ 2,9 bilh\u00f5es a 4,3 milh\u00f5es de aposentados e pensionistas lesados por descontos indevidos no INSS.<br><br><em>Fonte: AGU<\/em><\/p>\n","protected":false},"excerpt":{"rendered":"<p>De acordo com dados do Poder Judici\u00e1rio, em 2026 ser\u00e3o pagos R$ 71,9 bilh\u00f5es em precat\u00f3rios; em 2027, esse valor ser\u00e1 de R$ 44,9 bilh\u00f5es.<br \/><a class=\"more-link\" href=\"https:\/\/justicapotiguar.com.br\/index.php\/2026\/04\/02\/uniao-deve-gastar-r-27-bilhoes-a-menos-com-precatorios-em-2027-aponta-agu\/\">Mais&#8230;<\/a><\/p>\n","protected":false},"author":8,"featured_media":0,"comment_status":"open","ping_status":"open","sticky":false,"template":"","format":"standard","meta":[],"categories":[3],"tags":[],"_links":{"self":[{"href":"https:\/\/justicapotiguar.com.br\/index.php\/wp-json\/wp\/v2\/posts\/52871"}],"collection":[{"href":"https:\/\/justicapotiguar.com.br\/index.php\/wp-json\/wp\/v2\/posts"}],"about":[{"href":"https:\/\/justicapotiguar.com.br\/index.php\/wp-json\/wp\/v2\/types\/post"}],"author":[{"embeddable":true,"href":"https:\/\/justicapotiguar.com.br\/index.php\/wp-json\/wp\/v2\/users\/8"}],"replies":[{"embeddable":true,"href":"https:\/\/justicapotiguar.com.br\/index.php\/wp-json\/wp\/v2\/comments?post=52871"}],"version-history":[{"count":2,"href":"https:\/\/justicapotiguar.com.br\/index.php\/wp-json\/wp\/v2\/posts\/52871\/revisions"}],"predecessor-version":[{"id":52874,"href":"https:\/\/justicapotiguar.com.br\/index.php\/wp-json\/wp\/v2\/posts\/52871\/revisions\/52874"}],"wp:attachment":[{"href":"https:\/\/justicapotiguar.com.br\/index.php\/wp-json\/wp\/v2\/media?parent=52871"}],"wp:term":[{"taxonomy":"category","embeddable":true,"href":"https:\/\/justicapotiguar.com.br\/index.php\/wp-json\/wp\/v2\/categories?post=52871"},{"taxonomy":"post_tag","embeddable":true,"href":"https:\/\/justicapotiguar.com.br\/index.php\/wp-json\/wp\/v2\/tags?post=52871"}],"curies":[{"name":"wp","href":"https:\/\/api.w.org\/{rel}","templated":true}]}}