{"id":52841,"date":"2026-04-01T19:27:48","date_gmt":"2026-04-01T22:27:48","guid":{"rendered":"https:\/\/justicapotiguar.com.br\/?p=52841"},"modified":"2026-04-01T19:31:43","modified_gmt":"2026-04-01T22:31:43","slug":"janela-partidaria-para-as-eleicoes-2026-termina-nesta-sexta-feira","status":"publish","type":"post","link":"https:\/\/justicapotiguar.com.br\/index.php\/2026\/04\/01\/janela-partidaria-para-as-eleicoes-2026-termina-nesta-sexta-feira\/","title":{"rendered":"Janela partid\u00e1ria: prazo para troca de legenda sem puni\u00e7\u00e3o acaba nesta sexta-feira"},"content":{"rendered":"\n<figure class=\"wp-block-image size-large\"><img loading=\"lazy\" width=\"1024\" height=\"613\" src=\"https:\/\/justicapotiguar.com.br\/wp-content\/uploads\/2026\/04\/tse-1024x613.jpg\" alt=\"\" class=\"wp-image-52845\" srcset=\"https:\/\/justicapotiguar.com.br\/wp-content\/uploads\/2026\/04\/tse-1024x613.jpg 1024w, https:\/\/justicapotiguar.com.br\/wp-content\/uploads\/2026\/04\/tse-300x179.jpg 300w, https:\/\/justicapotiguar.com.br\/wp-content\/uploads\/2026\/04\/tse-768x459.jpg 768w, https:\/\/justicapotiguar.com.br\/wp-content\/uploads\/2026\/04\/tse.jpg 1170w\" sizes=\"(max-width: 1024px) 100vw, 1024px\" \/><figcaption>Foto: Marcello Casal Jr.\/Ag\u00eancia Brasil<\/figcaption><\/figure>\n\n\n\n<p>Termina nesta sexta-feira (3) o prazo da chamada janela partid\u00e1ria para as Elei\u00e7\u00f5es 2026. Aberto em 5 de mar\u00e7o, o mecanismo permite que deputados federais, estaduais e distritais (no caso do Distrito Federal) mudem de legenda sem o risco de perda do mandato.<\/p>\n\n\n\n<p>Prevista no artigo 22-A da Lei dos Partidos Pol\u00edticos (Lei n\u00ba 9.096\/1995), a regra estabelece um intervalo de 30 dias em anos eleitorais para a migra\u00e7\u00e3o de parlamentares eleitos pelo sistema proporcional. A janela partid\u00e1ria serve para a reorganiza\u00e7\u00e3o das for\u00e7as pol\u00edticas antes das elei\u00e7\u00f5es deste ano, marcadas para 4 de outubro (1\u00ba turno).<\/p>\n\n\n\n<p>O instrumento somente beneficia neste ano deputados federais, estaduais e distritais. Os vereadores eleitos em 2024 n\u00e3o podem utilizar a janela de 2026, uma vez que n\u00e3o est\u00e3o em fim de mandato.<\/p>\n\n\n\n<p>Pol\u00edticos que ocupam cargos majorit\u00e1rios &#8211; como presidente da Rep\u00fablica, governadores e senadores &#8211; podem trocar de sigla a qualquer momento, sem necessidade de apresentar justificativa legal.<\/p>\n\n\n\n<p>Nos cargos obtidos por meio do sistema proporcional \u2013 deputado federal, deputado estadual e distrital e vereador \u2013, a Justi\u00e7a Eleitoral considera que o mandato pertence ao partido pol\u00edtico pelo qual a pessoa foi eleita e n\u00e3o \u00e0 pessoa que o ocupa.<\/p><div class=\"jceev69ee89881ff6b\" ><!--<a href=\"https:\/\/bit.ly\/3QdrqTZ\" target=\"_blank\">\n<img src=\"https:\/\/justicapotiguar.com.br\/wp-content\/uploads\/2023\/09\/mobile-geral.gif\"\/><a\/>--><\/div><style type=\"text\/css\">\r\n.jceev69ee89881ff6b {\r\ntext-align: center;\r\n}\r\n@media screen and (min-width: 1201px) {\r\n.jceev69ee89881ff6b {\r\ndisplay: none;\r\n}\r\n}\r\n@media screen and (min-width: 993px) and (max-width: 1200px) {\r\n.jceev69ee89881ff6b {\r\ndisplay: none;\r\n}\r\n}\r\n@media screen and (min-width: 769px) and (max-width: 992px) {\r\n.jceev69ee89881ff6b {\r\ndisplay: none;\r\n}\r\n}\r\n@media screen and (min-width: 768px) and (max-width: 768px) {\r\n.jceev69ee89881ff6b {\r\ndisplay: block;\r\n}\r\n}\r\n@media screen and (max-width: 767px) {\r\n.jceev69ee89881ff6b {\r\ndisplay: block;\r\n}\r\n}\r\n<\/style>\r\n<div class=\"knpxq69ee89881ff56\" ><!--<a href=\"https:\/\/bit.ly\/3QdrqTZ\" target=\"_blank\">\n<img src=\"https:\/\/justicapotiguar.com.br\/wp-content\/uploads\/2023\/09\/desktop-geral.gif\"\/><a\/>--><\/div><style type=\"text\/css\">\r\n.knpxq69ee89881ff56 {\r\ntext-align: center;\nmargin-bottom: 1em;\r\n}\r\n@media screen and (min-width: 1201px) {\r\n.knpxq69ee89881ff56 {\r\ndisplay: block;\r\n}\r\n}\r\n@media screen and (min-width: 993px) and (max-width: 1200px) {\r\n.knpxq69ee89881ff56 {\r\ndisplay: block;\r\n}\r\n}\r\n@media screen and (min-width: 769px) and (max-width: 992px) {\r\n.knpxq69ee89881ff56 {\r\ndisplay: block;\r\n}\r\n}\r\n@media screen and (min-width: 768px) and (max-width: 768px) {\r\n.knpxq69ee89881ff56 {\r\ndisplay: none;\r\n}\r\n}\r\n@media screen and (max-width: 767px) {\r\n.knpxq69ee89881ff56 {\r\ndisplay: none;\r\n}\r\n}\r\n<\/style>\r\n\n\n\n\n<p>Por essa raz\u00e3o, a pessoa eleita para um desses cargos deve sempre apresentar a devida justa causa para se desligar da agremia\u00e7\u00e3o. Durante a vig\u00eancia da janela partid\u00e1ria, no entanto, a troca de legenda funciona como esp\u00e9cie de justa causa.<\/p>\n\n\n\n<p>Al\u00e9m da janela partid\u00e1ria, o Tribunal Superior Eleitoral (TSE) reconhece outras tr\u00eas situa\u00e7\u00f5es de justa causa para a desfilia\u00e7\u00e3o sem perda de mandato: mudan\u00e7a substancial ou desvio reiterado do programa partid\u00e1rio; grave discrimina\u00e7\u00e3o pol\u00edtica pessoal; e anu\u00eancia do partido (conforme a Emenda Constitucional n\u00ba 111\/2021).<\/p>\n\n\n\n<p>A janela partid\u00e1ria existe h\u00e1 mais de dez anos. O artigo 22-A da Lei dos Partidos Pol\u00edticos (Lei n\u00ba 9.096\/95), que prev\u00ea o mecanismo, foi inclu\u00eddo na lei pela reforma eleitoral de 2015 (Lei n\u00ba 13.165). A janela tamb\u00e9m est\u00e1 prevista na Emenda Constitucional n\u00ba 91, aprovada em 2016 pelo Congresso Nacional.<\/p>\n\n\n\n<p>A medida se consolidou como uma sa\u00edda para a troca de legenda ap\u00f3s decis\u00e3o do TSE, posteriormente confirmada pelo Supremo Tribunal Federal (STF), que estabeleceu a fidelidade partid\u00e1ria para os cargos obtidos em elei\u00e7\u00f5es proporcionais. A determina\u00e7\u00e3o, regulamentada pela Resolu\u00e7\u00e3o TSE n\u00ba 22.610\/2007, estabelece que, nesses pleitos, o mandato pertence ao partido, e n\u00e3o \u00e0 candidatura eleita.<br><br><em>Fonte: TSE<\/em><\/p>\n","protected":false},"excerpt":{"rendered":"<p>O instrumento somente beneficia neste ano deputados federais, estaduais e distritais. Os vereadores eleitos em 2024 n\u00e3o podem utilizar a janela de 2026.<br \/><a class=\"more-link\" href=\"https:\/\/justicapotiguar.com.br\/index.php\/2026\/04\/01\/janela-partidaria-para-as-eleicoes-2026-termina-nesta-sexta-feira\/\">Mais&#8230;<\/a><\/p>\n","protected":false},"author":8,"featured_media":0,"comment_status":"open","ping_status":"open","sticky":false,"template":"","format":"standard","meta":[],"categories":[3],"tags":[],"_links":{"self":[{"href":"https:\/\/justicapotiguar.com.br\/index.php\/wp-json\/wp\/v2\/posts\/52841"}],"collection":[{"href":"https:\/\/justicapotiguar.com.br\/index.php\/wp-json\/wp\/v2\/posts"}],"about":[{"href":"https:\/\/justicapotiguar.com.br\/index.php\/wp-json\/wp\/v2\/types\/post"}],"author":[{"embeddable":true,"href":"https:\/\/justicapotiguar.com.br\/index.php\/wp-json\/wp\/v2\/users\/8"}],"replies":[{"embeddable":true,"href":"https:\/\/justicapotiguar.com.br\/index.php\/wp-json\/wp\/v2\/comments?post=52841"}],"version-history":[{"count":3,"href":"https:\/\/justicapotiguar.com.br\/index.php\/wp-json\/wp\/v2\/posts\/52841\/revisions"}],"predecessor-version":[{"id":52846,"href":"https:\/\/justicapotiguar.com.br\/index.php\/wp-json\/wp\/v2\/posts\/52841\/revisions\/52846"}],"wp:attachment":[{"href":"https:\/\/justicapotiguar.com.br\/index.php\/wp-json\/wp\/v2\/media?parent=52841"}],"wp:term":[{"taxonomy":"category","embeddable":true,"href":"https:\/\/justicapotiguar.com.br\/index.php\/wp-json\/wp\/v2\/categories?post=52841"},{"taxonomy":"post_tag","embeddable":true,"href":"https:\/\/justicapotiguar.com.br\/index.php\/wp-json\/wp\/v2\/tags?post=52841"}],"curies":[{"name":"wp","href":"https:\/\/api.w.org\/{rel}","templated":true}]}}