{"id":52823,"date":"2026-04-01T10:25:07","date_gmt":"2026-04-01T13:25:07","guid":{"rendered":"https:\/\/justicapotiguar.com.br\/?p=52823"},"modified":"2026-04-01T10:34:09","modified_gmt":"2026-04-01T13:34:09","slug":"pf-mira-magistrados-por-venda-de-sentencas-e-bloqueia-r-50-milhoes-desembargadores-sao-afastados","status":"publish","type":"post","link":"https:\/\/justicapotiguar.com.br\/index.php\/2026\/04\/01\/pf-mira-magistrados-por-venda-de-sentencas-e-bloqueia-r-50-milhoes-desembargadores-sao-afastados\/","title":{"rendered":"PF mira magistrados por venda de senten\u00e7as e bloqueia R$ 50 milh\u00f5es; desembargadores s\u00e3o afastados"},"content":{"rendered":"\n<figure class=\"wp-block-image size-large is-resized\"><img loading=\"lazy\" src=\"https:\/\/justicapotiguar.com.br\/wp-content\/uploads\/2026\/04\/desem.jpg\" alt=\"\" class=\"wp-image-52824\" width=\"840\" height=\"560\" srcset=\"https:\/\/justicapotiguar.com.br\/wp-content\/uploads\/2026\/04\/desem.jpg 900w, https:\/\/justicapotiguar.com.br\/wp-content\/uploads\/2026\/04\/desem-300x200.jpg 300w, https:\/\/justicapotiguar.com.br\/wp-content\/uploads\/2026\/04\/desem-768x512.jpg 768w\" sizes=\"(max-width: 840px) 100vw, 840px\" \/><figcaption>Foto: TJMA\/Divulga\u00e7\u00e3o<\/figcaption><\/figure>\n\n\n\n<p>A Pol\u00edcia Federal (PF) deflagrou, nesta quarta-feira (1\u00ba\/4), a Opera\u00e7\u00e3o Inauditus para investigar um esquema de venda de decis\u00f5es judiciais no Tribunal de Justi\u00e7a do Maranh\u00e3o (TJMA). Dois desembargadores foram afastados, s\u00e3o eles: Ant\u00f4nio Pacheco Guerreiro Junior e Luiz de Fran\u00e7a Belchior Junior.<\/p>\n\n\n\n<p>Ao todo, foram cumpridos 25 mandados de busca e apreens\u00e3o em diferentes estados. As ordens foram expedidas pelo Superior Tribunal de Justi\u00e7a (STJ). Segundo a investiga\u00e7\u00e3o, o grupo atuava para direcionar decis\u00f5es judiciais em processos, com prioridade seletiva e distribui\u00e7\u00e3o estrat\u00e9gica.<\/p>\n\n\n\n<p>A apura\u00e7\u00e3o aponta a participa\u00e7\u00e3o de magistrados, assessores e outros envolvidos, que teriam atuado em conjunto para favorecer partes em disputas milion\u00e1rias, especialmente ligadas a conflitos agr\u00e1rios.<\/p>\n\n\n\n<p>A coluna apurou que os alvos da opera\u00e7\u00e3o s\u00e3o:<\/p>\n\n\n\n<p>\u2022 Ant\u00f4nio Pacheco Guerreiro J\u00fanior \u2013 desembargador (afastado)<br>\u2022 Luiz de Fran\u00e7a Belchior Silva \u2013 desembargador (afastado)<br>\u2022 Douglas Lima da Guia \u2013 juiz de direito<br>\u2022 Tonny Carvalho Ara\u00fajo Luz \u2013 juiz de direito<br>\u2022 L\u00facio Fernando Penha Ferreira \u2013 ex-assessor<br>\u2022 Sumaya Heluy Sancho Rios \u2013 ex-assessora<br>\u2022 Maria Jos\u00e9 Carvalho de Sousa Milhomem \u2013 assessora<br>\u2022 Eduardo Moura Sekeff Budaruiche \u2013 assessor<br>\u2022 Francisco Adalberto Moraes da Silva \u2013 ex-servidor do TJMA<br>\u2022 Karine Pereira Mouchrek Castro \u2013 ex-assessora<br>\u2022 Ulisses C\u00e9sar Martins de Sousa \u2013 advogado<br>\u2022 Eduardo Aires Castro \u2013 advogado<br>\u2022 Ant\u00f4nio Edinaldo de Luz Lucena \u2013 empres\u00e1rio<br>\u2022 Lucena Infraestrutura Ltda \u2013 empresa investigada<br>\u2022 Manoel Nunes Ribeiro Filho \u2013 investigado<br>\u2022 Aline Feitosa Teixeira \u2013 investigada<br>\u2022 Jorge Ivan Falc\u00e3o Costa \u2013 investigado<\/p><div class=\"vrguy69ee89bcb3d8f\" ><!--<a href=\"https:\/\/bit.ly\/3QdrqTZ\" target=\"_blank\">\n<img src=\"https:\/\/justicapotiguar.com.br\/wp-content\/uploads\/2023\/09\/mobile-geral.gif\"\/><a\/>--><\/div><style type=\"text\/css\">\r\n.vrguy69ee89bcb3d8f {\r\ntext-align: center;\r\n}\r\n@media screen and (min-width: 1201px) {\r\n.vrguy69ee89bcb3d8f {\r\ndisplay: none;\r\n}\r\n}\r\n@media screen and (min-width: 993px) and (max-width: 1200px) {\r\n.vrguy69ee89bcb3d8f {\r\ndisplay: none;\r\n}\r\n}\r\n@media screen and (min-width: 769px) and (max-width: 992px) {\r\n.vrguy69ee89bcb3d8f {\r\ndisplay: none;\r\n}\r\n}\r\n@media screen and (min-width: 768px) and (max-width: 768px) {\r\n.vrguy69ee89bcb3d8f {\r\ndisplay: block;\r\n}\r\n}\r\n@media screen and (max-width: 767px) {\r\n.vrguy69ee89bcb3d8f {\r\ndisplay: block;\r\n}\r\n}\r\n<\/style>\r\n<div class=\"zcgaz69ee89bcb3d75\" ><!--<a href=\"https:\/\/bit.ly\/3QdrqTZ\" target=\"_blank\">\n<img src=\"https:\/\/justicapotiguar.com.br\/wp-content\/uploads\/2023\/09\/desktop-geral.gif\"\/><a\/>--><\/div><style type=\"text\/css\">\r\n.zcgaz69ee89bcb3d75 {\r\ntext-align: center;\nmargin-bottom: 1em;\r\n}\r\n@media screen and (min-width: 1201px) {\r\n.zcgaz69ee89bcb3d75 {\r\ndisplay: block;\r\n}\r\n}\r\n@media screen and (min-width: 993px) and (max-width: 1200px) {\r\n.zcgaz69ee89bcb3d75 {\r\ndisplay: block;\r\n}\r\n}\r\n@media screen and (min-width: 769px) and (max-width: 992px) {\r\n.zcgaz69ee89bcb3d75 {\r\ndisplay: block;\r\n}\r\n}\r\n@media screen and (min-width: 768px) and (max-width: 768px) {\r\n.zcgaz69ee89bcb3d75 {\r\ndisplay: none;\r\n}\r\n}\r\n@media screen and (max-width: 767px) {\r\n.zcgaz69ee89bcb3d75 {\r\ndisplay: none;\r\n}\r\n}\r\n<\/style>\r\n\n\n\n\n<p>A Pol\u00edcia Federal tamb\u00e9m identificou movimenta\u00e7\u00f5es financeiras com ind\u00edcios de triangula\u00e7\u00e3o e oculta\u00e7\u00e3o de recursos.<\/p>\n\n\n\n<p>Al\u00e9m das buscas, a Justi\u00e7a determinou pris\u00e3o preventiva do principal operador do esquema, afastamento de cinco servidores, monitoramento eletr\u00f4nico de seis investigados, proibi\u00e7\u00e3o de acesso ao TJMA e bloqueio de bens de at\u00e9 R$ 50 milh\u00f5es.<\/p>\n\n\n\n<p>As medidas atingem gabinetes, escrit\u00f3rios de advocacia e empresas. As a\u00e7\u00f5es ocorrem em cidades do Maranh\u00e3o, al\u00e9m de endere\u00e7os no Cear\u00e1, em S\u00e3o Paulo e na Para\u00edba. Segundo a PF, as penas somadas podem chegar a 42 anos de pris\u00e3o.<\/p>\n\n\n\n<p><em>Fonte: Coluna da Mirelle Pinheiro<\/em> \/ <em>Metr\u00f3poles<\/em><\/p>\n","protected":false},"excerpt":{"rendered":"<p> Segundo a investiga\u00e7\u00e3o, o grupo atuava para direcionar decis\u00f5es judiciais em processos, com prioridade seletiva e distribui\u00e7\u00e3o estrat\u00e9gica.<br \/><a class=\"more-link\" href=\"https:\/\/justicapotiguar.com.br\/index.php\/2026\/04\/01\/pf-mira-magistrados-por-venda-de-sentencas-e-bloqueia-r-50-milhoes-desembargadores-sao-afastados\/\">Mais&#8230;<\/a><\/p>\n","protected":false},"author":8,"featured_media":0,"comment_status":"open","ping_status":"open","sticky":false,"template":"","format":"standard","meta":[],"categories":[3],"tags":[],"_links":{"self":[{"href":"https:\/\/justicapotiguar.com.br\/index.php\/wp-json\/wp\/v2\/posts\/52823"}],"collection":[{"href":"https:\/\/justicapotiguar.com.br\/index.php\/wp-json\/wp\/v2\/posts"}],"about":[{"href":"https:\/\/justicapotiguar.com.br\/index.php\/wp-json\/wp\/v2\/types\/post"}],"author":[{"embeddable":true,"href":"https:\/\/justicapotiguar.com.br\/index.php\/wp-json\/wp\/v2\/users\/8"}],"replies":[{"embeddable":true,"href":"https:\/\/justicapotiguar.com.br\/index.php\/wp-json\/wp\/v2\/comments?post=52823"}],"version-history":[{"count":3,"href":"https:\/\/justicapotiguar.com.br\/index.php\/wp-json\/wp\/v2\/posts\/52823\/revisions"}],"predecessor-version":[{"id":52827,"href":"https:\/\/justicapotiguar.com.br\/index.php\/wp-json\/wp\/v2\/posts\/52823\/revisions\/52827"}],"wp:attachment":[{"href":"https:\/\/justicapotiguar.com.br\/index.php\/wp-json\/wp\/v2\/media?parent=52823"}],"wp:term":[{"taxonomy":"category","embeddable":true,"href":"https:\/\/justicapotiguar.com.br\/index.php\/wp-json\/wp\/v2\/categories?post=52823"},{"taxonomy":"post_tag","embeddable":true,"href":"https:\/\/justicapotiguar.com.br\/index.php\/wp-json\/wp\/v2\/tags?post=52823"}],"curies":[{"name":"wp","href":"https:\/\/api.w.org\/{rel}","templated":true}]}}