{"id":52785,"date":"2026-03-31T09:03:44","date_gmt":"2026-03-31T12:03:44","guid":{"rendered":"https:\/\/justicapotiguar.com.br\/?p=52785"},"modified":"2026-03-31T09:06:15","modified_gmt":"2026-03-31T12:06:15","slug":"mpf-pede-que-natal-retire-nomes-de-bens-publicos-ligados-a-ditadura-militar","status":"publish","type":"post","link":"https:\/\/justicapotiguar.com.br\/index.php\/2026\/03\/31\/mpf-pede-que-natal-retire-nomes-de-bens-publicos-ligados-a-ditadura-militar\/","title":{"rendered":"MPF pede que Natal retire nomes de bens p\u00fablicos ligados \u00e0 ditadura militar"},"content":{"rendered":"\n<figure class=\"wp-block-image size-large\"><img loading=\"lazy\" width=\"768\" height=\"511\" src=\"https:\/\/justicapotiguar.com.br\/wp-content\/uploads\/2026\/03\/foto_placa.png\" alt=\"\" class=\"wp-image-52787\" srcset=\"https:\/\/justicapotiguar.com.br\/wp-content\/uploads\/2026\/03\/foto_placa.png 768w, https:\/\/justicapotiguar.com.br\/wp-content\/uploads\/2026\/03\/foto_placa-300x200.png 300w\" sizes=\"(max-width: 768px) 100vw, 768px\" \/><figcaption>Foto: Reprodu\u00e7\u00e3o\/MPF<\/figcaption><\/figure>\n\n\n\n<p>O Minist\u00e9rio P\u00fablico Federal (MPF) entrou com uma a\u00e7\u00e3o civil p\u00fablica contra o munic\u00edpio do Natal para garantir a altera\u00e7\u00e3o do nome de bens e logradouros p\u00fablicos que fazem apologia ao golpe militar de 1964 ou a agentes da ditadura (que durou at\u00e9 1985). A iniciativa busca enfrentar os chamados \u2018legados da ditadura\u2019, que ainda persistem na capital potiguar, e foi tomada depois de a prefeitura e a C\u00e2mara Municipal demonstrarem omiss\u00e3o sobre o assunto.<\/p>\n\n\n\n<p>De acordo com a a\u00e7\u00e3o, assinada pelo procurador regional dos Direitos do Cidad\u00e3o, Emanuel Ferreira, a manuten\u00e7\u00e3o de homenagens a figuras ligadas \u00e0 repress\u00e3o n\u00e3o \u00e9 apenas uma quest\u00e3o de nomes em placas, mas uma pr\u00e1tica que ajuda a naturalizar ideologias extremistas, como as que levaram \u00e0 tentativa recente de golpe de estado, em janeiro de 2023, que teve em Natal um dos n\u00facleos de apoio, com os acampamentos e protestos realizados na avenida Hermes da Fonseca, em frente a um quartel do Ex\u00e9rcito.<\/p>\n\n\n\n<p>Celebrar o per\u00edodo autorit\u00e1rio enfraquece o regime democr\u00e1tico e pode incentivar movimentos que buscam a aboli\u00e7\u00e3o violenta do Estado de Direito. A exist\u00eancia de homenagens como as das ruas \u201c31 de Mar\u00e7o\u201d, \u201cPresidente Costa e Silva\u201d e \u201cPresidente M\u00e9dici\u201d em bairros de Natal fere a Constitui\u00e7\u00e3o Federal e os direitos humanos.<\/p>\n\n\n\n<p>A a\u00e7\u00e3o destaca que a altera\u00e7\u00e3o de nomes de bens p\u00fablicos depende apenas de um ato do prefeito, enquanto a mudan\u00e7a no nome de ruas exige que a C\u00e2mara Municipal crie uma lei espec\u00edfica. A prefeitura, no entanto, sequer respondeu \u00e0 recomenda\u00e7\u00e3o encaminhada pelo MPF, \u201cmesmo diante de reitera\u00e7\u00f5es do expediente e da ressalva de que a aus\u00eancia de resposta seria interpretada como recusa\u201d.<\/p>\n\n\n\n<p>Ao mesmo tempo, a C\u00e2mara Municipal tamb\u00e9m nunca aprovou normas que retirem as homenagens indevidas e pro\u00edbam novas irregularidades do tipo, apesar de j\u00e1 haver precedentes, como a lei que impede homenagens a ped\u00f3filos e estupradores em Natal.<\/p>\n\n\n\n<p>O procurador refor\u00e7a que o Brasil j\u00e1 foi condenado em cortes internacionais por n\u00e3o tratar adequadamente os reflexos da ditadura e a mudan\u00e7a desses nomes \u00e9 um passo essencial para a justi\u00e7a de transi\u00e7\u00e3o e para a preserva\u00e7\u00e3o da mem\u00f3ria das v\u00edtimas.<\/p><div class=\"rylot69ee8c0197eca\" ><!--<a href=\"https:\/\/bit.ly\/3QdrqTZ\" target=\"_blank\">\n<img src=\"https:\/\/justicapotiguar.com.br\/wp-content\/uploads\/2023\/09\/mobile-geral.gif\"\/><a\/>--><\/div><style type=\"text\/css\">\r\n.rylot69ee8c0197eca {\r\ntext-align: center;\r\n}\r\n@media screen and (min-width: 1201px) {\r\n.rylot69ee8c0197eca {\r\ndisplay: none;\r\n}\r\n}\r\n@media screen and (min-width: 993px) and (max-width: 1200px) {\r\n.rylot69ee8c0197eca {\r\ndisplay: none;\r\n}\r\n}\r\n@media screen and (min-width: 769px) and (max-width: 992px) {\r\n.rylot69ee8c0197eca {\r\ndisplay: none;\r\n}\r\n}\r\n@media screen and (min-width: 768px) and (max-width: 768px) {\r\n.rylot69ee8c0197eca {\r\ndisplay: block;\r\n}\r\n}\r\n@media screen and (max-width: 767px) {\r\n.rylot69ee8c0197eca {\r\ndisplay: block;\r\n}\r\n}\r\n<\/style>\r\n<div class=\"puqhs69ee8c0197eb4\" ><!--<a href=\"https:\/\/bit.ly\/3QdrqTZ\" target=\"_blank\">\n<img src=\"https:\/\/justicapotiguar.com.br\/wp-content\/uploads\/2023\/09\/desktop-geral.gif\"\/><a\/>--><\/div><style type=\"text\/css\">\r\n.puqhs69ee8c0197eb4 {\r\ntext-align: center;\nmargin-bottom: 1em;\r\n}\r\n@media screen and (min-width: 1201px) {\r\n.puqhs69ee8c0197eb4 {\r\ndisplay: block;\r\n}\r\n}\r\n@media screen and (min-width: 993px) and (max-width: 1200px) {\r\n.puqhs69ee8c0197eb4 {\r\ndisplay: block;\r\n}\r\n}\r\n@media screen and (min-width: 769px) and (max-width: 992px) {\r\n.puqhs69ee8c0197eb4 {\r\ndisplay: block;\r\n}\r\n}\r\n@media screen and (min-width: 768px) and (max-width: 768px) {\r\n.puqhs69ee8c0197eb4 {\r\ndisplay: none;\r\n}\r\n}\r\n@media screen and (max-width: 767px) {\r\n.puqhs69ee8c0197eb4 {\r\ndisplay: none;\r\n}\r\n}\r\n<\/style>\r\n\n\n\n\n<p>Al\u00e9m de a Constitui\u00e7\u00e3o Federal j\u00e1 estar em vigor h\u00e1 37 anos, a expectativa para que todas as inst\u00e2ncias legislativas do pa\u00eds adotem legisla\u00e7\u00f5es nesse sentido se intensificou nas \u00faltimas d\u00e9cadas, com a publica\u00e7\u00e3o do relat\u00f3rio final da Comiss\u00e3o Nacional da Verdade, em 2014, e devido a mais uma tentativa de golpe de estado, em 8 de janeiro de 2023.<\/p>\n\n\n\n<p>\u201cNenhum desses eventos, infelizmente, foi capaz de sensibilizar o poder legislativo local para que, exercendo o necess\u00e1rio papel de guardi\u00e3o pol\u00edtico da democracia, editasse lei proibindo as homenagens objeto desta a\u00e7\u00e3o\u201d, lamenta Emanuel Ferreira. Uma proposta de lei sobre o tema s\u00f3 surgiu ap\u00f3s a recomenda\u00e7\u00e3o do MPF, por\u00e9m, mais de um ano depois, ainda n\u00e3o foi aprovada. Al\u00e9m disso, a proposta chegou a ter parecer contr\u00e1rio na Comiss\u00e3o de Legisla\u00e7\u00e3o, Justi\u00e7a e Reda\u00e7\u00e3o Final.<\/p>\n\n\n\n<p>Na a\u00e7\u00e3o apresentada \u00e0 Justi\u00e7a, o MPF requer que a prefeitura e a C\u00e2mara Municipal de Natal sejam obrigados a:<\/p>\n\n\n\n<ul><li>Realizar um estudo t\u00e9cnico, em at\u00e9 90 dias, para identificar todos os bens p\u00fablicos com nomes de colaboradores da ditadura, sejam pr\u00e9dios, salas, audit\u00f3rios, centros culturais, escolas, vias, bairros e qualquer outro bem ou monumento p\u00fablico.<\/li><li>Modificar, no prazo de 120 dias, do nome desses bens e logradouros indicados no estudo t\u00e9cnico.<\/li><li>Publicar, tamb\u00e9m no prazo de 120 dias, nos sites, redes sociais e no di\u00e1rio oficial, os bens e logradouros renomeados e as raz\u00f5es das mudan\u00e7as.<\/li><\/ul>\n\n\n\n<p>Al\u00e9m disso, o MPF pede que a Justi\u00e7a Federal fixe um prazo para que a C\u00e2mara Municipal elabore uma norma proibindo nomes de vias e logradouros p\u00fablicos que contenham refer\u00eancias, elogios ou homenagens a colaboradores da ditadura.<\/p>\n\n\n\n<p><strong>A\u00e7\u00e3o Civil P\u00fablica n\u00ba 0010966-55.2026.4.05.8400<\/strong><br><br><em>Fonte: MPF<\/em><\/p>\n","protected":false},"excerpt":{"rendered":"<p>A a\u00e7\u00e3o destaca que a altera\u00e7\u00e3o de nomes de bens p\u00fablicos depende apenas de um ato do prefeito, enquanto a mudan\u00e7a no nome de ruas exige que a C\u00e2mara Municipal crie uma lei espec\u00edfica.<br \/><a class=\"more-link\" href=\"https:\/\/justicapotiguar.com.br\/index.php\/2026\/03\/31\/mpf-pede-que-natal-retire-nomes-de-bens-publicos-ligados-a-ditadura-militar\/\">Mais&#8230;<\/a><\/p>\n","protected":false},"author":8,"featured_media":0,"comment_status":"open","ping_status":"open","sticky":false,"template":"","format":"standard","meta":[],"categories":[3],"tags":[],"_links":{"self":[{"href":"https:\/\/justicapotiguar.com.br\/index.php\/wp-json\/wp\/v2\/posts\/52785"}],"collection":[{"href":"https:\/\/justicapotiguar.com.br\/index.php\/wp-json\/wp\/v2\/posts"}],"about":[{"href":"https:\/\/justicapotiguar.com.br\/index.php\/wp-json\/wp\/v2\/types\/post"}],"author":[{"embeddable":true,"href":"https:\/\/justicapotiguar.com.br\/index.php\/wp-json\/wp\/v2\/users\/8"}],"replies":[{"embeddable":true,"href":"https:\/\/justicapotiguar.com.br\/index.php\/wp-json\/wp\/v2\/comments?post=52785"}],"version-history":[{"count":3,"href":"https:\/\/justicapotiguar.com.br\/index.php\/wp-json\/wp\/v2\/posts\/52785\/revisions"}],"predecessor-version":[{"id":52789,"href":"https:\/\/justicapotiguar.com.br\/index.php\/wp-json\/wp\/v2\/posts\/52785\/revisions\/52789"}],"wp:attachment":[{"href":"https:\/\/justicapotiguar.com.br\/index.php\/wp-json\/wp\/v2\/media?parent=52785"}],"wp:term":[{"taxonomy":"category","embeddable":true,"href":"https:\/\/justicapotiguar.com.br\/index.php\/wp-json\/wp\/v2\/categories?post=52785"},{"taxonomy":"post_tag","embeddable":true,"href":"https:\/\/justicapotiguar.com.br\/index.php\/wp-json\/wp\/v2\/tags?post=52785"}],"curies":[{"name":"wp","href":"https:\/\/api.w.org\/{rel}","templated":true}]}}