{"id":52772,"date":"2026-03-30T21:35:51","date_gmt":"2026-03-31T00:35:51","guid":{"rendered":"https:\/\/justicapotiguar.com.br\/?p=52772"},"modified":"2026-03-30T21:41:41","modified_gmt":"2026-03-31T00:41:41","slug":"pgr-recorre-de-decisao-de-dino-que-derrubou-aposentadoria-compulsoria-como-maior-punicao-a-juizes","status":"publish","type":"post","link":"https:\/\/justicapotiguar.com.br\/index.php\/2026\/03\/30\/pgr-recorre-de-decisao-de-dino-que-derrubou-aposentadoria-compulsoria-como-maior-punicao-a-juizes\/","title":{"rendered":"PGR recorre de decis\u00e3o que derrubou aposentadoria compuls\u00f3ria como maior puni\u00e7\u00e3o a ju\u00edzes"},"content":{"rendered":"\n<figure class=\"wp-block-image size-large\"><img loading=\"lazy\" width=\"729\" height=\"503\" src=\"https:\/\/justicapotiguar.com.br\/wp-content\/uploads\/2026\/03\/PGR.jpg\" alt=\"\" class=\"wp-image-52776\" srcset=\"https:\/\/justicapotiguar.com.br\/wp-content\/uploads\/2026\/03\/PGR.jpg 729w, https:\/\/justicapotiguar.com.br\/wp-content\/uploads\/2026\/03\/PGR-300x207.jpg 300w\" sizes=\"(max-width: 729px) 100vw, 729px\" \/><figcaption>Foto: Victor Piemonte\/STF<\/figcaption><\/figure>\n\n\n\n<p>A Procuradoria-Geral da Rep\u00fablica (PGR) recorreu nesta segunda-feira (30) da decis\u00e3o do ministro Fl\u00e1vio Dino, do Supremo Tribunal Federal (STF), que determinou o fim da aposentadoria compuls\u00f3ria remunerada como penalidade m\u00e1xima imposta a ju\u00edzes.<\/p>\n\n\n\n<p>O pedido da PGR est\u00e1 em segredo de justi\u00e7a. Com o recurso, o caso deve ser levado para discuss\u00e3o no plen\u00e1rio do STF. A PGR entende que a aposentaria compuls\u00f3ria como puni\u00e7\u00e3o n\u00e3o foi extinta.<\/p>\n\n\n\n<p>Em 16 de mar\u00e7o, Dino determinou que o Conselho Nacional de Justi\u00e7a (CNJ) dever\u00e1 aplicar a perda do cargo de magistrado, e a consequente perda de sal\u00e1rio, como a maior puni\u00e7\u00e3o por viola\u00e7\u00f5es disciplinares. A maior pena de puni\u00e7\u00e3o passou a ser a perda do cargo.<\/p>\n\n\n\n<p>Ou seja, a aposentadoria compuls\u00f3ria deixa de ser a principal san\u00e7\u00e3o para casos mais graves. A medida era duramente criticada porque afastava o juiz da fun\u00e7\u00e3o, mas mantinha a remunera\u00e7\u00e3o mensal proporcional ao tempo de servi\u00e7o.<\/p><div class=\"wcdkr69ee7ad2ef8c0\" ><!--<a href=\"https:\/\/bit.ly\/3QdrqTZ\" target=\"_blank\">\n<img src=\"https:\/\/justicapotiguar.com.br\/wp-content\/uploads\/2023\/09\/mobile-geral.gif\"\/><a\/>--><\/div><style type=\"text\/css\">\r\n.wcdkr69ee7ad2ef8c0 {\r\ntext-align: center;\r\n}\r\n@media screen and (min-width: 1201px) {\r\n.wcdkr69ee7ad2ef8c0 {\r\ndisplay: none;\r\n}\r\n}\r\n@media screen and (min-width: 993px) and (max-width: 1200px) {\r\n.wcdkr69ee7ad2ef8c0 {\r\ndisplay: none;\r\n}\r\n}\r\n@media screen and (min-width: 769px) and (max-width: 992px) {\r\n.wcdkr69ee7ad2ef8c0 {\r\ndisplay: none;\r\n}\r\n}\r\n@media screen and (min-width: 768px) and (max-width: 768px) {\r\n.wcdkr69ee7ad2ef8c0 {\r\ndisplay: block;\r\n}\r\n}\r\n@media screen and (max-width: 767px) {\r\n.wcdkr69ee7ad2ef8c0 {\r\ndisplay: block;\r\n}\r\n}\r\n<\/style>\r\n<div class=\"jzyva69ee7ad2ef8ab\" ><!--<a href=\"https:\/\/bit.ly\/3QdrqTZ\" target=\"_blank\">\n<img src=\"https:\/\/justicapotiguar.com.br\/wp-content\/uploads\/2023\/09\/desktop-geral.gif\"\/><a\/>--><\/div><style type=\"text\/css\">\r\n.jzyva69ee7ad2ef8ab {\r\ntext-align: center;\nmargin-bottom: 1em;\r\n}\r\n@media screen and (min-width: 1201px) {\r\n.jzyva69ee7ad2ef8ab {\r\ndisplay: block;\r\n}\r\n}\r\n@media screen and (min-width: 993px) and (max-width: 1200px) {\r\n.jzyva69ee7ad2ef8ab {\r\ndisplay: block;\r\n}\r\n}\r\n@media screen and (min-width: 769px) and (max-width: 992px) {\r\n.jzyva69ee7ad2ef8ab {\r\ndisplay: block;\r\n}\r\n}\r\n@media screen and (min-width: 768px) and (max-width: 768px) {\r\n.jzyva69ee7ad2ef8ab {\r\ndisplay: none;\r\n}\r\n}\r\n@media screen and (max-width: 767px) {\r\n.jzyva69ee7ad2ef8ab {\r\ndisplay: none;\r\n}\r\n}\r\n<\/style>\r\n\n\n\n\n<p>A medida vale para ju\u00edzes e ministros de todos os tribunais, menos o Supremo Tribunal Federal (STF).<\/p>\n\n\n\n<p>Segundo Dino, a pena de aposentadoria compuls\u00f3ria n\u00e3o cabe &#8220;no ordenamento jur\u00eddico vigente&#8221;. Por isso, magistrados que cometem crimes n\u00e3o poder\u00e3o ser sancionados com a medida.<\/p>\n\n\n\n<p><em>Fonte: g1<\/em><\/p>\n","protected":false},"excerpt":{"rendered":"<p>O pedido da Procuradoria-Geral da Rep\u00fablica est\u00e1 em segredo de justi\u00e7a. Com o recurso, o caso deve ser levado para discuss\u00e3o no plen\u00e1rio do STF. <br \/><a class=\"more-link\" href=\"https:\/\/justicapotiguar.com.br\/index.php\/2026\/03\/30\/pgr-recorre-de-decisao-de-dino-que-derrubou-aposentadoria-compulsoria-como-maior-punicao-a-juizes\/\">Mais&#8230;<\/a><\/p>\n","protected":false},"author":8,"featured_media":0,"comment_status":"open","ping_status":"open","sticky":false,"template":"","format":"standard","meta":[],"categories":[3],"tags":[],"_links":{"self":[{"href":"https:\/\/justicapotiguar.com.br\/index.php\/wp-json\/wp\/v2\/posts\/52772"}],"collection":[{"href":"https:\/\/justicapotiguar.com.br\/index.php\/wp-json\/wp\/v2\/posts"}],"about":[{"href":"https:\/\/justicapotiguar.com.br\/index.php\/wp-json\/wp\/v2\/types\/post"}],"author":[{"embeddable":true,"href":"https:\/\/justicapotiguar.com.br\/index.php\/wp-json\/wp\/v2\/users\/8"}],"replies":[{"embeddable":true,"href":"https:\/\/justicapotiguar.com.br\/index.php\/wp-json\/wp\/v2\/comments?post=52772"}],"version-history":[{"count":3,"href":"https:\/\/justicapotiguar.com.br\/index.php\/wp-json\/wp\/v2\/posts\/52772\/revisions"}],"predecessor-version":[{"id":52777,"href":"https:\/\/justicapotiguar.com.br\/index.php\/wp-json\/wp\/v2\/posts\/52772\/revisions\/52777"}],"wp:attachment":[{"href":"https:\/\/justicapotiguar.com.br\/index.php\/wp-json\/wp\/v2\/media?parent=52772"}],"wp:term":[{"taxonomy":"category","embeddable":true,"href":"https:\/\/justicapotiguar.com.br\/index.php\/wp-json\/wp\/v2\/categories?post=52772"},{"taxonomy":"post_tag","embeddable":true,"href":"https:\/\/justicapotiguar.com.br\/index.php\/wp-json\/wp\/v2\/tags?post=52772"}],"curies":[{"name":"wp","href":"https:\/\/api.w.org\/{rel}","templated":true}]}}