{"id":52767,"date":"2026-03-30T20:50:37","date_gmt":"2026-03-30T23:50:37","guid":{"rendered":"https:\/\/justicapotiguar.com.br\/?p=52767"},"modified":"2026-03-30T20:53:38","modified_gmt":"2026-03-30T23:53:38","slug":"vara-determina-bloqueio-provisorio-de-r-332-mil-das-contas-do-america-s-a-f","status":"publish","type":"post","link":"https:\/\/justicapotiguar.com.br\/index.php\/2026\/03\/30\/vara-determina-bloqueio-provisorio-de-r-332-mil-das-contas-do-america-s-a-f\/","title":{"rendered":"Vara determina bloqueio provis\u00f3rio de R$ 332 mil das contas do Am\u00e9rica S.A.F"},"content":{"rendered":"\n<figure class=\"wp-block-image size-large\"><img loading=\"lazy\" width=\"1024\" height=\"683\" src=\"https:\/\/justicapotiguar.com.br\/wp-content\/uploads\/2026\/03\/america-1024x683.jpeg\" alt=\"\" class=\"wp-image-52769\" srcset=\"https:\/\/justicapotiguar.com.br\/wp-content\/uploads\/2026\/03\/america-1024x683.jpeg 1024w, https:\/\/justicapotiguar.com.br\/wp-content\/uploads\/2026\/03\/america-300x200.jpeg 300w, https:\/\/justicapotiguar.com.br\/wp-content\/uploads\/2026\/03\/america-768x512.jpeg 768w, https:\/\/justicapotiguar.com.br\/wp-content\/uploads\/2026\/03\/america-1536x1024.jpeg 1536w, https:\/\/justicapotiguar.com.br\/wp-content\/uploads\/2026\/03\/america.jpeg 2048w\" sizes=\"(max-width: 1024px) 100vw, 1024px\" \/><\/figure>\n\n\n\n<p>A 3\u00aa Vara do Trabalho de Natal determinou o bloqueio de R$ 332 mil nas contas do clube Am\u00e9rica de Natal S.A.F, em a\u00e7\u00e3o movida pelo ex-jogador Matheus Cotulio Bossa (Matheusinho). O processo atualmente se encontra em fase de recurso no Tribunal Superior do Trabalho (TST).<\/p>\n\n\n\n<p>O bloqueio, determinado pelo juiz D\u00e9cio Teixeira de Carvalho J\u00fanior, \u00e9 provis\u00f3rio e visa garantir o pagamento ao jogador, caso o TST confirme a condena\u00e7\u00e3o inicial da Justi\u00e7a do Trabalho no RN em favor do atleta Matheusinho. A condena\u00e7\u00e3o foi para pagamento de verbas trabalhistas no per\u00edodo em que jogou no Clube.<\/p><div class=\"rqzqh69ee7a2a225a2\" ><!--<a href=\"https:\/\/bit.ly\/3QdrqTZ\" target=\"_blank\">\n<img src=\"https:\/\/justicapotiguar.com.br\/wp-content\/uploads\/2023\/09\/mobile-geral.gif\"\/><a\/>--><\/div><style type=\"text\/css\">\r\n.rqzqh69ee7a2a225a2 {\r\ntext-align: center;\r\n}\r\n@media screen and (min-width: 1201px) {\r\n.rqzqh69ee7a2a225a2 {\r\ndisplay: none;\r\n}\r\n}\r\n@media screen and (min-width: 993px) and (max-width: 1200px) {\r\n.rqzqh69ee7a2a225a2 {\r\ndisplay: none;\r\n}\r\n}\r\n@media screen and (min-width: 769px) and (max-width: 992px) {\r\n.rqzqh69ee7a2a225a2 {\r\ndisplay: none;\r\n}\r\n}\r\n@media screen and (min-width: 768px) and (max-width: 768px) {\r\n.rqzqh69ee7a2a225a2 {\r\ndisplay: block;\r\n}\r\n}\r\n@media screen and (max-width: 767px) {\r\n.rqzqh69ee7a2a225a2 {\r\ndisplay: block;\r\n}\r\n}\r\n<\/style>\r\n<div class=\"whcme69ee7a2a2257f\" ><!--<a href=\"https:\/\/bit.ly\/3QdrqTZ\" target=\"_blank\">\n<img src=\"https:\/\/justicapotiguar.com.br\/wp-content\/uploads\/2023\/09\/desktop-geral.gif\"\/><a\/>--><\/div><style type=\"text\/css\">\r\n.whcme69ee7a2a2257f {\r\ntext-align: center;\nmargin-bottom: 1em;\r\n}\r\n@media screen and (min-width: 1201px) {\r\n.whcme69ee7a2a2257f {\r\ndisplay: block;\r\n}\r\n}\r\n@media screen and (min-width: 993px) and (max-width: 1200px) {\r\n.whcme69ee7a2a2257f {\r\ndisplay: block;\r\n}\r\n}\r\n@media screen and (min-width: 769px) and (max-width: 992px) {\r\n.whcme69ee7a2a2257f {\r\ndisplay: block;\r\n}\r\n}\r\n@media screen and (min-width: 768px) and (max-width: 768px) {\r\n.whcme69ee7a2a2257f {\r\ndisplay: none;\r\n}\r\n}\r\n@media screen and (max-width: 767px) {\r\n.whcme69ee7a2a2257f {\r\ndisplay: none;\r\n}\r\n}\r\n<\/style>\r\n\n\n\n\n<p><em>Fonte: TRT21<\/em><\/p>\n","protected":false},"excerpt":{"rendered":"<p>O bloqueio \u00e9 provis\u00f3rio e tem como objetivo garantir o pagamento ao jogador, caso o TST confirme a condena\u00e7\u00e3o inicial proferida pela Justi\u00e7a do Trabalho do RN em favor do atleta Matheusinho.<br \/><a class=\"more-link\" href=\"https:\/\/justicapotiguar.com.br\/index.php\/2026\/03\/30\/vara-determina-bloqueio-provisorio-de-r-332-mil-das-contas-do-america-s-a-f\/\">Mais&#8230;<\/a><\/p>\n","protected":false},"author":8,"featured_media":0,"comment_status":"open","ping_status":"open","sticky":false,"template":"","format":"standard","meta":[],"categories":[3],"tags":[],"_links":{"self":[{"href":"https:\/\/justicapotiguar.com.br\/index.php\/wp-json\/wp\/v2\/posts\/52767"}],"collection":[{"href":"https:\/\/justicapotiguar.com.br\/index.php\/wp-json\/wp\/v2\/posts"}],"about":[{"href":"https:\/\/justicapotiguar.com.br\/index.php\/wp-json\/wp\/v2\/types\/post"}],"author":[{"embeddable":true,"href":"https:\/\/justicapotiguar.com.br\/index.php\/wp-json\/wp\/v2\/users\/8"}],"replies":[{"embeddable":true,"href":"https:\/\/justicapotiguar.com.br\/index.php\/wp-json\/wp\/v2\/comments?post=52767"}],"version-history":[{"count":2,"href":"https:\/\/justicapotiguar.com.br\/index.php\/wp-json\/wp\/v2\/posts\/52767\/revisions"}],"predecessor-version":[{"id":52771,"href":"https:\/\/justicapotiguar.com.br\/index.php\/wp-json\/wp\/v2\/posts\/52767\/revisions\/52771"}],"wp:attachment":[{"href":"https:\/\/justicapotiguar.com.br\/index.php\/wp-json\/wp\/v2\/media?parent=52767"}],"wp:term":[{"taxonomy":"category","embeddable":true,"href":"https:\/\/justicapotiguar.com.br\/index.php\/wp-json\/wp\/v2\/categories?post=52767"},{"taxonomy":"post_tag","embeddable":true,"href":"https:\/\/justicapotiguar.com.br\/index.php\/wp-json\/wp\/v2\/tags?post=52767"}],"curies":[{"name":"wp","href":"https:\/\/api.w.org\/{rel}","templated":true}]}}