{"id":52754,"date":"2026-03-30T19:13:52","date_gmt":"2026-03-30T22:13:52","guid":{"rendered":"https:\/\/justicapotiguar.com.br\/?p=52754"},"modified":"2026-03-30T19:22:38","modified_gmt":"2026-03-30T22:22:38","slug":"tjrn-reforma-decisao-que-suspendia-contratacao-de-assessoria-juridica-por-inexigibilidade-em-arez","status":"publish","type":"post","link":"https:\/\/justicapotiguar.com.br\/index.php\/2026\/03\/30\/tjrn-reforma-decisao-que-suspendia-contratacao-de-assessoria-juridica-por-inexigibilidade-em-arez\/","title":{"rendered":"TJRN reforma decis\u00e3o e libera contrata\u00e7\u00e3o de assessoria jur\u00eddica pela C\u00e2mara de Arez"},"content":{"rendered":"\n<p>A Segunda C\u00e2mara C\u00edvel do Tribunal de Justi\u00e7a do Rio Grande do Norte (TJRN) deu provimento ao Agravo de Instrumento interposto pela C\u00e2mara Municipal de Arez e reformou decis\u00e3o de primeiro grau que havia suspendido a contrata\u00e7\u00e3o de servi\u00e7os jur\u00eddicos por inexigibilidade de licita\u00e7\u00e3o. O julgamento teve como relatora a desembargadora Martha Danyelle Santanna Costa Barbosa.<\/p>\n\n\n\n<p>A decis\u00e3o recorrida determinava que o Legislativo municipal se abstivesse de celebrar contratos de assessoria jur\u00eddica por inexigibilidade, executasse os servi\u00e7os exclusivamente por servidores efetivos, enviasse projeto de lei para estruturar o setor jur\u00eddico e realizasse concurso p\u00fablico no prazo de 12 meses.<\/p>\n\n\n\n<p>Ao analisar o caso, o colegiado entendeu que n\u00e3o estavam presentes os requisitos do artigo 300 do C\u00f3digo de Processo Civil \u2014 probabilidade do direito e perigo de dano \u2014 necess\u00e1rios \u00e0 concess\u00e3o de tutela de urg\u00eancia. Segundo o ac\u00f3rd\u00e3o, a Lei n\u00ba 14.133\/2021 (Nova Lei de Licita\u00e7\u00f5es) admite a contrata\u00e7\u00e3o direta de servi\u00e7os jur\u00eddicos por inexigibilidade, desde que observados os crit\u00e9rios legais e demonstrada a efetiva presta\u00e7\u00e3o dos servi\u00e7os.<\/p><div class=\"zfywk69ee7c588d2fc\" ><!--<a href=\"https:\/\/bit.ly\/3QdrqTZ\" target=\"_blank\">\n<img src=\"https:\/\/justicapotiguar.com.br\/wp-content\/uploads\/2023\/09\/mobile-geral.gif\"\/><a\/>--><\/div><style type=\"text\/css\">\r\n.zfywk69ee7c588d2fc {\r\ntext-align: center;\r\n}\r\n@media screen and (min-width: 1201px) {\r\n.zfywk69ee7c588d2fc {\r\ndisplay: none;\r\n}\r\n}\r\n@media screen and (min-width: 993px) and (max-width: 1200px) {\r\n.zfywk69ee7c588d2fc {\r\ndisplay: none;\r\n}\r\n}\r\n@media screen and (min-width: 769px) and (max-width: 992px) {\r\n.zfywk69ee7c588d2fc {\r\ndisplay: none;\r\n}\r\n}\r\n@media screen and (min-width: 768px) and (max-width: 768px) {\r\n.zfywk69ee7c588d2fc {\r\ndisplay: block;\r\n}\r\n}\r\n@media screen and (max-width: 767px) {\r\n.zfywk69ee7c588d2fc {\r\ndisplay: block;\r\n}\r\n}\r\n<\/style>\r\n<div class=\"adrak69ee7c588d2e4\" ><!--<a href=\"https:\/\/bit.ly\/3QdrqTZ\" target=\"_blank\">\n<img src=\"https:\/\/justicapotiguar.com.br\/wp-content\/uploads\/2023\/09\/desktop-geral.gif\"\/><a\/>--><\/div><style type=\"text\/css\">\r\n.adrak69ee7c588d2e4 {\r\ntext-align: center;\nmargin-bottom: 1em;\r\n}\r\n@media screen and (min-width: 1201px) {\r\n.adrak69ee7c588d2e4 {\r\ndisplay: block;\r\n}\r\n}\r\n@media screen and (min-width: 993px) and (max-width: 1200px) {\r\n.adrak69ee7c588d2e4 {\r\ndisplay: block;\r\n}\r\n}\r\n@media screen and (min-width: 769px) and (max-width: 992px) {\r\n.adrak69ee7c588d2e4 {\r\ndisplay: block;\r\n}\r\n}\r\n@media screen and (min-width: 768px) and (max-width: 768px) {\r\n.adrak69ee7c588d2e4 {\r\ndisplay: none;\r\n}\r\n}\r\n@media screen and (max-width: 767px) {\r\n.adrak69ee7c588d2e4 {\r\ndisplay: none;\r\n}\r\n}\r\n<\/style>\r\n\n\n\n\n<p>Em an\u00e1lise preliminar, n\u00e3o foram identificados elementos que evidenciassem ilegalidade na contrata\u00e7\u00e3o. A relatora destacou ainda que a suspens\u00e3o de contrato aparentemente regular poderia causar preju\u00edzo \u00e0 Administra\u00e7\u00e3o, ao impedir a continuidade dos servi\u00e7os jur\u00eddicos necess\u00e1rios ao funcionamento do ente p\u00fablico. Com a decis\u00e3o un\u00e2nime, foi reformada a determina\u00e7\u00e3o de primeiro grau, permanecendo v\u00e1lida, neste momento processual, a contrata\u00e7\u00e3o questionada, sem preju\u00edzo da an\u00e1lise do m\u00e9rito na a\u00e7\u00e3o principal.<\/p>\n\n\n\n<p><em>Fonte: TJRN<\/em><\/p>\n","protected":false},"excerpt":{"rendered":"<p>Segundo o ac\u00f3rd\u00e3o, a Lei n\u00ba 14.133\/2021 (Nova Lei de Licita\u00e7\u00f5es) admite a contrata\u00e7\u00e3o direta de servi\u00e7os jur\u00eddicos por inexigibilidade, desde que observados os crit\u00e9rios legais.<br \/><a class=\"more-link\" href=\"https:\/\/justicapotiguar.com.br\/index.php\/2026\/03\/30\/tjrn-reforma-decisao-que-suspendia-contratacao-de-assessoria-juridica-por-inexigibilidade-em-arez\/\">Mais&#8230;<\/a><\/p>\n","protected":false},"author":8,"featured_media":0,"comment_status":"open","ping_status":"open","sticky":false,"template":"","format":"standard","meta":[],"categories":[3],"tags":[],"_links":{"self":[{"href":"https:\/\/justicapotiguar.com.br\/index.php\/wp-json\/wp\/v2\/posts\/52754"}],"collection":[{"href":"https:\/\/justicapotiguar.com.br\/index.php\/wp-json\/wp\/v2\/posts"}],"about":[{"href":"https:\/\/justicapotiguar.com.br\/index.php\/wp-json\/wp\/v2\/types\/post"}],"author":[{"embeddable":true,"href":"https:\/\/justicapotiguar.com.br\/index.php\/wp-json\/wp\/v2\/users\/8"}],"replies":[{"embeddable":true,"href":"https:\/\/justicapotiguar.com.br\/index.php\/wp-json\/wp\/v2\/comments?post=52754"}],"version-history":[{"count":4,"href":"https:\/\/justicapotiguar.com.br\/index.php\/wp-json\/wp\/v2\/posts\/52754\/revisions"}],"predecessor-version":[{"id":52759,"href":"https:\/\/justicapotiguar.com.br\/index.php\/wp-json\/wp\/v2\/posts\/52754\/revisions\/52759"}],"wp:attachment":[{"href":"https:\/\/justicapotiguar.com.br\/index.php\/wp-json\/wp\/v2\/media?parent=52754"}],"wp:term":[{"taxonomy":"category","embeddable":true,"href":"https:\/\/justicapotiguar.com.br\/index.php\/wp-json\/wp\/v2\/categories?post=52754"},{"taxonomy":"post_tag","embeddable":true,"href":"https:\/\/justicapotiguar.com.br\/index.php\/wp-json\/wp\/v2\/tags?post=52754"}],"curies":[{"name":"wp","href":"https:\/\/api.w.org\/{rel}","templated":true}]}}