{"id":52748,"date":"2026-03-30T15:42:17","date_gmt":"2026-03-30T18:42:17","guid":{"rendered":"https:\/\/justicapotiguar.com.br\/?p=52748"},"modified":"2026-03-30T16:04:30","modified_gmt":"2026-03-30T19:04:30","slug":"justica-nega-acesso-de-mae-a-perfil-de-filho-falecido-por-violacao-de-privacidade","status":"publish","type":"post","link":"https:\/\/justicapotiguar.com.br\/index.php\/2026\/03\/30\/justica-nega-acesso-de-mae-a-perfil-de-filho-falecido-por-violacao-de-privacidade\/","title":{"rendered":"Justi\u00e7a nega acesso de m\u00e3e a perfil de filho falecido por viola\u00e7\u00e3o de privacidade"},"content":{"rendered":"\n<figure class=\"wp-block-image size-large\"><img loading=\"lazy\" width=\"1024\" height=\"743\" src=\"https:\/\/justicapotiguar.com.br\/wp-content\/uploads\/2026\/03\/mulher-6-1024x743.jpg\" alt=\"\" class=\"wp-image-52752\" srcset=\"https:\/\/justicapotiguar.com.br\/wp-content\/uploads\/2026\/03\/mulher-6-1024x743.jpg 1024w, https:\/\/justicapotiguar.com.br\/wp-content\/uploads\/2026\/03\/mulher-6-300x218.jpg 300w, https:\/\/justicapotiguar.com.br\/wp-content\/uploads\/2026\/03\/mulher-6-768x557.jpg 768w, https:\/\/justicapotiguar.com.br\/wp-content\/uploads\/2026\/03\/mulher-6-1536x1115.jpg 1536w, https:\/\/justicapotiguar.com.br\/wp-content\/uploads\/2026\/03\/mulher-6-2048x1486.jpg 2048w\" sizes=\"(max-width: 1024px) 100vw, 1024px\" \/><figcaption>Foto: Freepik<\/figcaption><\/figure>\n\n\n\n<p>A 32\u00aa C\u00e2mara de Direito Privado do TJ-SP manteve decis\u00e3o que negou a uma mulher acesso ao perfil do filho falecido em rede social, por entender que isso violaria a intimidade do usu\u00e1rio.<\/p>\n\n\n\n<p>O relator, desembargador Marcus Vinicius Rios Gon\u00e7alves, destacou que n\u00e3o h\u00e1 lei espec\u00edfica sobre heran\u00e7a digital no Brasil. Segundo ele, esses bens podem ter valor econ\u00f4mico, mas tamb\u00e9m envolvem direitos da personalidade, como dados privados.<\/p>\n\n\n\n<p>Assim, conte\u00fados como e-mails e fotos n\u00e3o integram automaticamente a heran\u00e7a e permanecem protegidos, mesmo ap\u00f3s a morte. O magistrado tamb\u00e9m observou que a pr\u00f3pria rede social permite ao usu\u00e1rio definir, em vida, o destino da conta, o que n\u00e3o ocorreu no caso.<\/p><div class=\"osqsm69ee7bfc8f3c8\" ><!--<a href=\"https:\/\/bit.ly\/3QdrqTZ\" target=\"_blank\">\n<img src=\"https:\/\/justicapotiguar.com.br\/wp-content\/uploads\/2023\/09\/mobile-geral.gif\"\/><a\/>--><\/div><style type=\"text\/css\">\r\n.osqsm69ee7bfc8f3c8 {\r\ntext-align: center;\r\n}\r\n@media screen and (min-width: 1201px) {\r\n.osqsm69ee7bfc8f3c8 {\r\ndisplay: none;\r\n}\r\n}\r\n@media screen and (min-width: 993px) and (max-width: 1200px) {\r\n.osqsm69ee7bfc8f3c8 {\r\ndisplay: none;\r\n}\r\n}\r\n@media screen and (min-width: 769px) and (max-width: 992px) {\r\n.osqsm69ee7bfc8f3c8 {\r\ndisplay: none;\r\n}\r\n}\r\n@media screen and (min-width: 768px) and (max-width: 768px) {\r\n.osqsm69ee7bfc8f3c8 {\r\ndisplay: block;\r\n}\r\n}\r\n@media screen and (max-width: 767px) {\r\n.osqsm69ee7bfc8f3c8 {\r\ndisplay: block;\r\n}\r\n}\r\n<\/style>\r\n<div class=\"lnbwl69ee7bfc8f3aa\" ><!--<a href=\"https:\/\/bit.ly\/3QdrqTZ\" target=\"_blank\">\n<img src=\"https:\/\/justicapotiguar.com.br\/wp-content\/uploads\/2023\/09\/desktop-geral.gif\"\/><a\/>--><\/div><style type=\"text\/css\">\r\n.lnbwl69ee7bfc8f3aa {\r\ntext-align: center;\nmargin-bottom: 1em;\r\n}\r\n@media screen and (min-width: 1201px) {\r\n.lnbwl69ee7bfc8f3aa {\r\ndisplay: block;\r\n}\r\n}\r\n@media screen and (min-width: 993px) and (max-width: 1200px) {\r\n.lnbwl69ee7bfc8f3aa {\r\ndisplay: block;\r\n}\r\n}\r\n@media screen and (min-width: 769px) and (max-width: 992px) {\r\n.lnbwl69ee7bfc8f3aa {\r\ndisplay: block;\r\n}\r\n}\r\n@media screen and (min-width: 768px) and (max-width: 768px) {\r\n.lnbwl69ee7bfc8f3aa {\r\ndisplay: none;\r\n}\r\n}\r\n@media screen and (max-width: 767px) {\r\n.lnbwl69ee7bfc8f3aa {\r\ndisplay: none;\r\n}\r\n}\r\n<\/style>\r\n\n\n\n\n<p>A decis\u00e3o foi un\u00e2nime.<\/p>\n\n\n\n<p><strong>Apela\u00e7\u00e3o n\u00ba 1006962-76.2023.8.26.0176<\/strong><\/p>\n\n\n\n<p><em>Com informa\u00e7\u00f5es do TJSP<\/em><\/p>\n","protected":false},"excerpt":{"rendered":"<p>Conte\u00fados como e-mails e fotos n\u00e3o integram automaticamente a heran\u00e7a e permanecem protegidos, mesmo ap\u00f3s a morte. <br \/><a class=\"more-link\" href=\"https:\/\/justicapotiguar.com.br\/index.php\/2026\/03\/30\/justica-nega-acesso-de-mae-a-perfil-de-filho-falecido-por-violacao-de-privacidade\/\">Mais&#8230;<\/a><\/p>\n","protected":false},"author":8,"featured_media":0,"comment_status":"open","ping_status":"open","sticky":false,"template":"","format":"standard","meta":[],"categories":[3],"tags":[],"_links":{"self":[{"href":"https:\/\/justicapotiguar.com.br\/index.php\/wp-json\/wp\/v2\/posts\/52748"}],"collection":[{"href":"https:\/\/justicapotiguar.com.br\/index.php\/wp-json\/wp\/v2\/posts"}],"about":[{"href":"https:\/\/justicapotiguar.com.br\/index.php\/wp-json\/wp\/v2\/types\/post"}],"author":[{"embeddable":true,"href":"https:\/\/justicapotiguar.com.br\/index.php\/wp-json\/wp\/v2\/users\/8"}],"replies":[{"embeddable":true,"href":"https:\/\/justicapotiguar.com.br\/index.php\/wp-json\/wp\/v2\/comments?post=52748"}],"version-history":[{"count":2,"href":"https:\/\/justicapotiguar.com.br\/index.php\/wp-json\/wp\/v2\/posts\/52748\/revisions"}],"predecessor-version":[{"id":52753,"href":"https:\/\/justicapotiguar.com.br\/index.php\/wp-json\/wp\/v2\/posts\/52748\/revisions\/52753"}],"wp:attachment":[{"href":"https:\/\/justicapotiguar.com.br\/index.php\/wp-json\/wp\/v2\/media?parent=52748"}],"wp:term":[{"taxonomy":"category","embeddable":true,"href":"https:\/\/justicapotiguar.com.br\/index.php\/wp-json\/wp\/v2\/categories?post=52748"},{"taxonomy":"post_tag","embeddable":true,"href":"https:\/\/justicapotiguar.com.br\/index.php\/wp-json\/wp\/v2\/tags?post=52748"}],"curies":[{"name":"wp","href":"https:\/\/api.w.org\/{rel}","templated":true}]}}