{"id":52741,"date":"2026-03-30T15:34:54","date_gmt":"2026-03-30T18:34:54","guid":{"rendered":"https:\/\/justicapotiguar.com.br\/?p=52741"},"modified":"2026-03-30T15:36:33","modified_gmt":"2026-03-30T18:36:33","slug":"justica-condena-homem-por-injuria-qualificada-contra-idosa-em-natal","status":"publish","type":"post","link":"https:\/\/justicapotiguar.com.br\/index.php\/2026\/03\/30\/justica-condena-homem-por-injuria-qualificada-contra-idosa-em-natal\/","title":{"rendered":"Justi\u00e7a do RN condena homem por inj\u00faria qualificada contra idosa de 69 anos em Natal"},"content":{"rendered":"\n<figure class=\"wp-block-image size-large\"><img loading=\"lazy\" width=\"1024\" height=\"719\" src=\"https:\/\/justicapotiguar.com.br\/wp-content\/uploads\/2026\/03\/idosa-1-1024x719.jpg\" alt=\"\" class=\"wp-image-52742\" srcset=\"https:\/\/justicapotiguar.com.br\/wp-content\/uploads\/2026\/03\/idosa-1-1024x719.jpg 1024w, https:\/\/justicapotiguar.com.br\/wp-content\/uploads\/2026\/03\/idosa-1-300x211.jpg 300w, https:\/\/justicapotiguar.com.br\/wp-content\/uploads\/2026\/03\/idosa-1-768x540.jpg 768w, https:\/\/justicapotiguar.com.br\/wp-content\/uploads\/2026\/03\/idosa-1-1536x1079.jpg 1536w, https:\/\/justicapotiguar.com.br\/wp-content\/uploads\/2026\/03\/idosa-1-2048x1439.jpg 2048w\" sizes=\"(max-width: 1024px) 100vw, 1024px\" \/><figcaption>Foto: Freepik<\/figcaption><\/figure>\n\n\n\n<p>A 5\u00aa Vara Criminal de Natal condenou um homem por inj\u00faria qualificada contra uma vizinha de 69 anos ap\u00f3s discuss\u00e3o envolvendo crian\u00e7as. Segundo a senten\u00e7a do juiz Guilherme Newton do Monte, o r\u00e9u a ofendeu com termos depreciativos relacionados \u00e0 idade.<\/p>\n\n\n\n<p>O caso ocorreu em janeiro do ano passado, no bairro Nossa Senhora da Apresenta\u00e7\u00e3o, ap\u00f3s a idosa pedir que o filho do acusado brincasse em outro local. O r\u00e9u negou as express\u00f5es espec\u00edficas, mas admitiu ter ofendido a v\u00edtima. Ela relatou ter sido chamada de \u201cvelha safada\u201d, vers\u00e3o confirmada por uma testemunha.<\/p><div class=\"yhbnk69ee7cc92182c\" ><!--<a href=\"https:\/\/bit.ly\/3QdrqTZ\" target=\"_blank\">\n<img src=\"https:\/\/justicapotiguar.com.br\/wp-content\/uploads\/2023\/09\/mobile-geral.gif\"\/><a\/>--><\/div><style type=\"text\/css\">\r\n.yhbnk69ee7cc92182c {\r\ntext-align: center;\r\n}\r\n@media screen and (min-width: 1201px) {\r\n.yhbnk69ee7cc92182c {\r\ndisplay: none;\r\n}\r\n}\r\n@media screen and (min-width: 993px) and (max-width: 1200px) {\r\n.yhbnk69ee7cc92182c {\r\ndisplay: none;\r\n}\r\n}\r\n@media screen and (min-width: 769px) and (max-width: 992px) {\r\n.yhbnk69ee7cc92182c {\r\ndisplay: none;\r\n}\r\n}\r\n@media screen and (min-width: 768px) and (max-width: 768px) {\r\n.yhbnk69ee7cc92182c {\r\ndisplay: block;\r\n}\r\n}\r\n@media screen and (max-width: 767px) {\r\n.yhbnk69ee7cc92182c {\r\ndisplay: block;\r\n}\r\n}\r\n<\/style>\r\n<div class=\"mlewv69ee7cc921818\" ><!--<a href=\"https:\/\/bit.ly\/3QdrqTZ\" target=\"_blank\">\n<img src=\"https:\/\/justicapotiguar.com.br\/wp-content\/uploads\/2023\/09\/desktop-geral.gif\"\/><a\/>--><\/div><style type=\"text\/css\">\r\n.mlewv69ee7cc921818 {\r\ntext-align: center;\nmargin-bottom: 1em;\r\n}\r\n@media screen and (min-width: 1201px) {\r\n.mlewv69ee7cc921818 {\r\ndisplay: block;\r\n}\r\n}\r\n@media screen and (min-width: 993px) and (max-width: 1200px) {\r\n.mlewv69ee7cc921818 {\r\ndisplay: block;\r\n}\r\n}\r\n@media screen and (min-width: 769px) and (max-width: 992px) {\r\n.mlewv69ee7cc921818 {\r\ndisplay: block;\r\n}\r\n}\r\n@media screen and (min-width: 768px) and (max-width: 768px) {\r\n.mlewv69ee7cc921818 {\r\ndisplay: none;\r\n}\r\n}\r\n@media screen and (max-width: 767px) {\r\n.mlewv69ee7cc921818 {\r\ndisplay: none;\r\n}\r\n}\r\n<\/style>\r\n\n\n\n\n<p>Testemunhas de defesa negaram as ofensas, mas o juiz considerou seus depoimentos com cautela por serem familiares do r\u00e9u. J\u00e1 os relatos da v\u00edtima e da testemunha foram considerados coerentes.<\/p>\n\n\n\n<p>O magistrado concluiu que houve ofensa \u00e0 dignidade com agravante de discrimina\u00e7\u00e3o por idade. A pena foi fixada em 1 ano de reclus\u00e3o e 10 dias-multa, em regime aberto, substitu\u00edda por pagamento de um sal\u00e1rio-m\u00ednimo a entidade p\u00fablica ou beneficente.<br><br><em>Com informa\u00e7\u00f5es do TJRN<\/em><\/p>\n","protected":false},"excerpt":{"rendered":"<p>O caso ocorreu em janeiro do ano passado, no bairro Nossa Senhora da Apresenta\u00e7\u00e3o, ap\u00f3s a idosa pedir que o filho do acusado brincasse em outro local. <br \/><a class=\"more-link\" href=\"https:\/\/justicapotiguar.com.br\/index.php\/2026\/03\/30\/justica-condena-homem-por-injuria-qualificada-contra-idosa-em-natal\/\">Mais&#8230;<\/a><\/p>\n","protected":false},"author":8,"featured_media":0,"comment_status":"open","ping_status":"open","sticky":false,"template":"","format":"standard","meta":[],"categories":[3],"tags":[],"_links":{"self":[{"href":"https:\/\/justicapotiguar.com.br\/index.php\/wp-json\/wp\/v2\/posts\/52741"}],"collection":[{"href":"https:\/\/justicapotiguar.com.br\/index.php\/wp-json\/wp\/v2\/posts"}],"about":[{"href":"https:\/\/justicapotiguar.com.br\/index.php\/wp-json\/wp\/v2\/types\/post"}],"author":[{"embeddable":true,"href":"https:\/\/justicapotiguar.com.br\/index.php\/wp-json\/wp\/v2\/users\/8"}],"replies":[{"embeddable":true,"href":"https:\/\/justicapotiguar.com.br\/index.php\/wp-json\/wp\/v2\/comments?post=52741"}],"version-history":[{"count":5,"href":"https:\/\/justicapotiguar.com.br\/index.php\/wp-json\/wp\/v2\/posts\/52741\/revisions"}],"predecessor-version":[{"id":52745,"href":"https:\/\/justicapotiguar.com.br\/index.php\/wp-json\/wp\/v2\/posts\/52741\/revisions\/52745"}],"wp:attachment":[{"href":"https:\/\/justicapotiguar.com.br\/index.php\/wp-json\/wp\/v2\/media?parent=52741"}],"wp:term":[{"taxonomy":"category","embeddable":true,"href":"https:\/\/justicapotiguar.com.br\/index.php\/wp-json\/wp\/v2\/categories?post=52741"},{"taxonomy":"post_tag","embeddable":true,"href":"https:\/\/justicapotiguar.com.br\/index.php\/wp-json\/wp\/v2\/tags?post=52741"}],"curies":[{"name":"wp","href":"https:\/\/api.w.org\/{rel}","templated":true}]}}