{"id":52736,"date":"2026-03-30T14:46:31","date_gmt":"2026-03-30T17:46:31","guid":{"rendered":"https:\/\/justicapotiguar.com.br\/?p=52736"},"modified":"2026-03-30T15:07:47","modified_gmt":"2026-03-30T18:07:47","slug":"repetitivo-vai-definir-se-medico-residente-pode-pedir-prorrogacao-de-carencia-do-fies","status":"publish","type":"post","link":"https:\/\/justicapotiguar.com.br\/index.php\/2026\/03\/30\/repetitivo-vai-definir-se-medico-residente-pode-pedir-prorrogacao-de-carencia-do-fies\/","title":{"rendered":"Repetitivo vai definir se m\u00e9dico residente pode pedir prorroga\u00e7\u00e3o de car\u00eancia do Fies"},"content":{"rendered":"\n<figure class=\"wp-block-image size-large\"><img loading=\"lazy\" width=\"1024\" height=\"683\" src=\"https:\/\/justicapotiguar.com.br\/wp-content\/uploads\/2026\/03\/medico-1-1024x683.jpg\" alt=\"\" class=\"wp-image-52738\" srcset=\"https:\/\/justicapotiguar.com.br\/wp-content\/uploads\/2026\/03\/medico-1-1024x683.jpg 1024w, https:\/\/justicapotiguar.com.br\/wp-content\/uploads\/2026\/03\/medico-1-300x200.jpg 300w, https:\/\/justicapotiguar.com.br\/wp-content\/uploads\/2026\/03\/medico-1-768x512.jpg 768w, https:\/\/justicapotiguar.com.br\/wp-content\/uploads\/2026\/03\/medico-1-1536x1024.jpg 1536w, https:\/\/justicapotiguar.com.br\/wp-content\/uploads\/2026\/03\/medico-1-2048x1366.jpg 2048w\" sizes=\"(max-width: 1024px) 100vw, 1024px\" \/><figcaption>Foto: Freepik<\/figcaption><\/figure>\n\n\n\n<p>A 1\u00aa se\u00e7\u00e3o do STJ afetou recursos especiais sob o rito dos repetitivos para definir se m\u00e9dicos residentes podem obter a prorroga\u00e7\u00e3o da car\u00eancia do Fies mesmo ap\u00f3s o in\u00edcio da fase de amortiza\u00e7\u00e3o.<\/p>\n\n\n\n<p>A quest\u00e3o, cadastrada como Tema 1.417, consiste em saber se \u00e9 poss\u00edvel estender a car\u00eancia do contrato de financiamento estudantil durante a resid\u00eancia m\u00e9dica quando o pedido \u00e9 apresentado ap\u00f3s o in\u00edcio do pagamento das parcelas.<\/p>\n\n\n\n<p>Nos recursos analisados, a Uni\u00e3o e o FNDE &#8211; Fundo Nacional de Desenvolvimento da Educa\u00e7\u00e3o sustentaram que a legisla\u00e7\u00e3o do Fies, especialmente o art. 6\u00ba-B, \u00a7 3\u00ba, da lei 10.260\/01, condiciona a prorroga\u00e7\u00e3o da car\u00eancia \u00e0 formula\u00e7\u00e3o do pedido ainda durante o per\u00edodo regular.<\/p>\n\n\n\n<p>Segundo as entidades, a extens\u00e3o n\u00e3o seria poss\u00edvel quando o contrato j\u00e1 estiver na fase de amortiza\u00e7\u00e3o, entendimento que tamb\u00e9m \u00e9 refor\u00e7ado pela portaria MEC 7\/13.<\/p>\n\n\n\n<p>No caso concreto que originou a controv\u00e9rsia, o pedido administrativo de um m\u00e9dico residente foi negado justamente por ter sido apresentado ap\u00f3s o in\u00edcio do pagamento do financiamento.<\/p><div class=\"bjhrd69ee7bc43b975\" ><!--<a href=\"https:\/\/bit.ly\/3QdrqTZ\" target=\"_blank\">\n<img src=\"https:\/\/justicapotiguar.com.br\/wp-content\/uploads\/2023\/09\/mobile-geral.gif\"\/><a\/>--><\/div><style type=\"text\/css\">\r\n.bjhrd69ee7bc43b975 {\r\ntext-align: center;\r\n}\r\n@media screen and (min-width: 1201px) {\r\n.bjhrd69ee7bc43b975 {\r\ndisplay: none;\r\n}\r\n}\r\n@media screen and (min-width: 993px) and (max-width: 1200px) {\r\n.bjhrd69ee7bc43b975 {\r\ndisplay: none;\r\n}\r\n}\r\n@media screen and (min-width: 769px) and (max-width: 992px) {\r\n.bjhrd69ee7bc43b975 {\r\ndisplay: none;\r\n}\r\n}\r\n@media screen and (min-width: 768px) and (max-width: 768px) {\r\n.bjhrd69ee7bc43b975 {\r\ndisplay: block;\r\n}\r\n}\r\n@media screen and (max-width: 767px) {\r\n.bjhrd69ee7bc43b975 {\r\ndisplay: block;\r\n}\r\n}\r\n<\/style>\r\n<div class=\"ulthy69ee7bc43b961\" ><!--<a href=\"https:\/\/bit.ly\/3QdrqTZ\" target=\"_blank\">\n<img src=\"https:\/\/justicapotiguar.com.br\/wp-content\/uploads\/2023\/09\/desktop-geral.gif\"\/><a\/>--><\/div><style type=\"text\/css\">\r\n.ulthy69ee7bc43b961 {\r\ntext-align: center;\nmargin-bottom: 1em;\r\n}\r\n@media screen and (min-width: 1201px) {\r\n.ulthy69ee7bc43b961 {\r\ndisplay: block;\r\n}\r\n}\r\n@media screen and (min-width: 993px) and (max-width: 1200px) {\r\n.ulthy69ee7bc43b961 {\r\ndisplay: block;\r\n}\r\n}\r\n@media screen and (min-width: 769px) and (max-width: 992px) {\r\n.ulthy69ee7bc43b961 {\r\ndisplay: block;\r\n}\r\n}\r\n@media screen and (min-width: 768px) and (max-width: 768px) {\r\n.ulthy69ee7bc43b961 {\r\ndisplay: none;\r\n}\r\n}\r\n@media screen and (max-width: 767px) {\r\n.ulthy69ee7bc43b961 {\r\ndisplay: none;\r\n}\r\n}\r\n<\/style>\r\n\n\n\n\n<p>Ao propor a afeta\u00e7\u00e3o, o relator, ministro Paulo S\u00e9rgio Domingues, destacou que a controv\u00e9rsia possui car\u00e1ter repetitivo e j\u00e1 gerou diverg\u00eancia entre decis\u00f5es das turmas do STJ.<\/p>\n\n\n\n<p>Conforme apontou, foram identificados oito ac\u00f3rd\u00e3os e 591 decis\u00f5es monocr\u00e1ticas sobre o tema, evidenciando a necessidade de uniformiza\u00e7\u00e3o da jurisprud\u00eancia em car\u00e1ter vinculante.<\/p>\n\n\n\n<p>Nesse contexto, ressaltou que a discuss\u00e3o apresenta impacto amplo. Segundo o ministro, trata-se de controv\u00e9rsia com relev\u00e2ncia jur\u00eddica e social, pois envolve tanto estudantes financiados quanto o FNDE, com reflexos financeiros significativos.<\/p>\n\n\n\n<p><em>Foto: Migalhas<\/em><\/p>\n","protected":false},"excerpt":{"rendered":"<p>No caso concreto que originou a controv\u00e9rsia, o pedido administrativo de um m\u00e9dico residente foi negado justamente por ter sido apresentado ap\u00f3s o in\u00edcio do pagamento do financiamento.<br \/><a class=\"more-link\" href=\"https:\/\/justicapotiguar.com.br\/index.php\/2026\/03\/30\/repetitivo-vai-definir-se-medico-residente-pode-pedir-prorrogacao-de-carencia-do-fies\/\">Mais&#8230;<\/a><\/p>\n","protected":false},"author":8,"featured_media":0,"comment_status":"open","ping_status":"open","sticky":false,"template":"","format":"standard","meta":[],"categories":[3],"tags":[],"_links":{"self":[{"href":"https:\/\/justicapotiguar.com.br\/index.php\/wp-json\/wp\/v2\/posts\/52736"}],"collection":[{"href":"https:\/\/justicapotiguar.com.br\/index.php\/wp-json\/wp\/v2\/posts"}],"about":[{"href":"https:\/\/justicapotiguar.com.br\/index.php\/wp-json\/wp\/v2\/types\/post"}],"author":[{"embeddable":true,"href":"https:\/\/justicapotiguar.com.br\/index.php\/wp-json\/wp\/v2\/users\/8"}],"replies":[{"embeddable":true,"href":"https:\/\/justicapotiguar.com.br\/index.php\/wp-json\/wp\/v2\/comments?post=52736"}],"version-history":[{"count":3,"href":"https:\/\/justicapotiguar.com.br\/index.php\/wp-json\/wp\/v2\/posts\/52736\/revisions"}],"predecessor-version":[{"id":52740,"href":"https:\/\/justicapotiguar.com.br\/index.php\/wp-json\/wp\/v2\/posts\/52736\/revisions\/52740"}],"wp:attachment":[{"href":"https:\/\/justicapotiguar.com.br\/index.php\/wp-json\/wp\/v2\/media?parent=52736"}],"wp:term":[{"taxonomy":"category","embeddable":true,"href":"https:\/\/justicapotiguar.com.br\/index.php\/wp-json\/wp\/v2\/categories?post=52736"},{"taxonomy":"post_tag","embeddable":true,"href":"https:\/\/justicapotiguar.com.br\/index.php\/wp-json\/wp\/v2\/tags?post=52736"}],"curies":[{"name":"wp","href":"https:\/\/api.w.org\/{rel}","templated":true}]}}