{"id":52718,"date":"2026-03-29T16:32:20","date_gmt":"2026-03-29T19:32:20","guid":{"rendered":"https:\/\/justicapotiguar.com.br\/?p=52718"},"modified":"2026-03-29T16:32:20","modified_gmt":"2026-03-29T19:32:20","slug":"quase-80-dos-profissionais-do-direito-usam-ia-com-frequencia-aponta-levantamento","status":"publish","type":"post","link":"https:\/\/justicapotiguar.com.br\/index.php\/2026\/03\/29\/quase-80-dos-profissionais-do-direito-usam-ia-com-frequencia-aponta-levantamento\/","title":{"rendered":"Quase 80% dos profissionais do direito usam IA com frequ\u00eancia, aponta levantamento"},"content":{"rendered":"\n<figure class=\"wp-block-image size-large\"><img loading=\"lazy\" width=\"2560\" height=\"2556\" src=\"https:\/\/justicapotiguar.com.br\/wp-content\/uploads\/2026\/03\/pensive-businessman-working-office-reading-email-laptop-edited-scaled.jpg\" alt=\"\" class=\"wp-image-52720\" srcset=\"https:\/\/justicapotiguar.com.br\/wp-content\/uploads\/2026\/03\/pensive-businessman-working-office-reading-email-laptop-edited-scaled.jpg 2560w, https:\/\/justicapotiguar.com.br\/wp-content\/uploads\/2026\/03\/pensive-businessman-working-office-reading-email-laptop-edited-300x300.jpg 300w, https:\/\/justicapotiguar.com.br\/wp-content\/uploads\/2026\/03\/pensive-businessman-working-office-reading-email-laptop-edited-1024x1022.jpg 1024w, https:\/\/justicapotiguar.com.br\/wp-content\/uploads\/2026\/03\/pensive-businessman-working-office-reading-email-laptop-edited-150x150.jpg 150w, https:\/\/justicapotiguar.com.br\/wp-content\/uploads\/2026\/03\/pensive-businessman-working-office-reading-email-laptop-edited-768x767.jpg 768w, https:\/\/justicapotiguar.com.br\/wp-content\/uploads\/2026\/03\/pensive-businessman-working-office-reading-email-laptop-edited-1536x1534.jpg 1536w, https:\/\/justicapotiguar.com.br\/wp-content\/uploads\/2026\/03\/pensive-businessman-working-office-reading-email-laptop-edited-2048x2045.jpg 2048w\" sizes=\"(max-width: 2560px) 100vw, 2560px\" \/><\/figure>\n\n\n\n<p>A parcela de profissionais do direito que usam di\u00e1ria ou semanalmente ferramentas com intelig\u00eancia artificial generativa cresceu de 55% para 76% entre 2025 e 2026. \u00c9 o que aponta um levantamento feito pelo Jusbrasil, Trybe e ITS Rio em parceria com seccionais da OAB (Ordem dos Advogados do Brasil) de S\u00e3o Paulo, Paran\u00e1, Bahia, Goi\u00e1s, Pernambuco e Esp\u00edrito Santo.<\/p>\n\n\n\n<p>Foram ouvidos mais de 1.800 estudantes, advogados e outros profissionais da \u00e1rea por meio de um formul\u00e1rio distribu\u00eddo em canais digitais das seccionais e das outras institui\u00e7\u00f5es. O n\u00edvel de confian\u00e7a \u00e9 de 95%, com margem de erro de dois pontos percentuais, segundo o estudo.<\/p>\n\n\n\n<p>Para 76% dos profissionais, a reda\u00e7\u00e3o de pe\u00e7as processuais foi o principal trabalho desenvolvido com ferramentas de IA generativa. Pesquisa jur\u00eddica (59%), reda\u00e7\u00e3o de pareceres e memorandos (58%) e an\u00e1lise e revis\u00e3o de contratos (56%) aparecem em seguida. As respostas para essa quest\u00e3o eram de m\u00faltipla escolha e, por isso, somam mais de 100%.<\/p>\n\n\n\n<p>As principais \u00e1reas de atua\u00e7\u00e3o dos profissionais que responderam s\u00e3o o direito civil e processo civil (24%), direito do trabalho e previdenci\u00e1rio (17%) e direito da fam\u00edlia e sucess\u00f5es (11%).<\/p><div class=\"mphft69ee793411094\" ><!--<a href=\"https:\/\/bit.ly\/3QdrqTZ\" target=\"_blank\">\n<img src=\"https:\/\/justicapotiguar.com.br\/wp-content\/uploads\/2023\/09\/mobile-geral.gif\"\/><a\/>--><\/div><style type=\"text\/css\">\r\n.mphft69ee793411094 {\r\ntext-align: center;\r\n}\r\n@media screen and (min-width: 1201px) {\r\n.mphft69ee793411094 {\r\ndisplay: none;\r\n}\r\n}\r\n@media screen and (min-width: 993px) and (max-width: 1200px) {\r\n.mphft69ee793411094 {\r\ndisplay: none;\r\n}\r\n}\r\n@media screen and (min-width: 769px) and (max-width: 992px) {\r\n.mphft69ee793411094 {\r\ndisplay: none;\r\n}\r\n}\r\n@media screen and (min-width: 768px) and (max-width: 768px) {\r\n.mphft69ee793411094 {\r\ndisplay: block;\r\n}\r\n}\r\n@media screen and (max-width: 767px) {\r\n.mphft69ee793411094 {\r\ndisplay: block;\r\n}\r\n}\r\n<\/style>\r\n<div class=\"grips69ee793411072\" ><!--<a href=\"https:\/\/bit.ly\/3QdrqTZ\" target=\"_blank\">\n<img src=\"https:\/\/justicapotiguar.com.br\/wp-content\/uploads\/2023\/09\/desktop-geral.gif\"\/><a\/>--><\/div><style type=\"text\/css\">\r\n.grips69ee793411072 {\r\ntext-align: center;\nmargin-bottom: 1em;\r\n}\r\n@media screen and (min-width: 1201px) {\r\n.grips69ee793411072 {\r\ndisplay: block;\r\n}\r\n}\r\n@media screen and (min-width: 993px) and (max-width: 1200px) {\r\n.grips69ee793411072 {\r\ndisplay: block;\r\n}\r\n}\r\n@media screen and (min-width: 769px) and (max-width: 992px) {\r\n.grips69ee793411072 {\r\ndisplay: block;\r\n}\r\n}\r\n@media screen and (min-width: 768px) and (max-width: 768px) {\r\n.grips69ee793411072 {\r\ndisplay: none;\r\n}\r\n}\r\n@media screen and (max-width: 767px) {\r\n.grips69ee793411072 {\r\ndisplay: none;\r\n}\r\n}\r\n<\/style>\r\n\n\n\n\n<p>Foram ouvidos, ainda, profisisonais das \u00e1reas de atua\u00e7\u00e3o geral ou full service (8%), direito administrativo e gest\u00e3o p\u00fablica (7%), direito penal e processual penal (6%), direito empresarial, societ\u00e1rio e fus\u00f5es e aquisi\u00e7\u00f5es (5%), direito do consumidor (4%), direito imobili\u00e1rio (4%), direito tribut\u00e1rio (3%) e direito digital (3%), entre outras.<\/p>\n\n\n\n<p>O levantamento tamb\u00e9m analisou os impactos do uso das ferramentas nas horas de trabalho e no bem-estar dos profissionais.<\/p>\n\n\n\n<p>A economia de tempo \u00e9 citada por 84% dos participantes, e 37% relatam ter poupado mais de quatro dias de trabalho por m\u00eas. A melhora t\u00e9cnica no trabalho desempenhado \u00e9 mencionada por 91%, enquanto 75% dizem que o uso das ferramentas melhorou o bem-estar profissional.<\/p>\n\n\n\n<p><em>Folha de S.Paulo<\/em><\/p>\n","protected":false},"excerpt":{"rendered":"<p>Para 76% dos profissionais, a reda\u00e7\u00e3o de pe\u00e7as processuais foi o principal trabalho desenvolvido com ferramentas de IA generativa. <br \/><a class=\"more-link\" href=\"https:\/\/justicapotiguar.com.br\/index.php\/2026\/03\/29\/quase-80-dos-profissionais-do-direito-usam-ia-com-frequencia-aponta-levantamento\/\">Mais&#8230;<\/a><\/p>\n","protected":false},"author":8,"featured_media":0,"comment_status":"open","ping_status":"open","sticky":false,"template":"","format":"standard","meta":[],"categories":[3],"tags":[],"_links":{"self":[{"href":"https:\/\/justicapotiguar.com.br\/index.php\/wp-json\/wp\/v2\/posts\/52718"}],"collection":[{"href":"https:\/\/justicapotiguar.com.br\/index.php\/wp-json\/wp\/v2\/posts"}],"about":[{"href":"https:\/\/justicapotiguar.com.br\/index.php\/wp-json\/wp\/v2\/types\/post"}],"author":[{"embeddable":true,"href":"https:\/\/justicapotiguar.com.br\/index.php\/wp-json\/wp\/v2\/users\/8"}],"replies":[{"embeddable":true,"href":"https:\/\/justicapotiguar.com.br\/index.php\/wp-json\/wp\/v2\/comments?post=52718"}],"version-history":[{"count":3,"href":"https:\/\/justicapotiguar.com.br\/index.php\/wp-json\/wp\/v2\/posts\/52718\/revisions"}],"predecessor-version":[{"id":52723,"href":"https:\/\/justicapotiguar.com.br\/index.php\/wp-json\/wp\/v2\/posts\/52718\/revisions\/52723"}],"wp:attachment":[{"href":"https:\/\/justicapotiguar.com.br\/index.php\/wp-json\/wp\/v2\/media?parent=52718"}],"wp:term":[{"taxonomy":"category","embeddable":true,"href":"https:\/\/justicapotiguar.com.br\/index.php\/wp-json\/wp\/v2\/categories?post=52718"},{"taxonomy":"post_tag","embeddable":true,"href":"https:\/\/justicapotiguar.com.br\/index.php\/wp-json\/wp\/v2\/tags?post=52718"}],"curies":[{"name":"wp","href":"https:\/\/api.w.org\/{rel}","templated":true}]}}